{"id":518749,"date":"2025-11-07T17:49:11","date_gmt":"2025-11-07T17:49:11","guid":{"rendered":"https:\/\/www.europesays.com\/fr\/518749\/"},"modified":"2025-11-07T17:49:11","modified_gmt":"2025-11-07T17:49:11","slug":"alexander-levy-boucle-la-premiere-journee-des-pq3-en-espagne-a-la-13e-place-lequipe","status":"publish","type":"post","link":"https:\/\/www.europesays.com\/fr\/518749\/","title":{"rendered":"Alexander Levy boucle la premi\u00e8re journ\u00e9e des PQ3 en Espagne \u00e0 la 13e place &#8211; L&#039;\u00c9quipe"},"content":{"rendered":"<ol>\n<li><a href=\"https:\/\/news.google.com\/rss\/articles\/CBMivwFBVV95cUxNTFV4bEg3d1hXRXY2bUczTmZIREd6VkdwcTJBS2owaVRseGxjU3ZRd1g2aFBucjJOVEZHOUZiZHU2QW5CVldlekN1UkN2blBsdkdGdUQ5V1ltclZzd2pVRkpUem9hWEprV1NacHpodVViWkFPa3VCWm5GSkxndUhxNnl2Q09YU2U5N1BmcTg2dzF5WENSeXQ0NVpHODNzaVl0Rm11VW00aXlQSjRLOWhTUjVveDgzSjcwejlJUW5yNA?oc=5\" target=\"_blank\" rel=\"nofollow noopener\">Alexander Levy boucle la premi\u00e8re journ\u00e9e des PQ3 en Espagne \u00e0 la 13e place<\/a>&nbsp;&nbsp;L&rsquo;\u00c9quipe<\/li>\n<li><a href=\"https:\/\/news.google.com\/rss\/articles\/CBMiiAJBVV95cUxNUFFrLVlmc042elNsWFhRSWlQUWFnSENybjVmRVFPMFN6U25Qa2lyazBLbDg1bHpyeEZQVDlxZWdyOHIyMUhQQUVhc2tGUW9HWlJPRzNEeFRZVTBCYXhJM041X1lyeGdpaWRIV2t5LVVUOVhiaE5SX1BhVVZ4bFl0WE03VUItcWRwRlRXUk9BWk9DdXFKUy1BdFNXS19RYUk3Rm5zbGRDUUNnVVNiakZ2VkJ4SkN5RFAySEw1MmotdUVtMTZTMVlQRGJfVmdLX2hHazJJeWNHdEkwLXBDcDdOUy13MXVDYlRRend5MjdSZzlRVGlrRktiNU9KWDhVYko3cEw0RDJwY2s?oc=5\" target=\"_blank\" rel=\"nofollow noopener\">Golf. Q-School Final DPW Tour: McKinney \u00e0 -9, seul Alexander Levy est actuellement dans les clous<\/a>&nbsp;&nbsp;Ouest-France<\/li>\n<li><a href=\"https:\/\/news.google.com\/rss\/articles\/CBMisgFBVV95cUxPdkY3al9zeXZ5TjBBUmo1aDhQOWFOeTVvaC1JSGNuNnczRmt4Z0dhM1c3OUtHWWowSktlT0VjZkxHUm5LQkd5WEpXUWJYekRON2hEZ09wZFJHQ1NxSWdEM3p1NzZJdjNzMzVqeUxDY2ozbk9QX3hzSVA5NGR2azFhVVQwSF9lMEl1UXN4X2xxdDJhektocWkxYTEzNW9OclQwNXg1S1VSR2RpX1otNFpHbHZB?oc=5\" target=\"_blank\" rel=\"nofollow noopener\">Cartes europ\u00e9ennes : Les enjeux pour les 11 Bleus en lice<\/a>&nbsp;&nbsp;F\u00e9d\u00e9ration fran\u00e7aise de golf (ffgolf)<\/li>\n<li><a href=\"https:\/\/news.google.com\/rss\/articles\/CBMi9wFBVV95cUxObGhST3hzNDJOZUZVTkxQajBpVUg2cFk5VjY3VmpVYWNjUUZSMUxndVpXUGtqbVVmOG9TWlI3cVB5clVmM1QzV0lueWVoWXVCeS1ONXBIcWVtMzVCU1ltOWo5SEN1aWpfeUR5QzlpUFFoRnR6UVhacVZnVGU2MlRaa2hnZmJIX20yZjlhS1hXdk5WUHBKUDhMWEtpZE1uRlozdFZqXzRwaFN4TnZQVTFJc2x6VUNOZC00amVfU2h6RV81aHVaWW5zQUp4Sjd0RXlqWjA1ZFJ4NXNzZlRPa1JRSGJjZk5sUFpfdnU1ekhMSmZEaXF4cEFz?oc=5\" target=\"_blank\" rel=\"nofollow noopener\">Cinq Fran\u00e7ais provisoirement qualifi\u00e9s \u00e0 l&rsquo;aube du sprint final des PQ2 des cartes europ\u00e9ennes<\/a>&nbsp;&nbsp;MSN<\/li>\n<li><a href=\"https:\/\/news.google.com\/rss\/articles\/CBMi1wFBVV95cUxPRUZUM0FTOVVXTjhuZDIzbkVDaVBDQm9mdU11Vlh0TlNZTkFqdmxzTDZ4UDVGTVVBM2FNb1hnSXFVMF8teHI2Rkk3MEY2ekNYZHpESkUta2hhblR2RDRaY0VqZUZabnNDd1l2ZTVQY1lqXzI0cXhGaVF5dWdCWG9PVTYycGRQbjI5RVhZQk03QW0yS1JmLUphUVVLQWNiUXJlRDg1Z3FrVTdqckgta0x0ajFBdXEyamZEZ0JxYWhSOUhpUDNpZzJQOUtEdzhEUEVHRkY3MTIxSQ?oc=5\" target=\"_blank\" rel=\"nofollow noopener\">S\u2019extirper des PQ3, c\u2019est d\u00e9j\u00e0 compliqu\u00e9. Se maintenir ensuite sur le DP World Tour, c\u2019est encore plus dur<\/a>&nbsp;&nbsp;Golf Plan\u00e8te<\/li>\n<\/ol>\n","protected":false},"excerpt":{"rendered":"Alexander Levy boucle la premi\u00e8re journ\u00e9e des PQ3 en Espagne \u00e0 la 13e place&nbsp;&nbsp;L&rsquo;\u00c9quipe Golf. Q-School Final DPW&hellip;\n","protected":false},"author":2,"featured_media":518750,"comment_status":"","ping_status":"","sticky":false,"template":"","format":"standard","meta":{"footnotes":""},"categories":[1418],"tags":[1011,27,1472,60],"class_list":{"0":"post-518749","1":"post","2":"type-post","3":"status-publish","4":"format-standard","5":"has-post-thumbnail","7":"category-golf","8":"tag-fr","9":"tag-france","10":"tag-golf","11":"tag-sports"},"share_on_mastodon":{"url":"https:\/\/pubeurope.com\/@fr\/115509681360157243","error":""},"_links":{"self":[{"href":"https:\/\/www.europesays.com\/fr\/wp-json\/wp\/v2\/posts\/518749","targetHints":{"allow":["GET"]}}],"collection":[{"href":"https:\/\/www.europesays.com\/fr\/wp-json\/wp\/v2\/posts"}],"about":[{"href":"https:\/\/www.europesays.com\/fr\/wp-json\/wp\/v2\/types\/post"}],"author":[{"embeddable":true,"href":"https:\/\/www.europesays.com\/fr\/wp-json\/wp\/v2\/users\/2"}],"replies":[{"embeddable":true,"href":"https:\/\/www.europesays.com\/fr\/wp-json\/wp\/v2\/comments?post=518749"}],"version-history":[{"count":0,"href":"https:\/\/www.europesays.com\/fr\/wp-json\/wp\/v2\/posts\/518749\/revisions"}],"wp:featuredmedia":[{"embeddable":true,"href":"https:\/\/www.europesays.com\/fr\/wp-json\/wp\/v2\/media\/518750"}],"wp:attachment":[{"href":"https:\/\/www.europesays.com\/fr\/wp-json\/wp\/v2\/media?parent=518749"}],"wp:term":[{"taxonomy":"category","embeddable":true,"href":"https:\/\/www.europesays.com\/fr\/wp-json\/wp\/v2\/categories?post=518749"},{"taxonomy":"post_tag","embeddable":true,"href":"https:\/\/www.europesays.com\/fr\/wp-json\/wp\/v2\/tags?post=518749"}],"curies":[{"name":"wp","href":"https:\/\/api.w.org\/{rel}","templated":true}]}}