{"id":51875,"date":"2025-04-25T13:43:09","date_gmt":"2025-04-25T13:43:09","guid":{"rendered":"https:\/\/www.europesays.com\/fr\/51875\/"},"modified":"2025-04-25T13:43:09","modified_gmt":"2025-04-25T13:43:09","slug":"icionagit-nancy-misons-sur-la-sobriete-insiste-etienne-koszul-directeur-general-datmo-grand-est","status":"publish","type":"post","link":"https:\/\/www.europesays.com\/fr\/51875\/","title":{"rendered":"#IciOnAgit ! Nancy. \u00ab\u00a0Misons sur la sobri\u00e9t\u00e9\u00a0\u00bb insiste Etienne Koszul, directeur g\u00e9n\u00e9ral d\u2019Atmo Grand Est"},"content":{"rendered":"<p>Bien s\u00fbr on a envie de savoir si cela va mieux, ou moins bien. Si \u00e0 force d\u2019entendre parler strat\u00e9gie bas carbone, on a fini par faire des efforts. \u00ab Cela va un peu mieux assure Etienne Koszul mais il reste une \u00e9norme marche \u00e0 franchir comme nous l\u2019avons entendu \u00e0 la pl\u00e9ni\u00e8re de ce matin \u00bb.<\/p>\n<p>Les politiques de d\u00e9carbonation ne datent pourtant pas d\u2019hier. Elles existent depuis 20 ans. \u00ab La r\u00e9gion n\u2019est pas plus ou moins concern\u00e9e que les autres. Il y a chez nous, en Grand Est une tendance \u00e0 la baisse des \u00e9missions de C02 mais il faut avancer encore et pour cela il faut mobiliser plusieurs leviers.<\/p>\n<p>Pour \u00e9mettre moins deC02, on peut, comme pour la qualit\u00e9 de l\u2019air, parler de gestes simples. Le principal levier, c\u2019est la sobri\u00e9t\u00e9, l\u2019\u00e9conomie d\u2019\u00e9nergie. Produire moins de C02 c\u2019est mieux g\u00e9rer ses transports, son chauffage, g\u00e9rer sa consommation \u00e9lectrique.<\/p>\n","protected":false},"excerpt":{"rendered":"Bien s\u00fbr on a envie de savoir si cela va mieux, ou moins bien. Si \u00e0 force d\u2019entendre&hellip;\n","protected":false},"author":2,"featured_media":51876,"comment_status":"","ping_status":"","sticky":false,"template":"","format":"standard","meta":{"footnotes":""},"categories":[9635],"tags":[1111,11,1704,436,1777,674,1011,27,775,9588,3457,1702,12,3456,25],"class_list":{"0":"post-51875","1":"post","2":"type-post","3":"status-publish","4":"format-standard","5":"has-post-thumbnail","7":"category-nancy","8":"tag-actu","9":"tag-actualites","10":"tag-edition-nancy-et-agglomeration","11":"tag-environnement","12":"tag-eu","13":"tag-europe","14":"tag-fr","15":"tag-france","16":"tag-grand-est","17":"tag-ici-on-agit","18":"tag-meurthe-et-moselle","19":"tag-nancy","20":"tag-news","21":"tag-region-lorraine","22":"tag-republique-francaise"},"share_on_mastodon":{"url":"https:\/\/pubeurope.com\/@fr\/114398901257226146","error":""},"_links":{"self":[{"href":"https:\/\/www.europesays.com\/fr\/wp-json\/wp\/v2\/posts\/51875","targetHints":{"allow":["GET"]}}],"collection":[{"href":"https:\/\/www.europesays.com\/fr\/wp-json\/wp\/v2\/posts"}],"about":[{"href":"https:\/\/www.europesays.com\/fr\/wp-json\/wp\/v2\/types\/post"}],"author":[{"embeddable":true,"href":"https:\/\/www.europesays.com\/fr\/wp-json\/wp\/v2\/users\/2"}],"replies":[{"embeddable":true,"href":"https:\/\/www.europesays.com\/fr\/wp-json\/wp\/v2\/comments?post=51875"}],"version-history":[{"count":0,"href":"https:\/\/www.europesays.com\/fr\/wp-json\/wp\/v2\/posts\/51875\/revisions"}],"wp:featuredmedia":[{"embeddable":true,"href":"https:\/\/www.europesays.com\/fr\/wp-json\/wp\/v2\/media\/51876"}],"wp:attachment":[{"href":"https:\/\/www.europesays.com\/fr\/wp-json\/wp\/v2\/media?parent=51875"}],"wp:term":[{"taxonomy":"category","embeddable":true,"href":"https:\/\/www.europesays.com\/fr\/wp-json\/wp\/v2\/categories?post=51875"},{"taxonomy":"post_tag","embeddable":true,"href":"https:\/\/www.europesays.com\/fr\/wp-json\/wp\/v2\/tags?post=51875"}],"curies":[{"name":"wp","href":"https:\/\/api.w.org\/{rel}","templated":true}]}}