{"id":518753,"date":"2025-11-07T17:52:11","date_gmt":"2025-11-07T17:52:11","guid":{"rendered":"https:\/\/www.europesays.com\/fr\/518753\/"},"modified":"2025-11-07T17:52:11","modified_gmt":"2025-11-07T17:52:11","slug":"vitaliy-sachko-learner-tien-atp-250-metz-demi-finales-vendredi-07-novembre-2025-lequipe","status":"publish","type":"post","link":"https:\/\/www.europesays.com\/fr\/518753\/","title":{"rendered":"Vitaliy Sachko &#8211; Learner Tien, ATP 250, Metz, Demi-finales, Vendredi 07 novembre 2025 &#8211; L&#039;\u00c9quipe"},"content":{"rendered":"<ol>\n<li><a href=\"https:\/\/news.google.com\/rss\/articles\/CBMiwAFBVV95cUxOQzNVN282X1hQM3Q0c2xuTnhMR1ZKT0pYNGFoODBHN0ZhSTNxVVJEWjNPZ292X3FzeURTbWlVemFRblJTTlB2WDBENGdQWTNuXzN0RWdNRWp4VWpkc3gtZ1lYSXdJUnVGcTNzM2JXOWFpUzBuYkY0dktuX0xxYUFteFU4dkhfZWFrX1VJc3B1ZTlyZEQ4aDY2bURQblotQVdCWERFMm9aQTQtTFZTRDhpZHBmeVVUTnF6ajlzZDVDUnY?oc=5\" target=\"_blank\" rel=\"nofollow noopener\">Vitaliy Sachko &#8211; Learner Tien, ATP 250, Metz, Demi-finales, Vendredi 07 novembre 2025<\/a>&nbsp;&nbsp;L&rsquo;\u00c9quipe<\/li>\n<li><a href=\"https:\/\/news.google.com\/rss\/articles\/CBMi3AFBVV95cUxOeERSb0FPeVdENVNtUkVsQmVoWFA4ZHNDT3JkLTZGZlBmSmJJbjNzWTBJUzdNb3dFVUp5QmNzMTB1RWcyNE0tZkhINWhXelBjaERTREQwNDBNWWZxa2dsWFBwdWI3MUZUSk42Qk5aSjB1aGxja2RWdmsyc0VzdVI3NzQzVFBKUkE0Nmx5d3cxV1hRb3FoRFY5NXBNUzFYaTI1bE50eENLTzM1MjFvNHdsb1hPQ1hRdUs0Z29kNTVIN1dIVThiUjNoeExKcjIxS0Y0alEzSi04ZW9icjY2?oc=5\" target=\"_blank\" rel=\"nofollow noopener\">Metz pourrait accueillir un nouveau tournoi du circuit ATP, apr\u00e8s la disparition du Moselle Open<\/a>&nbsp;&nbsp;L&rsquo;\u00c9quipe<\/li>\n<li><a href=\"https:\/\/news.google.com\/rss\/articles\/CBMiugFBVV95cUxQbGx5Z19EVHg2Q1llQXhhYUhacGlTSXZLcnh5ckZsSlozX09HRXlTNXc3MlpQcm9VUDNHNTJfMDQwWDVfXzFhN1dNRUU3aGNaTXFyeTdkaGZ1aUtTbXFEclU3V2JVVjBHdE8zTmh3LV9JUXIzOTdKQUlJc25aY2hPT3VWcU8yUnpyWmlObWZUOFhUYjNZTU0ybWhFdE1rWEtjbDhUYWNpSFRiWkUycFVWQmRhdm9UMm1Jd3c?oc=5\" target=\"_blank\" rel=\"nofollow noopener\">Metz. Moselle Open : deux agents arm\u00e9s assurent la s\u00e9curit\u00e9<\/a>&nbsp;&nbsp;Le Republicain Lorrain<\/li>\n<li><a href=\"https:\/\/news.google.com\/rss\/articles\/CBMigwFBVV95cUxNZy05bU1vYVRrUGhUVV9IeXdJQmZpQ1FHQjJydzRMemVCXzlrSzZzalZ2SFZJa2VIcXkyVmRLRFpsYWJ0dnBxaHVHaEZNLU5FMmwyc1dkWWJkQkRad0JLbFJsQzZmMnBNRlpnWDh0dzBoRkJKTEZXWlVqMDFiS184Tk9sdw?oc=5\" target=\"_blank\" rel=\"nofollow noopener\">Un Challenger pour remplacer le tournoi ATP de Metz d\u00e8s 2026 ?<\/a>&nbsp;&nbsp;Tennis Temple<\/li>\n<li><a href=\"https:\/\/news.google.com\/rss\/articles\/CBMi0AFBVV95cUxNbDNnUGs4WFk0U2g1bkk0bXMyTEdlcF9VLUxwaGJqcHRqUEdfeGpjaFVvUEtDNU9tR0c5cy0tQndHWmI4cHh5U0Y0MTJVU3ZpeldibDJtb1ZITUMtTHFhbHh5ZVpjdkg4MXlvVHhrNWpxdU5NRnNGQ0oyd1pHUVN2aWNLZ3QxaTFxM1dFUllXMTJwVGR0QWF3Q0pyTUJTMUQ1WkR1dG9LWTdoRUxHLTBvSzlxczZYM3E5ZnNFWGV2bGhobTNJR3FISTNLaFdmU3pV?oc=5\" target=\"_blank\" rel=\"nofollow noopener\">ATP Metz &#8211; Le tableau, le direct et les r\u00e9sultats &#8211; Kyrian Jacquet et Cl\u00e9ment Tabur en quart<\/a>&nbsp;&nbsp;ski-nordique.net<\/li>\n<\/ol>\n","protected":false},"excerpt":{"rendered":"Vitaliy Sachko &#8211; Learner Tien, ATP 250, Metz, Demi-finales, Vendredi 07 novembre 2025&nbsp;&nbsp;L&rsquo;\u00c9quipe Metz pourrait accueillir un nouveau&hellip;\n","protected":false},"author":2,"featured_media":1983,"comment_status":"","ping_status":"","sticky":false,"template":"","format":"standard","meta":{"footnotes":""},"categories":[1415],"tags":[1011,27,60,1467],"class_list":{"0":"post-518753","1":"post","2":"type-post","3":"status-publish","4":"format-standard","5":"has-post-thumbnail","7":"category-tennis","8":"tag-fr","9":"tag-france","10":"tag-sports","11":"tag-tennis"},"share_on_mastodon":{"url":"https:\/\/pubeurope.com\/@fr\/115509693188425142","error":""},"_links":{"self":[{"href":"https:\/\/www.europesays.com\/fr\/wp-json\/wp\/v2\/posts\/518753","targetHints":{"allow":["GET"]}}],"collection":[{"href":"https:\/\/www.europesays.com\/fr\/wp-json\/wp\/v2\/posts"}],"about":[{"href":"https:\/\/www.europesays.com\/fr\/wp-json\/wp\/v2\/types\/post"}],"author":[{"embeddable":true,"href":"https:\/\/www.europesays.com\/fr\/wp-json\/wp\/v2\/users\/2"}],"replies":[{"embeddable":true,"href":"https:\/\/www.europesays.com\/fr\/wp-json\/wp\/v2\/comments?post=518753"}],"version-history":[{"count":0,"href":"https:\/\/www.europesays.com\/fr\/wp-json\/wp\/v2\/posts\/518753\/revisions"}],"wp:featuredmedia":[{"embeddable":true,"href":"https:\/\/www.europesays.com\/fr\/wp-json\/wp\/v2\/media\/1983"}],"wp:attachment":[{"href":"https:\/\/www.europesays.com\/fr\/wp-json\/wp\/v2\/media?parent=518753"}],"wp:term":[{"taxonomy":"category","embeddable":true,"href":"https:\/\/www.europesays.com\/fr\/wp-json\/wp\/v2\/categories?post=518753"},{"taxonomy":"post_tag","embeddable":true,"href":"https:\/\/www.europesays.com\/fr\/wp-json\/wp\/v2\/tags?post=518753"}],"curies":[{"name":"wp","href":"https:\/\/api.w.org\/{rel}","templated":true}]}}