{"id":518754,"date":"2025-11-07T17:56:12","date_gmt":"2025-11-07T17:56:12","guid":{"rendered":"https:\/\/www.europesays.com\/fr\/518754\/"},"modified":"2025-11-07T17:56:12","modified_gmt":"2025-11-07T17:56:12","slug":"cc-championnat-deurope-u23-hommes-les-partants-directvelo","status":"publish","type":"post","link":"https:\/\/www.europesays.com\/fr\/518754\/","title":{"rendered":"CC &#8211; Championnat d&#039;Europe &#8211; U23 Hommes : Les partants &#8211; DirectVelo"},"content":{"rendered":"<ol>\n<li><a href=\"https:\/\/news.google.com\/rss\/articles\/CBMilAFBVV95cUxQTEoyb2JtbWhKWHVjX3lKM3BkclFsQ2dNOG5RZ2NGLVNqVEQxSnNIcW41azQ1akNocXNYS3U5bVNCM0lZVW9xT2dFX3pUdm9FUTZhQl9hS1ltdTM5cWVrd0NOQzc3TzY5dHBYZ1p2X1Z3VURmQmZ6UEE0X2dsR2lzcXhQN0lxcDBpa3JNRmJZZlVnbFln?oc=5\" target=\"_blank\" rel=\"noopener\">CC &#8211; Championnat d&rsquo;Europe &#8211; U23 Hommes : Les partants<\/a>&nbsp;&nbsp;DirectVelo<\/li>\n<li><a href=\"https:\/\/news.google.com\/rss\/articles\/CBMilwFBVV95cUxObmlPNFRnLVloenVSWkRMa0g2VFhGbEtvbmxiZXd6cWE4TUlmYzNydXUzVG5heXdJVUdzNDVRY3I5ZmFfdGtwRTI3SUZhbzlTb29OYjJXZGdnOENzNTBhSHFwMG9RbDlfNGlteTliY19TaGhHS3BSTkFhR2FxM19lYjdUUkxDQ0ZZYWpmekhQV2pxSms3aFRv?oc=5\" target=\"_blank\" rel=\"noopener\">Cyclo-cross &#8211; Championnats d\u2019Europe. Deux coureurs de l\u2019AC Bisontine \u00e0 Middelkerke<\/a>&nbsp;&nbsp;L&rsquo;Est R\u00e9publicain<\/li>\n<li><a href=\"https:\/\/news.google.com\/rss\/articles\/CBMi8gFBVV95cUxNYUEta1dmZzUxSlJ6U2tvdHBMRnR6OHRyemg0QWxRc2NURktQd1lXY0RoajRxVktudGpHUUFzLTBYMWRFWnZ2MTBXbFFtM2dkTEt3MnFUT2NMNzFWalI1TzlLUVZQdjUyNklRQkVqaEFrLTM3VFZaMzRubWRreVQxQXpyWjFROHdIb2l4RVh2bDZpc3NHdk16emtzUzVyT0tDRmI1QVAwamU1ZUlPYjAycWdxTlFqWUQ2ZkNCbVJaTWJXVDdCOW44bzAtVTUydXA3VFJ4R2Q5SUNJSzVobFdBX3hNSDdrX0FMZ1N0RDBOSVA3dw?oc=5\" target=\"_blank\" rel=\"noopener\">Cyclo-cross : qui est cette recrue du Team Atria Clermont s\u00e9lectionn\u00e9e aux championnats d&rsquo;Europe<\/a>&nbsp;&nbsp;La Montagne<\/li>\n<li><a href=\"https:\/\/news.google.com\/rss\/articles\/CBMilgFBVV95cUxNTXBUbnFCOWpjMlJGMXVWZjhEOWt0QjVDSnVDWGdfcFlZaF83WVJvdjY3LWs0ZkZtM2h2a3NXTWh4a29CZ2E5OGNHQzU2alJPdU9IQmFKTmpvbkx4SXZzM01PMHZWUmpyaWpZNUgtMHRqZFA2UXpMR2pZOUhDLUtWN2NZeHhFQ2xScWNNcUhnOVN2ZUVTbXc?oc=5\" target=\"_blank\" rel=\"noopener\">Victor Devos dans la cour des grands<\/a>&nbsp;&nbsp;La Voix du Nord<\/li>\n<li><a href=\"https:\/\/news.google.com\/rss\/articles\/CBMijgFBVV95cUxNcmtBZFZvbWhsTF9uWFhfWG1mRHp4aTAzRGVlOUl3VGJIdlVuQlhhbUxXazFWQ09SS2hjRWtmRUhKMFBoc05DSzEzV3BzbGhnYThncWJ2dmlHSUxWZUZld3U5S1VIOWdtRldDTkdXam1ReE5IZjd5YkpWOXJfVGdYc0cxTXlUOTRveGNXcE9R?oc=5\" target=\"_blank\" rel=\"noopener\">Cyclo-cross. Vainqueur de la Coupe du monde et vice-champion du monde, l&rsquo;Is\u00e9rois Soren Bruy\u00e8re-Joumard \u00e0 la conqu\u00eate de l&rsquo;Europe<\/a>&nbsp;&nbsp;Le Dauphin\u00e9 Lib\u00e9r\u00e9<\/li>\n<\/ol>\n","protected":false},"excerpt":{"rendered":"CC &#8211; Championnat d&rsquo;Europe &#8211; U23 Hommes : Les partants&nbsp;&nbsp;DirectVelo Cyclo-cross &#8211; Championnats d\u2019Europe. Deux coureurs de l\u2019AC&hellip;\n","protected":false},"author":2,"featured_media":518755,"comment_status":"","ping_status":"","sticky":false,"template":"","format":"standard","meta":{"footnotes":""},"categories":[1411],"tags":[834,828,836,829,837,827,83,826,824,823,1154,207,814,817,815,816,822,821,832,211,839,1011,27,820,818,819,835,831,830,833,838,60,212,208,825],"class_list":{"0":"post-518754","1":"post","2":"type-post","3":"status-publish","4":"format-standard","5":"has-post-thumbnail","7":"category-cyclisme","8":"tag-attaque","9":"tag-belgique","10":"tag-braquet","11":"tag-bretagne","12":"tag-chute","13":"tag-competition","14":"tag-coupe-de-france","15":"tag-coureur","16":"tag-course-cyclisme","17":"tag-course-cycliste","18":"tag-cycling","19":"tag-cyclisme","20":"tag-direct","21":"tag-direct-velo","22":"tag-directvelo","23":"tag-directvelo-com","24":"tag-epreuve","25":"tag-epreuve-cycliste","26":"tag-federation-francaise-de-cyclisme","27":"tag-ffc","28":"tag-flandres","29":"tag-fr","30":"tag-france","31":"tag-live","32":"tag-live-course","33":"tag-live-epreuve","34":"tag-peloton","35":"tag-radio-peloton","36":"tag-radio-tour","37":"tag-ravitaillement","38":"tag-relance","39":"tag-sports","40":"tag-uci","41":"tag-velo","42":"tag-velos"},"share_on_mastodon":{"url":"https:\/\/pubeurope.com\/@fr\/115509709104437446","error":""},"_links":{"self":[{"href":"https:\/\/www.europesays.com\/fr\/wp-json\/wp\/v2\/posts\/518754","targetHints":{"allow":["GET"]}}],"collection":[{"href":"https:\/\/www.europesays.com\/fr\/wp-json\/wp\/v2\/posts"}],"about":[{"href":"https:\/\/www.europesays.com\/fr\/wp-json\/wp\/v2\/types\/post"}],"author":[{"embeddable":true,"href":"https:\/\/www.europesays.com\/fr\/wp-json\/wp\/v2\/users\/2"}],"replies":[{"embeddable":true,"href":"https:\/\/www.europesays.com\/fr\/wp-json\/wp\/v2\/comments?post=518754"}],"version-history":[{"count":0,"href":"https:\/\/www.europesays.com\/fr\/wp-json\/wp\/v2\/posts\/518754\/revisions"}],"wp:featuredmedia":[{"embeddable":true,"href":"https:\/\/www.europesays.com\/fr\/wp-json\/wp\/v2\/media\/518755"}],"wp:attachment":[{"href":"https:\/\/www.europesays.com\/fr\/wp-json\/wp\/v2\/media?parent=518754"}],"wp:term":[{"taxonomy":"category","embeddable":true,"href":"https:\/\/www.europesays.com\/fr\/wp-json\/wp\/v2\/categories?post=518754"},{"taxonomy":"post_tag","embeddable":true,"href":"https:\/\/www.europesays.com\/fr\/wp-json\/wp\/v2\/tags?post=518754"}],"curies":[{"name":"wp","href":"https:\/\/api.w.org\/{rel}","templated":true}]}}