{"id":518756,"date":"2025-11-07T17:57:10","date_gmt":"2025-11-07T17:57:10","guid":{"rendered":"https:\/\/www.europesays.com\/fr\/518756\/"},"modified":"2025-11-07T17:57:10","modified_gmt":"2025-11-07T17:57:10","slug":"football-coupe-de-france-as-quetigny-2","status":"publish","type":"post","link":"https:\/\/www.europesays.com\/fr\/518756\/","title":{"rendered":"Football &#8211; Coupe de France. AS Quetigny"},"content":{"rendered":"<p>Les fans l&rsquo;attendaient.\u00a0Ce vendredi 7 novembre, la billetterie pour la rencontre entre Quetigny et Saint-\u00c9tienne, comptant pour le 7e tour de la Coupe de France, a \u00e9t\u00e9 officiellement ouverte aux alentours de 13 heures&#8230; Avant d&rsquo;\u00eatre suspendue quelques heures plus tard.\u00a0<\/p>\n<p>D&rsquo;apr\u00e8s les informations de nos conf\u00e8res France bleu, le club a eu \u00e0 suspendre la billetterie \u00e0 la suite d&rsquo;une demande formul\u00e9e par\u00a0le d\u00e9l\u00e9gu\u00e9 \u00e0 la s\u00e9curit\u00e9 de la F\u00e9d\u00e9ration fran\u00e7aise de football. En cause : des questions relatives \u00e0 la s\u00e9curit\u00e9 autour du d\u00e9placement des supporters de l&rsquo;AS Saint-\u00c9tienne, dont le nombre pourrait d\u00e9passer les places de parcage visiteurs au stade\u00a0Gaston-G\u00e9rard, \u00e0 Dijon.\u00a0<\/p>\n<p>Une r\u00e9union avec le pr\u00e9fet<\/p>\n<p>Toujours d&rsquo;apr\u00e8s France bleu, le club attendrait une r\u00e9union avec le pr\u00e9fet, lundi, pour conna\u00eetre le sort de cette future rencontre.<\/p>\n<p>Pour rappel, le match entre le leader du groupe B en R\u00e9gional 2 (Ligue BFC) et l&rsquo;actuel 3e de Ligue 2\u00a0doit se disputer le samedi 15 novembre \u00e0 20 h 30, <a href=\"https:\/\/www.bienpublic.com\/sport\/2025\/11\/04\/as-quetigny-as-saint-etienne-sur-bein-sports\" target=\"_blank\" rel=\"noopener\">apr\u00e8s que Quetigny ait \u00e9t\u00e9 assur\u00e9 de jouer sur la pelouse de Gaston-G\u00e9rard<\/a>.<\/p>\n<p>Il sera aussi\u00a0diffus\u00e9 sur les antennes de beIN Sports.<\/p>\n<p>Ce contenu est bloqu\u00e9 car vous n&rsquo;avez pas accept\u00e9 les cookies et autres traceurs.<\/p>\n<p>En cliquant sur \u00ab J\u2019accepte \u00bb, les cookies et autres traceurs seront d\u00e9pos\u00e9s et vous pourrez visualiser les contenus  (<a href=\"\" class=\"consentModule_policy\" target=\"_blank\" title=\"Consulter la politique de protection des donn\u00e9es du fournisseur\">plus d&rsquo;informations<\/a>).<\/p>\n<p>En cliquant sur \u00ab J\u2019accepte tous les cookies \u00bb, vous autorisez des d\u00e9p\u00f4ts de cookies et autres traceurs pour le stockage de vos donn\u00e9es sur nos sites et applications \u00e0 des fins de personnalisation et de ciblage publicitaire.<\/p>\n<p class=\"consentModule_secondaryText\">Vous gardez la possibilit\u00e9 de retirer votre consentement \u00e0 tout moment en consultant notre <a href=\"https:\/\/www.bienpublic.com\/protection-des-donnees\" target=\"_blank\" title=\"Consulter notre politique de protection des donn\u00e9es\" rel=\"noopener\">politique de protection des donn\u00e9es<\/a>. <br \/>&#13;<br \/>\n            <a href=\"https:\/\/www.bienpublic.com\/sport\/2025\/11\/07\/javascript:Didomi.notice.show()\" class=\"consentModule_cmp\" target=\"_blank\" rel=\"noopener\">G\u00e9rer mes choix<\/a>&#13;\n        <\/p>\n<p>&#13;<br \/>\n                        J&rsquo;accepte&#13;<br \/>\n            J&rsquo;accepte tous les cookies&#13;\n        <\/p>\n<p>  Deux tribunes et un espace pour les supporters des Verts<\/p>\n<p class=\"_ap3a _aaco _aacu _aacx _aad7 _aade\" dir=\"auto\">Avant la d\u00e9cision du\u00a0d\u00e9l\u00e9gu\u00e9 \u00e0 la s\u00e9curit\u00e9 de la F\u00e9d\u00e9ration fran\u00e7aise de football, le club avait communiqu\u00e9 \u00e0 ce sujet sur ses r\u00e9seaux sociaux, ajoutant qu&rsquo;un \u00ab\u00a0espace r\u00e9serv\u00e9 aux supporters de l&rsquo;AS Saint-Etienne sera mise en vente \u00e0 partir de lundi\u00a0\u00bb et que \u00ab\u00a0seules les tribunes Doras et Caisse d&rsquo;Epargne sont accessibles \u00e0 la vente pour le moment\u00a0\u00bb.<\/p>\n<p class=\"_ap3a _aaco _aacu _aacx _aad7 _aade\" dir=\"auto\">En fonction du placement dans le stade, les prix devraient osciller entre 12 et 21 \u20ac.\u00a0<\/p>\n","protected":false},"excerpt":{"rendered":"Les fans l&rsquo;attendaient.\u00a0Ce vendredi 7 novembre, la billetterie pour la rencontre entre Quetigny et Saint-\u00c9tienne, comptant pour le&hellip;\n","protected":false},"author":2,"featured_media":518757,"comment_status":"","ping_status":"","sticky":false,"template":"","format":"standard","meta":{"footnotes":""},"categories":[1410],"tags":[15922,8588,107,63,1011,27,1757,62020,104,517,60],"class_list":{"0":"post-518756","1":"post","2":"type-post","3":"status-publish","4":"format-standard","5":"has-post-thumbnail","7":"category-football","8":"tag-coupe-de-france-de-football","9":"tag-edition-dijon-et-son-agglomeration","10":"tag-fil-info","11":"tag-football","12":"tag-fr","13":"tag-france","14":"tag-insolite","15":"tag-quetigny","16":"tag-societe","17":"tag-sport","18":"tag-sports"},"share_on_mastodon":{"url":"https:\/\/pubeurope.com\/@fr\/115509713127483590","error":""},"_links":{"self":[{"href":"https:\/\/www.europesays.com\/fr\/wp-json\/wp\/v2\/posts\/518756","targetHints":{"allow":["GET"]}}],"collection":[{"href":"https:\/\/www.europesays.com\/fr\/wp-json\/wp\/v2\/posts"}],"about":[{"href":"https:\/\/www.europesays.com\/fr\/wp-json\/wp\/v2\/types\/post"}],"author":[{"embeddable":true,"href":"https:\/\/www.europesays.com\/fr\/wp-json\/wp\/v2\/users\/2"}],"replies":[{"embeddable":true,"href":"https:\/\/www.europesays.com\/fr\/wp-json\/wp\/v2\/comments?post=518756"}],"version-history":[{"count":0,"href":"https:\/\/www.europesays.com\/fr\/wp-json\/wp\/v2\/posts\/518756\/revisions"}],"wp:featuredmedia":[{"embeddable":true,"href":"https:\/\/www.europesays.com\/fr\/wp-json\/wp\/v2\/media\/518757"}],"wp:attachment":[{"href":"https:\/\/www.europesays.com\/fr\/wp-json\/wp\/v2\/media?parent=518756"}],"wp:term":[{"taxonomy":"category","embeddable":true,"href":"https:\/\/www.europesays.com\/fr\/wp-json\/wp\/v2\/categories?post=518756"},{"taxonomy":"post_tag","embeddable":true,"href":"https:\/\/www.europesays.com\/fr\/wp-json\/wp\/v2\/tags?post=518756"}],"curies":[{"name":"wp","href":"https:\/\/api.w.org\/{rel}","templated":true}]}}