{"id":518758,"date":"2025-11-07T17:58:20","date_gmt":"2025-11-07T17:58:20","guid":{"rendered":"https:\/\/www.europesays.com\/fr\/518758\/"},"modified":"2025-11-07T17:58:20","modified_gmt":"2025-11-07T17:58:20","slug":"camille-cerf-va-remettre-lecharpe","status":"publish","type":"post","link":"https:\/\/www.europesays.com\/fr\/518758\/","title":{"rendered":"Camille Cerf va remettre l\u2019\u00e9charpe"},"content":{"rendered":"<p class=\"post-excerpt\">L\u2019organisation Miss France bouscule ses<br \/>\nhabitudes pour l\u2019\u00e9dition 2026. En l\u2019absence de chaperonne<br \/>\npermanente, c\u2019est une ancienne Miss France, qui jouera un r\u00f4le cl\u00e9.<br \/>\nElle remettra l\u2019\u00e9charpe \u00e0 la nouvelle \u00e9lue et accompagnera les<br \/>\ncandidates tout au long de l\u2019ann\u00e9e.<\/p>\n<p><strong>L\u2019\u00e9lection de Miss France 2026,<\/strong> pr\u00e9vue le<br \/>\n6\u202fd\u00e9cembre 2025 au Z\u00e9nith d\u2019Amiens, s\u2019annonce comme l\u2019une des plus<br \/>\nsymboliques des derni\u00e8res ann\u00e9es. <a href=\"https:\/\/www.aufeminin.com\/culture\/miss-france-2026-cette-miss-regionale-est-la-cousine-dune-celebre-actrice-2672394.html\" target=\"_blank\" rel=\"noopener nofollow\">Cette \u00e9dition<\/a> intervient apr\u00e8s<br \/>\nun changement majeur dans <a href=\"https:\/\/www.aufeminin.com\/people\/news-people\/miss-france-3\/miss-france-2026-voici-les-30-candidates-a-lelection-en-photos-2666347.html\" target=\"_blank\" rel=\"noopener nofollow\">la direction du concours<\/a>.<br \/>\n<strong>Cindy Fabre, directrice depuis ao\u00fbt 2022, a quitt\u00e9 ses<br \/>\nfonctions en janvier 2025,<\/strong> mettant fin \u00e0 une p\u00e9riode de<br \/>\ndeux ans marqu\u00e9e par des innovations comme le jury 100\u202f% f\u00e9minin et<br \/>\nun encadrement plus moderne des candidates.<\/p>\n<p data-start=\"1628\" data-end=\"1873\">Depuis son d\u00e9part, le comit\u00e9<br \/>\nMiss France n\u2019a pas nomm\u00e9 de successeur direct. Ainsi, la gestion<br \/>\nde l\u2019organisation et de l\u2019accompagnement des candidates est<br \/>\nd\u00e9sormais confi\u00e9e \u00e0 l\u2019\u00e9quipe interne et aux anciennes Miss. Elles<br \/>\nprennent donc des r\u00f4les symboliques.<\/p>\n<p>Camille Cerf, marraine de la promotion 2026<\/p>\n<p data-start=\"1931\" data-end=\"2320\">Pour cette ann\u00e9e,<br \/>\n<strong>Camille Cerf,<\/strong> <a href=\"https:\/\/www.aufeminin.com\/people\/news-people\/camille-cerf-sorry-ce-week-end-lex-miss-france-surprend-ses-abonnes-avec-lannonce-dun-evenement-tres-special-2629358.html\" target=\"_blank\" rel=\"noopener nofollow\">Miss France 2015<\/a>, prend une<br \/>\nplace centrale dans la transmission et l\u2019accompagnement des<br \/>\ncandidates. Elle devient <strong>la marraine officielle<\/strong> de<br \/>\nla promotion 2026, un r\u00f4le in\u00e9dit. Elle suivra les participantes<br \/>\ntout au long de leur aventure et leur apportera soutien et<br \/>\nconseils. Tout en incarnant la figure de r\u00e9f\u00e9rence lors de la<br \/>\nsoir\u00e9e de l\u2019\u00e9lection.<\/p>\n<p data-start=\"2324\" data-end=\"2559\">\u00ab\u00a0C\u2019est pas un poste au<br \/>\nsein de l\u2019organisation Miss France. C\u2019est un r\u00f4le pour apporter de<br \/>\nla bienveillance, du soutien. Accompagner la future Miss France et<br \/>\nplanter au mieux les graines pour la suite de sa carri\u00e8re\u00a0\u00bb,<br \/>\npr\u00e9cise le comit\u00e9.<\/p>\n<p data-start=\"2324\" data-end=\"2559\"><img loading=\"lazy\" decoding=\"async\" itemprop=\"thumbnailUrl\" class=\"size-large wp-image-2673549 img-responsive aligncenter pinit-here\" src=\"https:\/\/www.europesays.com\/fr\/wp-content\/uploads\/2025\/11\/shutterstock_editorial_13388787ar-682x1024.jpg\" alt=\"Miss France 2026 : faute de chaperonne cette ann\u00e9e, on sait qui va remettre l\u2019\u00e9charpe \u00e0 la nouvelle reine de beaut\u00e9 (elle aura un grand r\u00f4le toute l\u2019ann\u00e9e)\" width=\"682\" height=\"1024\" data-pin-media=\"https:\/\/sf1.afcdn.com\/wp-content\/uploads\/aufeminin\/2025\/11\/shutterstock_editorial_13388787ar-736x1105.jpg\"\/><br \/>\n\u00a9 Berzane<br \/>\nNasser\/ABACA\/Shutterstock<\/p>\n<p>Un protocole de remise de l\u2019\u00e9charpe in\u00e9dit<\/p>\n<p data-start=\"2616\" data-end=\"2973\">Le soir de l\u2019\u00e9lection,<br \/>\n<strong>Camille Cerf remettra l\u2019\u00e9charpe \u00e0 la nouvelle Miss<br \/>\nFrance.<\/strong> Tandis que Ang\u00e9lique Angarni-Filopon, Miss France<br \/>\n2025, posera la couronne. Cette configuration marque un protocole<br \/>\nin\u00e9dit, symbolisant la continuit\u00e9 entre anciennes et nouvelles<br \/>\nMiss. Depuis le d\u00e9part de Cindy Fabre, les Miss sont plus<br \/>\nind\u00e9pendantes dans leurs d\u00e9placements et leurs relations avec les<br \/>\nm\u00e9dias. La suppression de la chaperonne annuelle s\u2019inscrit dans<br \/>\ncette logique\u202f! Camille Cerf accompagne la promotion, mais sans<br \/>\nhi\u00e9rarchie directe.<\/p>\n<p data-start=\"2616\" data-end=\"2973\">La Miss France si\u00e9geant dans<br \/>\nle jury devient la \u00ab\u00a0chaperonne symbolique\u00a0\u00bb de l\u2019ann\u00e9e,<br \/>\ninaugurant une nouvelle tradition dans le concours. L\u2019\u00e9lection de<br \/>\n2026 refl\u00e8te une volont\u00e9 d\u2019adapter le concours aux r\u00e9alit\u00e9s<br \/>\nactuelles\u202f: mentorat personnalis\u00e9, r\u00f4le accru des anciennes Miss,<br \/>\naccompagnement bienveillant et all\u00e8gement des structures<br \/>\nhi\u00e9rarchiques. Camille Cerf, par son exp\u00e9rience m\u00e9diatique et<br \/>\nprofessionnelle, incarne cette transition et offre aux candidates<br \/>\nun accompagnement concret et humain.<\/p>\n","protected":false},"excerpt":{"rendered":"L\u2019organisation Miss France bouscule ses habitudes pour l\u2019\u00e9dition 2026. En l\u2019absence de chaperonne permanente, c\u2019est une ancienne Miss&hellip;\n","protected":false},"author":2,"featured_media":518759,"comment_status":"","ping_status":"","sticky":false,"template":"","format":"standard","meta":{"footnotes":""},"categories":[1359],"tags":[8936,58,59,1011,27,973],"class_list":{"0":"post-518758","1":"post","2":"type-post","3":"status-publish","4":"format-standard","5":"has-post-thumbnail","7":"category-people","8":"tag-breaking-news","9":"tag-divertissement","10":"tag-entertainment","11":"tag-fr","12":"tag-france","13":"tag-people"},"share_on_mastodon":{"url":"https:\/\/pubeurope.com\/@fr\/115509718062988386","error":""},"_links":{"self":[{"href":"https:\/\/www.europesays.com\/fr\/wp-json\/wp\/v2\/posts\/518758","targetHints":{"allow":["GET"]}}],"collection":[{"href":"https:\/\/www.europesays.com\/fr\/wp-json\/wp\/v2\/posts"}],"about":[{"href":"https:\/\/www.europesays.com\/fr\/wp-json\/wp\/v2\/types\/post"}],"author":[{"embeddable":true,"href":"https:\/\/www.europesays.com\/fr\/wp-json\/wp\/v2\/users\/2"}],"replies":[{"embeddable":true,"href":"https:\/\/www.europesays.com\/fr\/wp-json\/wp\/v2\/comments?post=518758"}],"version-history":[{"count":0,"href":"https:\/\/www.europesays.com\/fr\/wp-json\/wp\/v2\/posts\/518758\/revisions"}],"wp:featuredmedia":[{"embeddable":true,"href":"https:\/\/www.europesays.com\/fr\/wp-json\/wp\/v2\/media\/518759"}],"wp:attachment":[{"href":"https:\/\/www.europesays.com\/fr\/wp-json\/wp\/v2\/media?parent=518758"}],"wp:term":[{"taxonomy":"category","embeddable":true,"href":"https:\/\/www.europesays.com\/fr\/wp-json\/wp\/v2\/categories?post=518758"},{"taxonomy":"post_tag","embeddable":true,"href":"https:\/\/www.europesays.com\/fr\/wp-json\/wp\/v2\/tags?post=518758"}],"curies":[{"name":"wp","href":"https:\/\/api.w.org\/{rel}","templated":true}]}}