{"id":518760,"date":"2025-11-07T17:59:22","date_gmt":"2025-11-07T17:59:22","guid":{"rendered":"https:\/\/www.europesays.com\/fr\/518760\/"},"modified":"2025-11-07T17:59:22","modified_gmt":"2025-11-07T17:59:22","slug":"marlene-dumas-premiere-artiste-contemporaine-au-louvre-inauguree-en-catimini","status":"publish","type":"post","link":"https:\/\/www.europesays.com\/fr\/518760\/","title":{"rendered":"Marlene Dumas, premi\u00e8re artiste contemporaine au Louvre inaugur\u00e9e en catimini"},"content":{"rendered":"<p>\n    <strong>NOUS Y \u00c9TIONS &#8211;<\/strong> Inauguration en toute discr\u00e9tion, jeudi 6 novembre, de l\u2019\u0153uvre Liaisons de la grande peintre n\u00e9erlandaise, \u00e0 l\u2019entr\u00e9e de la nouvelle Salle des Continents.<\/p>\n<p class=\"fig-paragraph\">L\u2019invitation a \u00e9t\u00e9 discr\u00e8te, mais \u00e9tonnante. Moins de trois semaines apr\u00e8s le vol du 19 octobre dans la Galerie d\u2019Apollon, le jour m\u00eame o\u00f9<a href=\"http:\/\/www.lefigaro.fr\/culture\/degradation-des-finances-acquisitions-surdimensionnees-sous-investissements-le-rapport-accablant-de-la-cour-des-comptes-sur-la-gestion-du-louvre-20251106\" data-fig-type=\"NewsFlash\" data-gtm-custom-categorie=\"navigation\" data-gtm-custom-action=\"crossclick\" data-gtm-custom-label=\"Contextuel\" data-gtm-event=\"customEventSPE\" data-fig-domain=\"LEFIGARO\" target=\"_blank\" rel=\"noopener\">\u00a0la Cour des comptes rendait public un rapport accablant sur la gestion du Louvre<\/a>, l\u2019inauguration de la commande faite \u00e0 la grande artiste n\u00e9erlandaise Marlene Dumas \u00e9tait maintenue. Contre toute attente, vu l\u2019ampleur de la pol\u00e9mique qu\u2019a suscit\u00e9e ce vol. Mais en mode mezzo voce. Jeudi 6 novembre \u00e0 14 heures, un tout petit groupe de critiques d\u2019art se retrouvait \u00e0 la Porte des Lions pour d\u00e9couvrir cette \u0153uvre contemporaine que le Louvre veut inscrire dans la lign\u00e9e du plafond de Braque, de celui de feu l\u2019artiste am\u00e9ricain<a href=\"https:\/\/www.lefigaro.fr\/arts-expositions\/au-louvre-le-plafond-de-la-discorde-20210413\" data-fig-type=\"Article\" data-gtm-custom-categorie=\"navigation\" data-gtm-custom-action=\"crossclick\" data-gtm-custom-label=\"Contextuel\" data-gtm-event=\"customEventSPE\" data-fig-domain=\"LEFIGARO\" target=\"_blank\" rel=\"noopener\">\u00a0Cy Twombly<\/a>, des tableaux command\u00e9s \u00e0\u00a0<a href=\"https:\/\/www.lefigaro.fr\/arts-expositions\/anselm-kiefer-des-que-l-on-fait-un-tableau-tout-devient-beau-20210326\" data-fig-type=\"Article\" data-gtm-custom-categorie=\"navigation\" data-gtm-custom-action=\"crossclick\" data-gtm-custom-label=\"Contextuel\" data-gtm-event=\"customEventSPE\" data-fig-domain=\"LEFIGARO\" target=\"_blank\" rel=\"noopener\">Anselm Kiefer<\/a>\u00a0ou\u00a0<a href=\"http:\/\/www.lefigaro.fr\/arts-expositions\/comment-jean-michel-othoniel-se-reinvente-au-palais-des-papes-a-avignon-20250702\" data-fig-type=\"Article\" data-gtm-custom-categorie=\"navigation\" data-gtm-custom-action=\"crossclick\" data-gtm-custom-label=\"Contextuel\" data-gtm-event=\"customEventSPE\" data-fig-domain=\"LEFIGARO\" target=\"_blank\" rel=\"noopener\">Jean-Michel Othoniel<\/a>. Liaisons, commande du Louvre pour la Porte des Lions est une suite de 9 grands portraits (1,75 x 1,63 cm chacun), charg\u00e9s comme des objets cultuels africains, de cette\u00a0<a href=\"https:\/\/www.lefigaro.fr\/arts-expositions\/2015\/06\/02\/03015-20150602ARTFIG00311-lionne-de-l-art.php\" data-fig-type=\"Article\" data-gtm-custom-categorie=\"navigation\" data-gtm-custom-action=\"crossclick\" data-gtm-custom-label=\"Contextuel\" data-gtm-event=\"customEventSPE\" data-fig-domain=\"LEFIGARO\" target=\"_blank\" rel=\"noopener\">peintre puissante<\/a>\u00a0c\u00e9l\u00e9br\u00e9e au Palazzo Grassi \u00e0 Venise en 2023. Cette commande est install\u00e9e\u2026<\/p>\n<p class=\"fig-premium-paywall__infos\">\n        Cet article est r\u00e9serv\u00e9 aux abonn\u00e9s.        Il vous reste 82% \u00e0 d\u00e9couvrir.\n    <\/p>\n<p>                <img  data- alt=\"Le Figaro\" class=\"fig-img--complete fig-img\"\/><\/p>\n<p class=\"fig-premium-paywall__title\">Vous avez envie de lire la suite ?<\/p>\n<p class=\"fig-premium-paywall__subtitle\">D\u00e9bloquez tous les articles imm\u00e9diatement.<\/p>\n<p class=\"fig-premium-paywall__connect\">\n                D\u00e9j\u00e0 abonn\u00e9\u00a0?                <a class=\"fig-premium-paywall__connect-link\" href=\"https:\/\/connect.lefigaro.fr\/login?client=horizon_web&amp;type=main&amp;redirect_uri=https%3A%2F%2Fwww.lefigaro.fr%2Farts-expositions%2Fmarlene-dumas-premiere-artiste-contemporaine-au-louvre-inauguree-en-catimini-20251107\" data-js-gtm=\"{&quot;customCategorie&quot;: &quot;conversion&quot;, &quot;customAction&quot;: &quot;before_Landing_Connexion_paywall_auto&quot;, &quot;customLabel&quot;: &quot;bGVmaWdhcm8uZnJfXzFmMGJiMmRjLTFmYTMtNjZkYy1hYjFiLTY5MTc5ZmE2NGM2OV9fQXJ0aWNsZQ==_Marlene Dumas, premi\u00e8re artiste contemporaine au Louvre inaugur\u00e9e en catimini_1000&quot;, &quot;customIDSPE&quot;: &quot;bGVmaWdhcm8uZnJfXzFmMGJiMmRjLTFmYTMtNjZkYy1hYjFiLTY5MTc5ZmE2NGM2OV9fQXJ0aWNsZQ==&quot;, &quot;event&quot;: &quot;customEventSPE&quot;}\" target=\"_blank\" rel=\"noopener\"><br \/>\n                    Connectez-vous<br \/>\n                <\/a>\n            <\/p>\n","protected":false},"excerpt":{"rendered":"NOUS Y \u00c9TIONS &#8211; Inauguration en toute discr\u00e9tion, jeudi 6 novembre, de l\u2019\u0153uvre Liaisons de la grande peintre&hellip;\n","protected":false},"author":2,"featured_media":518761,"comment_status":"","ping_status":"","sticky":false,"template":"","format":"standard","meta":{"footnotes":""},"categories":[1358],"tags":[5594,4502,1396,1348,1384,1385,1386,58,59,1011,27,20522,11274],"class_list":{"0":"post-518760","1":"post","2":"type-post","3":"status-publish","4":"format-standard","5":"has-post-thumbnail","7":"category-arts-et-design","8":"tag-afrique-du-sud","9":"tag-amsterdam","10":"tag-art-contemporain","11":"tag-arts","12":"tag-arts-and-design","13":"tag-arts-et-design","14":"tag-design","15":"tag-divertissement","16":"tag-entertainment","17":"tag-fr","18":"tag-france","19":"tag-francois-pinault","20":"tag-louvre"},"share_on_mastodon":{"url":"https:\/\/pubeurope.com\/@fr\/115509720726033134","error":""},"_links":{"self":[{"href":"https:\/\/www.europesays.com\/fr\/wp-json\/wp\/v2\/posts\/518760","targetHints":{"allow":["GET"]}}],"collection":[{"href":"https:\/\/www.europesays.com\/fr\/wp-json\/wp\/v2\/posts"}],"about":[{"href":"https:\/\/www.europesays.com\/fr\/wp-json\/wp\/v2\/types\/post"}],"author":[{"embeddable":true,"href":"https:\/\/www.europesays.com\/fr\/wp-json\/wp\/v2\/users\/2"}],"replies":[{"embeddable":true,"href":"https:\/\/www.europesays.com\/fr\/wp-json\/wp\/v2\/comments?post=518760"}],"version-history":[{"count":0,"href":"https:\/\/www.europesays.com\/fr\/wp-json\/wp\/v2\/posts\/518760\/revisions"}],"wp:featuredmedia":[{"embeddable":true,"href":"https:\/\/www.europesays.com\/fr\/wp-json\/wp\/v2\/media\/518761"}],"wp:attachment":[{"href":"https:\/\/www.europesays.com\/fr\/wp-json\/wp\/v2\/media?parent=518760"}],"wp:term":[{"taxonomy":"category","embeddable":true,"href":"https:\/\/www.europesays.com\/fr\/wp-json\/wp\/v2\/categories?post=518760"},{"taxonomy":"post_tag","embeddable":true,"href":"https:\/\/www.europesays.com\/fr\/wp-json\/wp\/v2\/tags?post=518760"}],"curies":[{"name":"wp","href":"https:\/\/api.w.org\/{rel}","templated":true}]}}