{"id":518763,"date":"2025-11-07T18:02:39","date_gmt":"2025-11-07T18:02:39","guid":{"rendered":"https:\/\/www.europesays.com\/fr\/518763\/"},"modified":"2025-11-07T18:02:39","modified_gmt":"2025-11-07T18:02:39","slug":"zaz-honnete-sur-largent-quelle-gagne-jai-pu-macheter","status":"publish","type":"post","link":"https:\/\/www.europesays.com\/fr\/518763\/","title":{"rendered":"Zaz, honn\u00eate sur l&rsquo;argent qu&rsquo;elle gagne\u00a0: \u00ab\u00a0J&rsquo;ai pu m&rsquo;acheter&#8230;\u00a0\u00bb"},"content":{"rendered":"<p>\n                            Apr\u00e8s \u00ab\u00a0The Voice\u00a0\u00bb, la populaire chanteuse Zaz est de retour avec un nouvel album et des concerts un peu partout en France en 2025\u00a0et 2026. Un succ\u00e8s qui ne se d\u00e9ment pas&#8230; et lui permet de tr\u00e8s bien gagner sa vie.<\/p>\n<p>En septembre dernier, et apr\u00e8s (d\u00e9j\u00e0) quinze ann\u00e9es de carri\u00e8re, <a href=\"https:\/\/www.journaldesfemmes.fr\/people\/personnalites\/2753477-zaz-isabelle-geoffoy-age-mari-maman-belle-mere-fille-vie-privee\/\" title=\"Isabelle Geoffroy\" target=\"_blank\" rel=\"noopener\">Zaz<\/a> d\u00e9voilait son sixi\u00e8me album studio sobrement intitul\u00e9 Sains et saufs. Actuellement en tourn\u00e9e dans toute la France, l&rsquo;interpr\u00e8te de Je pardonne a pris le temps de prendre l&rsquo;ap\u00e9ro avec les journalistes du Monde pour les besoins de leur format du m\u00eame nom. L&rsquo;occasion de parler d&rsquo;un sujet g\u00e9n\u00e9ralement tabou chez les stars : l&rsquo;argent.<\/p>\n<p>Zaz remet les pendules \u00e0 l&rsquo;heure : \u00ab\u00a0Je n&rsquo;ai jamais dit que je ne voulais pas gagner d&rsquo;argent\u00a0\u00bb<\/p>\n<p>Au cours de cette interview avec le quotidien, celle qui \u00e0 la ville se nomme en r\u00e9alit\u00e9 Isabelle Geffroy, ose toutes les confidences. \u00c0 45\u00a0ans, elle est apais\u00e9e et bien dans ses baskets. D&rsquo;ailleurs, le journal r\u00e9v\u00e8le qu&rsquo;elle a \u00e9pous\u00e9 son coach sportif, d&rsquo;origine mauricienne, en 2021. Aujourd&rsquo;hui, la chanteuse originaire de Tours refuse qu&rsquo;on lui colle des \u00e9tiquettes, et encore moins celle d&rsquo;anticapitaliste.\u00a0<\/p>\n<p><a class=\"fancy\" href=\"https:\/\/img-3.journaldesfemmes.fr\/HY8BSAmrrbmzHhXvsJLftXbxWcM=\/1080x\/smart\/1fb02763d1be4a9b88ef96075077d691\/ccmcms-jdf\/40053351.jpg\" target=\"_blank\" rel=\"noopener\"><img decoding=\"async\" alt=\"\" src=\"https:\/\/www.europesays.com\/fr\/wp-content\/uploads\/2025\/11\/40053351.jpg\"\/><\/a><\/p>\n<p>\u00a9\u00a0Lionel GUERICOLAS \/MPP\/SIPA <\/p>\n<p>\u00ab\u00a0Je n&rsquo;ai jamais dit que je ne voulais pas gagner d&rsquo;argent dans le texte de cette chanson\u00a0\u00bb, a-t-elle clam\u00e9 dans <a href=\"https:\/\/www.lemonde.fr\/m-perso\/article\/2025\/10\/17\/un-apero-avec-zaz-c-est-pas-mal-de-gagner-de-l-argent_6647786_4497916.html\" target=\"_blank\" rel=\"noopener\">Le Monde<\/a> en r\u00e9action aux interpr\u00e9tations de son tube mondialement connu Je veux. \u00ab\u00a0En fait, j&rsquo;ai expliqu\u00e9 que le plus important pour moi, c&rsquo;\u00e9tait d&rsquo;\u00eatre coh\u00e9rente, c&rsquo;est-\u00e0-dire de ne pas se servir de l&rsquo;argent comme d&rsquo;une s\u00e9curit\u00e9. Pour moi, il doit rester un moyen de r\u00e9aliser des choses\u00a0\u00bb, s&rsquo;est-elle d\u00e9fendue. En gros : en gagner oui mais ne pas le d\u00e9penser n&rsquo;importe comment.\u00a0<\/p>\n<p>Comment Zaz d\u00e9pense son argent ?<\/p>\n<p>La chanteuse, qui a occup\u00e9 le si\u00e8ge de coach dans\u00a0The Voice et ne ferme pas la porte \u00e0 un retour,\u00a0a ajout\u00e9 : \u00ab\u00a0C&rsquo;est pas mal de gagner de l&rsquo;argent. J&rsquo;ai pu cr\u00e9er un festival, \u00e7a co\u00fbte \u00e9norm\u00e9ment. J&rsquo;ai pu m&rsquo;acheter une maison, j&rsquo;ai fait plaisir \u00e0 mes amis, \u00e0 ma famille\u2026 Non, non, c&rsquo;est pas mal\u00a0\u00bb. Des dires qui viennent appuyer les d\u00e9clarations faites par Zaz en septembre dernier dans les colonnes de Paris Match\u00a0: \u00ab\u00a0Tout ce que j&rsquo;ai gagn\u00e9, je l&rsquo;ai dilapid\u00e9, mais pour de bonnes raisons\u00a0! J&rsquo;ai donn\u00e9 \u00e0 des associations dans lesquelles je crois, j&rsquo;en ai fait profiter tout le monde. Je n&rsquo;ai pas accumul\u00e9 de richesses et tout \u00e7a, je l&rsquo;ai fait avec joie\u00a0\u00bb.\u00a0<\/p>\n<p>\u00ab\u00a0J&rsquo;ai investi dans mon festival en Ard\u00e8che, dans des associations\u2026 et c&rsquo;est tr\u00e8s cool\u00a0\u00bb, avait alors pr\u00e9cis\u00e9 la chanteuse devenue belle-m\u00e8re apr\u00e8s son mariage avec son discret mari.\u00a0Ne comptez donc pas sur Zaz pour s&rsquo;acheter des voitures de luxe ou vider des bouteilles de champagne lors de soir\u00e9es arros\u00e9es \u00e0 Saint-Tropez.<\/p>\n","protected":false},"excerpt":{"rendered":"Apr\u00e8s \u00ab\u00a0The Voice\u00a0\u00bb, la populaire chanteuse Zaz est de retour avec un nouvel album et des concerts un&hellip;\n","protected":false},"author":2,"featured_media":518764,"comment_status":"","ping_status":"","sticky":false,"template":"","format":"standard","meta":{"footnotes":""},"categories":[1355],"tags":[3723,63917,51761,58,59,51763,1011,27,51766,1361,873,51767,6706],"class_list":{"0":"post-518763","1":"post","2":"type-post","3":"status-publish","4":"format-standard","5":"has-post-thumbnail","7":"category-musique","8":"tag-actus","9":"tag-cms-journaldesfemmes-3246568","10":"tag-controller-content","11":"tag-divertissement","12":"tag-entertainment","13":"tag-format-papier","14":"tag-fr","15":"tag-france","16":"tag-les-histoires-du-jdf","17":"tag-music","18":"tag-musique","19":"tag-parallaxeinfeed","20":"tag-zaz"},"share_on_mastodon":{"url":"https:\/\/pubeurope.com\/@fr\/115509733300609746","error":""},"_links":{"self":[{"href":"https:\/\/www.europesays.com\/fr\/wp-json\/wp\/v2\/posts\/518763","targetHints":{"allow":["GET"]}}],"collection":[{"href":"https:\/\/www.europesays.com\/fr\/wp-json\/wp\/v2\/posts"}],"about":[{"href":"https:\/\/www.europesays.com\/fr\/wp-json\/wp\/v2\/types\/post"}],"author":[{"embeddable":true,"href":"https:\/\/www.europesays.com\/fr\/wp-json\/wp\/v2\/users\/2"}],"replies":[{"embeddable":true,"href":"https:\/\/www.europesays.com\/fr\/wp-json\/wp\/v2\/comments?post=518763"}],"version-history":[{"count":0,"href":"https:\/\/www.europesays.com\/fr\/wp-json\/wp\/v2\/posts\/518763\/revisions"}],"wp:featuredmedia":[{"embeddable":true,"href":"https:\/\/www.europesays.com\/fr\/wp-json\/wp\/v2\/media\/518764"}],"wp:attachment":[{"href":"https:\/\/www.europesays.com\/fr\/wp-json\/wp\/v2\/media?parent=518763"}],"wp:term":[{"taxonomy":"category","embeddable":true,"href":"https:\/\/www.europesays.com\/fr\/wp-json\/wp\/v2\/categories?post=518763"},{"taxonomy":"post_tag","embeddable":true,"href":"https:\/\/www.europesays.com\/fr\/wp-json\/wp\/v2\/tags?post=518763"}],"curies":[{"name":"wp","href":"https:\/\/api.w.org\/{rel}","templated":true}]}}