{"id":518770,"date":"2025-11-07T18:06:14","date_gmt":"2025-11-07T18:06:14","guid":{"rendered":"https:\/\/www.europesays.com\/fr\/518770\/"},"modified":"2025-11-07T18:06:14","modified_gmt":"2025-11-07T18:06:14","slug":"faute-daudience-le-teleshopping-de-tf1-sarrete-apres-38-ans-dexistence","status":"publish","type":"post","link":"https:\/\/www.europesays.com\/fr\/518770\/","title":{"rendered":"Faute d\u2019audience, le \u00ab\u00a0T\u00e9l\u00e9shopping\u00a0\u00bb de TF1 s\u2019arr\u00eate apr\u00e8s 38\u00a0ans d\u2019existence"},"content":{"rendered":"<p class=\"paragraph text_align_left lp-f-body-02\">Marie-Ange Nardi et Alexandre Devoise vont devoir pr\u00e9parer leurs adieux. Selon des sources concordantes, TF1 a act\u00e9 que son embl\u00e9matique programme de t\u00e9l\u00e9achat ne serait plus diffus\u00e9 sur ses antennes apr\u00e8s le 31 d\u00e9cembre prochain. Malgr\u00e9 des rumeurs insistantes, la production de l\u2019\u00e9mission n\u2019avait rien officialis\u00e9 \u00e0 ses \u00e9quipes ce vendredi matin, ni aux deux animateurs \u00e0 la t\u00eate de \u00ab T\u00e9l\u00e9shopping \u00bb depuis respectivement 2008 et 2014.<\/p>\n<p class=\"paragraph text_align_left lp-f-body-02\">Un \u00e9v\u00e9nement tant ce programme, lanc\u00e9 en octobre 1987, quelques mois seulement apr\u00e8s la privatisation de la premi\u00e8re cha\u00eene sur une id\u00e9e de Pierre Bellemare, a marqu\u00e9 l\u2019histoire du petit \u00e9cran.<\/p>\n<p class=\"paragraph text_align_left lp-f-body-02\">Cet arr\u00eat est une demi-surprise puisque depuis plusieurs mois la Une cache mal son souhait de ne pas renouveler le contrat qui la lie jusqu\u2019\u00e0 la fin de l\u2019ann\u00e9e avec Selextra. Cette soci\u00e9t\u00e9 espagnole a repris l\u2019entreprise de t\u00e9l\u00e9achat en 2023 apr\u00e8s la faillite de Stars qui avait rachet\u00e9 la filiale de TF1 en 2019. Elle produit la vitrine quotidienne ainsi que sa concurrente \u00ab M 6 Boutique \u00bb.<\/p>\n<p>\u00ab Le t\u00e9l\u00e9achat est pass\u00e9 de mode \u00bb<\/p>\n<p class=\"paragraph text_align_left lp-f-body-02\">\u00ab Le t\u00e9l\u00e9achat est pass\u00e9 de mode \u00bb, estime-t-on dans les couloirs de la premi\u00e8re cha\u00eene. Concurrenc\u00e9e par les g\u00e9ants Amazon, Temu ou <a href=\"https:\/\/www.leparisien.fr\/economie\/shein\/\" target=\"_blank\" rel=\"noreferrer nofollow noopener\">Shein<\/a>, \u00ab T\u00e9l\u00e9Shopping \u00bb a vu fondre son chiffre d\u2019affaires, d\u2019o\u00f9 ses difficult\u00e9s financi\u00e8res r\u00e9centes. Mais comme toujours en t\u00e9l\u00e9vision, tout cela est avant tout une histoire d\u2019audience. Avec 130 000 fid\u00e8les tous les matins entre 10 heures et 11 heures depuis le d\u00e9but de la saison, \u00ab T\u00e9l\u00e9shopping \u00bb est la plus faible case de la grille de la Une, avec 4,3 % de part de march\u00e9 (et 4,6 % sur les Femmes responsables des achats de moins de 50 ans).<\/p>\n<p class=\"paragraph text_align_left lp-f-body-02\">Des scores bien insuffisants quand, juste avant, \u00ab Bonjour ! \u00bb, la matinale de Bruce Toussaint lanc\u00e9e en janvier 2024 r\u00e9unit 390 000 habitu\u00e9s depuis la rentr\u00e9e, soit 12,6 % du public. Et juste apr\u00e8s, Le feuilleton \u00ab Les Feux de l\u2019amour \u00bb, qui lui succ\u00e8de \u00e0 l\u2019antenne, compte, lui, 420 000 accros en moyenne ces deux derniers mois (11,7 % de part de march\u00e9).<\/p>\n<p>La fin d\u2019une \u00e9poque<\/p>\n<p class=\"paragraph text_align_left lp-f-body-02\">Le succ\u00e8s de la <a href=\"https:\/\/www.leparisien.fr\/culture-loisirs\/tv\/nouvelle-matinale-de-tf1-enjeux-concurrence-thierry-thuillier-leve-le-voile-sur-bonjour-10-12-2023-D5SADFAULBFNFGNX2H624CX2ZQ.php\" target=\"_blank\" rel=\"noreferrer nofollow noopener\">matinale de Bruce Toussaint<\/a> qui a pris sa place a d\u00e9finitivement sonn\u00e9 le glas de l\u2019\u00e9mission de t\u00e9l\u00e9achat. Ce lancement a contraint \u00ab T\u00e9l\u00e9shopping \u00bb \u00e0 changer plusieurs fois d\u2019horaire \u00e0 <a href=\"https:\/\/www.leparisien.fr\/culture-loisirs\/tv\/bonjour-tf-1-rallonge-sa-matinale-et-recrute-anicet-mbida-et-sandrine-arcizet-09-07-2025-JDWCZRR5PJB4HMLV5DL66WHJOU.php\" target=\"_blank\" rel=\"noreferrer nofollow noopener\">mesure que la dur\u00e9e de la matinale<\/a> s\u2019allongeait.<\/p>\n<p class=\"paragraph text_align_left lp-f-body-02\">Cet arr\u00eat signe la fin d\u2019une \u00e9poque tant l\u2019\u00e9mission de t\u00e9l\u00e9achat a marqu\u00e9 les esprits pendant pr\u00e8s de 40 ans. Lanc\u00e9e par Pierre Bellemare, premier pr\u00e9sentateur avec Maryse Corson, \u00ab T\u00e9l\u00e9shopping \u00bb s\u2019est illustr\u00e9 par la grande long\u00e9vit\u00e9 de ses animateurs qui ont encha\u00een\u00e9 les d\u00e9monstrations d\u2019objets plus ou moins convaincants durant pr\u00e8s de quatre d\u00e9cennies : Laurent Cabrol et Catherine Falgayrac ont succ\u00e9d\u00e9 en 1994 aux deux pionniers, remplac\u00e9s \u00e0 leur tour par Marie-Ange Nardi puis Alexandre Devoise.<\/p>\n<p class=\"paragraph text_align_left lp-f-body-02\">TF1 jure ne pas avoir encore d\u00e9cid\u00e9 par quoi sera remplac\u00e9e l\u2019\u00e9mission. Un nouveau rallongement de \u00ab Bonjour ! \u00bb ou le retour du feuilleton \u00ab Amour gloire et beaut\u00e9 \u00bb, qui a disparu de la grille fin ao\u00fbt ?<\/p>\n<p class=\"paragraph text_align_left lp-f-body-02\">Les t\u00e9l\u00e9spectateurs qui seraient d\u00e9j\u00e0 nostalgiques du t\u00e9l\u00e9achat se consoleront en apprenant que \u00ab M 6 Boutique \u00bb sera toujours diffus\u00e9 tous les dimanches matin en 2026.<\/p>\n","protected":false},"excerpt":{"rendered":"Marie-Ange Nardi et Alexandre Devoise vont devoir pr\u00e9parer leurs adieux. Selon des sources concordantes, TF1 a act\u00e9 que&hellip;\n","protected":false},"author":2,"featured_media":518771,"comment_status":"","ping_status":"","sticky":false,"template":"","format":"standard","meta":{"footnotes":""},"categories":[8],"tags":[872,58,59,1011,27,2205],"class_list":{"0":"post-518770","1":"post","2":"type-post","3":"status-publish","4":"format-standard","5":"has-post-thumbnail","7":"category-divertissement","8":"tag-culture-et-loisirs","9":"tag-divertissement","10":"tag-entertainment","11":"tag-fr","12":"tag-france","13":"tag-television-medias"},"share_on_mastodon":{"url":"https:\/\/pubeurope.com\/@fr\/115509748423750733","error":""},"_links":{"self":[{"href":"https:\/\/www.europesays.com\/fr\/wp-json\/wp\/v2\/posts\/518770","targetHints":{"allow":["GET"]}}],"collection":[{"href":"https:\/\/www.europesays.com\/fr\/wp-json\/wp\/v2\/posts"}],"about":[{"href":"https:\/\/www.europesays.com\/fr\/wp-json\/wp\/v2\/types\/post"}],"author":[{"embeddable":true,"href":"https:\/\/www.europesays.com\/fr\/wp-json\/wp\/v2\/users\/2"}],"replies":[{"embeddable":true,"href":"https:\/\/www.europesays.com\/fr\/wp-json\/wp\/v2\/comments?post=518770"}],"version-history":[{"count":0,"href":"https:\/\/www.europesays.com\/fr\/wp-json\/wp\/v2\/posts\/518770\/revisions"}],"wp:featuredmedia":[{"embeddable":true,"href":"https:\/\/www.europesays.com\/fr\/wp-json\/wp\/v2\/media\/518771"}],"wp:attachment":[{"href":"https:\/\/www.europesays.com\/fr\/wp-json\/wp\/v2\/media?parent=518770"}],"wp:term":[{"taxonomy":"category","embeddable":true,"href":"https:\/\/www.europesays.com\/fr\/wp-json\/wp\/v2\/categories?post=518770"},{"taxonomy":"post_tag","embeddable":true,"href":"https:\/\/www.europesays.com\/fr\/wp-json\/wp\/v2\/tags?post=518770"}],"curies":[{"name":"wp","href":"https:\/\/api.w.org\/{rel}","templated":true}]}}