{"id":518782,"date":"2025-11-07T18:12:19","date_gmt":"2025-11-07T18:12:19","guid":{"rendered":"https:\/\/www.europesays.com\/fr\/518782\/"},"modified":"2025-11-07T18:12:19","modified_gmt":"2025-11-07T18:12:19","slug":"saint-genest-lerpt-lettre-a-emmanuel-macron-la-rm-15-renovee-un-conseil-municipal-charge","status":"publish","type":"post","link":"https:\/\/www.europesays.com\/fr\/518782\/","title":{"rendered":"Saint-Genest-Lerpt. Lettre \u00e0 Emmanuel Macron, la RM 15 r\u00e9nov\u00e9e\u2026 Un conseil municipal charg\u00e9"},"content":{"rendered":"<p>Avant de passer \u00e0 l\u2019ordre du jour de la s\u00e9ance, Christian Julien a tenu \u00e0 rendre hommage \u00e0 Pierre Serre, mort r\u00e9cemment, et qui fut pendant de nombreuses ann\u00e9es, conseiller municipal et m\u00eame troisi\u00e8me adjoint de 1977 \u00e0 1983.<\/p>\n<p>Des finances publiques en danger<\/p>\n<p>Le point sur les finances publiques n\u2019\u00e9tait pas \u00e0 l\u2019ordre du jour. Mais le maire a relay\u00e9 la demande du D\u00e9partement qui souhaite mobiliser les communes pour obtenir plus de marges de man\u0153uvre face au d\u00e9sengagement croissant de l\u2019\u00c9tat. Et de citer l\u2019exemple du financement des bornes num\u00e9riques install\u00e9es en mairie que le d\u00e9partement ne peut plus assurer dans l\u2019imm\u00e9diat.<\/p>\n<p>Dans cette volont\u00e9 d\u2019engagement, le conseil municipal a approuv\u00e9 la cosignature d\u2019une lettre (avec les autres communes d\u00e9j\u00e0 mobilis\u00e9es) qui sera adress\u00e9e au pr\u00e9sident de la R\u00e9publique et au Premier ministre.<\/p>\n<p>Les 115 requ\u00eates aupr\u00e8s du rapporteur citoyen<\/p>\n<p>Cette mission souhait\u00e9e par la municipalit\u00e9 apr\u00e8s les \u00e9lections de 2020, en l\u2019absence de liste d\u2019opposition, avait pour&#8230;<\/p>\n","protected":false},"excerpt":{"rendered":"Avant de passer \u00e0 l\u2019ordre du jour de la s\u00e9ance, Christian Julien a tenu \u00e0 rendre hommage \u00e0&hellip;\n","protected":false},"author":2,"featured_media":518783,"comment_status":"","ping_status":"","sticky":false,"template":"","format":"standard","meta":{"footnotes":""},"categories":[9653],"tags":[1111,11,2430,1984,7539,1777,674,1011,27,12,316,25,12491,4001,17929],"class_list":{"0":"post-518782","1":"post","2":"type-post","3":"status-publish","4":"format-standard","5":"has-post-thumbnail","7":"category-saint-etienne","8":"tag-actu","9":"tag-actualites","10":"tag-auvergne-rhone-alpes","11":"tag-conseil-municipal","12":"tag-edition-loire-sud","13":"tag-eu","14":"tag-europe","15":"tag-fr","16":"tag-france","17":"tag-news","18":"tag-politique","19":"tag-republique-francaise","20":"tag-roche-la-moliere-bassin","21":"tag-saint-etienne","22":"tag-saint-genest-lerpt"},"share_on_mastodon":{"url":"https:\/\/pubeurope.com\/@fr\/115509772035016663","error":""},"_links":{"self":[{"href":"https:\/\/www.europesays.com\/fr\/wp-json\/wp\/v2\/posts\/518782","targetHints":{"allow":["GET"]}}],"collection":[{"href":"https:\/\/www.europesays.com\/fr\/wp-json\/wp\/v2\/posts"}],"about":[{"href":"https:\/\/www.europesays.com\/fr\/wp-json\/wp\/v2\/types\/post"}],"author":[{"embeddable":true,"href":"https:\/\/www.europesays.com\/fr\/wp-json\/wp\/v2\/users\/2"}],"replies":[{"embeddable":true,"href":"https:\/\/www.europesays.com\/fr\/wp-json\/wp\/v2\/comments?post=518782"}],"version-history":[{"count":0,"href":"https:\/\/www.europesays.com\/fr\/wp-json\/wp\/v2\/posts\/518782\/revisions"}],"wp:featuredmedia":[{"embeddable":true,"href":"https:\/\/www.europesays.com\/fr\/wp-json\/wp\/v2\/media\/518783"}],"wp:attachment":[{"href":"https:\/\/www.europesays.com\/fr\/wp-json\/wp\/v2\/media?parent=518782"}],"wp:term":[{"taxonomy":"category","embeddable":true,"href":"https:\/\/www.europesays.com\/fr\/wp-json\/wp\/v2\/categories?post=518782"},{"taxonomy":"post_tag","embeddable":true,"href":"https:\/\/www.europesays.com\/fr\/wp-json\/wp\/v2\/tags?post=518782"}],"curies":[{"name":"wp","href":"https:\/\/api.w.org\/{rel}","templated":true}]}}