{"id":518786,"date":"2025-11-07T18:14:51","date_gmt":"2025-11-07T18:14:51","guid":{"rendered":"https:\/\/www.europesays.com\/fr\/518786\/"},"modified":"2025-11-07T18:14:51","modified_gmt":"2025-11-07T18:14:51","slug":"meurthe-et-moselle-il-refuse-dobtemperer-a-la-police-et-emboutit-plusieurs-voitures-dans-le-centre-ville-de-nancy","status":"publish","type":"post","link":"https:\/\/www.europesays.com\/fr\/518786\/","title":{"rendered":"Meurthe-et-Moselle. Il refuse d\u2019obtemp\u00e9rer \u00e0 la police et emboutit plusieurs voitures dans le centre-ville de Nancy"},"content":{"rendered":"<p>\u00ab\u00a0La voiture est pass\u00e9e \u00e0 tr\u00e8s vive allure, elle a grill\u00e9 tous les feux. La police \u00e9tait \u00e0 ses trousses et puis soudain, un gros boom\u00a0!\u00a0\u00bb Un riverain de la rue Stanislas qui partait travailler, ce vendredi 7\u00a0novembre, vers 5\u00a0h\u00a015, est encore stup\u00e9fait de la sc\u00e8ne \u00e0 laquelle il a assist\u00e9.<\/p>\n<p>Le Nanc\u00e9ien a encore \u00e0 l\u2019esprit le drame survenu dans le centre-ville de Lille dans la nuit de vendredi \u00e0 samedi 1er\u00a0novembre. Mathis, 19 ans, rentrait de soir\u00e9e avec des amis lorsqu\u2019il a \u00e9t\u00e9 mortellement fauch\u00e9 par un automobiliste auteur d\u2019un refus d\u2019obtemp\u00e9rer. Des bouteilles de <a href=\"https:\/\/www.estrepublicain.fr\/faits-divers-justice\/2022\/05\/18\/la-ville-nancy-interdit-la-consommation-de-gaz-hilarant-sur-la-voie-publique\" target=\"_blank\" rel=\"noopener\">protoxyde d\u2019azote (gaz hilarant)<\/a> avaient \u00e9t\u00e9 retrouv\u00e9es \u00e0 bord du v\u00e9hicule du chauffard.<\/p>\n<p>\u00ab\u00a0Ce dramatique sc\u00e9nario aurait pu se reproduire ici, poursuit le Nanc\u00e9ien.\u00a0Le jeudi, c\u2019est jour de soir\u00e9es \u00e9tudiantes et ils sont parfois encore nombreux dans la rue \u00e0 cette heure\u2026\u00a0\u00bb Au volant d\u2019une Tesla et en provenance de la rue d\u2019Amerval, en vieille ville, le conducteur remontait la rue Stanislas pied au plancher, s\u2019affranchissant de toutes les r\u00e8gles du Code de la route.<\/p>\n<p>  \u00ab\u00a0Des risques d\u2019atteintes graves aux pi\u00e9tons et autres usagers\u00a0\u00bb<\/p>\n<p>Dans son r\u00e9troviseur, une patrouille de police qui tente de l\u2019intercepter apr\u00e8s son refus d\u2019obtemp\u00e9rer. \u00c0 l\u2019arriv\u00e9e au carrefour des rues Saint-L\u00e9on \u2013 Poincar\u00e9, le chauffard percute la voiture d\u2019une automobiliste en circulation (la victime s\u2019en sortira choqu\u00e9e mais indemne) et entre en collision avec trois v\u00e9hicules en stationnement. Le conducteur, un habitant de Jarville-la-Malgrange \u00e2g\u00e9 de 25 ans et son passager, bless\u00e9s tous les deux, sont alors pris en charge par les pompiers et transport\u00e9s vers les urgences.<\/p>\n<p>Dans un communiqu\u00e9, le syndicat de police Un1t\u00e9-54, qui r\u00e9clame depuis plusieurs ann\u00e9es des mesures fortes contre \u00ab\u00a0ces auteurs de <a href=\"https:\/\/www.estrepublicain.fr\/faits-divers-justice\/2024\/11\/12\/refus-d-obtemperer-il-va-au-contact-du-vehicule-de-police\" target=\"_blank\" rel=\"noopener\">refus d\u2019obtemp\u00e9rer<\/a> qui se muent en criminels la route [\u2026] et font courir des risques d\u2019atteintes graves aux pi\u00e9tons et autres usagers\u00a0\u00bb, salue \u00e9galement \u00ab\u00a0le professionnalisme des effectifs de police qui ont port\u00e9 secours \u00e0 l\u2019ensemble des victimes avant l\u2019arriv\u00e9e des pompiers\u00a0\u00bb.\u00a0<\/p>\n<p>Une enqu\u00eate a \u00e9t\u00e9 ouverte par la brigade des accidents afin de pr\u00e9ciser les causes et circonstances de ces collisions.<\/p>\n","protected":false},"excerpt":{"rendered":"\u00ab\u00a0La voiture est pass\u00e9e \u00e0 tr\u00e8s vive allure, elle a grill\u00e9 tous les feux. La police \u00e9tait \u00e0&hellip;\n","protected":false},"author":2,"featured_media":518787,"comment_status":"","ping_status":"","sticky":false,"template":"","format":"standard","meta":{"footnotes":""},"categories":[9635],"tags":[119,1111,11,271,272,1704,1777,674,274,1011,27,775,3457,1702,1703,12,25],"class_list":{"0":"post-518786","1":"post","2":"type-post","3":"status-publish","4":"format-standard","5":"has-post-thumbnail","7":"category-nancy","8":"tag-accident","9":"tag-actu","10":"tag-actualites","11":"tag-crime","12":"tag-delit-et-contravention","13":"tag-edition-nancy-et-agglomeration","14":"tag-eu","15":"tag-europe","16":"tag-faits-divers-justice","17":"tag-fr","18":"tag-france","19":"tag-grand-est","20":"tag-meurthe-et-moselle","21":"tag-nancy","22":"tag-nancy-ville-54b","23":"tag-news","24":"tag-republique-francaise"},"share_on_mastodon":{"url":"https:\/\/pubeurope.com\/@fr\/115509783652777810","error":""},"_links":{"self":[{"href":"https:\/\/www.europesays.com\/fr\/wp-json\/wp\/v2\/posts\/518786","targetHints":{"allow":["GET"]}}],"collection":[{"href":"https:\/\/www.europesays.com\/fr\/wp-json\/wp\/v2\/posts"}],"about":[{"href":"https:\/\/www.europesays.com\/fr\/wp-json\/wp\/v2\/types\/post"}],"author":[{"embeddable":true,"href":"https:\/\/www.europesays.com\/fr\/wp-json\/wp\/v2\/users\/2"}],"replies":[{"embeddable":true,"href":"https:\/\/www.europesays.com\/fr\/wp-json\/wp\/v2\/comments?post=518786"}],"version-history":[{"count":0,"href":"https:\/\/www.europesays.com\/fr\/wp-json\/wp\/v2\/posts\/518786\/revisions"}],"wp:featuredmedia":[{"embeddable":true,"href":"https:\/\/www.europesays.com\/fr\/wp-json\/wp\/v2\/media\/518787"}],"wp:attachment":[{"href":"https:\/\/www.europesays.com\/fr\/wp-json\/wp\/v2\/media?parent=518786"}],"wp:term":[{"taxonomy":"category","embeddable":true,"href":"https:\/\/www.europesays.com\/fr\/wp-json\/wp\/v2\/categories?post=518786"},{"taxonomy":"post_tag","embeddable":true,"href":"https:\/\/www.europesays.com\/fr\/wp-json\/wp\/v2\/tags?post=518786"}],"curies":[{"name":"wp","href":"https:\/\/api.w.org\/{rel}","templated":true}]}}