{"id":518788,"date":"2025-11-07T18:16:42","date_gmt":"2025-11-07T18:16:42","guid":{"rendered":"https:\/\/www.europesays.com\/fr\/518788\/"},"modified":"2025-11-07T18:16:42","modified_gmt":"2025-11-07T18:16:42","slug":"la-suzanne-prete-a-partir-a-nancy-par-la-route-pour-la-ceremonie-du-11-novembre","status":"publish","type":"post","link":"https:\/\/www.europesays.com\/fr\/518788\/","title":{"rendered":"la Suzanne pr\u00eate \u00e0 partir \u00e0 Nancy par la route pour la c\u00e9r\u00e9monie du 11-Novembre"},"content":{"rendered":"<p>Ce vendredi matin, l&rsquo;association du Chemin de fer historique de la Voie sacr\u00e9e s&rsquo;est activ\u00e9e pour une premi\u00e8re\u00a0: le chargement de la locomotive la Suzanne sur un camion porte-char afin d&rsquo;acheminer celle-ci place Carnot \u00e0 Nancy. L&rsquo;op\u00e9ration d\u00e9licate consistait \u00e0 prolonger une voie de chemin de fer jusque sur le plateau du porte-char, puis de pousser la locomotive jusqu&rsquo;au milieu de celui-ci.<\/p>\n","protected":false},"excerpt":{"rendered":"Ce vendredi matin, l&rsquo;association du Chemin de fer historique de la Voie sacr\u00e9e s&rsquo;est activ\u00e9e pour une premi\u00e8re\u00a0:&hellip;\n","protected":false},"author":2,"featured_media":518789,"comment_status":"","ping_status":"","sticky":false,"template":"","format":"standard","meta":{"footnotes":""},"categories":[9635],"tags":[1111,11,3600,40070,1687,3206,3602,1706,1705,10174,1777,674,1011,27,2798,775,937,11209,1702,12,2661,25],"class_list":{"0":"post-518788","1":"post","2":"type-post","3":"status-publish","4":"format-standard","5":"has-post-thumbnail","7":"category-nancy","8":"tag-actu","9":"tag-actualites","10":"tag-bar-le-duc","11":"tag-ca-de-bar-le-duc-sud-meuse-55a","12":"tag-culture-loisirs","13":"tag-defense-guerre-conflit","14":"tag-edition-bar-le-duc","15":"tag-edition-pont-a-mousson","16":"tag-edition-toul","17":"tag-edition-verdun","18":"tag-eu","19":"tag-europe","20":"tag-fr","21":"tag-france","22":"tag-galerie-photo","23":"tag-grand-est","24":"tag-histoire","25":"tag-meuse","26":"tag-nancy","27":"tag-news","28":"tag-patrimoine-culturel","29":"tag-republique-francaise"},"share_on_mastodon":{"url":"https:\/\/pubeurope.com\/@fr\/115509787603396926","error":""},"_links":{"self":[{"href":"https:\/\/www.europesays.com\/fr\/wp-json\/wp\/v2\/posts\/518788","targetHints":{"allow":["GET"]}}],"collection":[{"href":"https:\/\/www.europesays.com\/fr\/wp-json\/wp\/v2\/posts"}],"about":[{"href":"https:\/\/www.europesays.com\/fr\/wp-json\/wp\/v2\/types\/post"}],"author":[{"embeddable":true,"href":"https:\/\/www.europesays.com\/fr\/wp-json\/wp\/v2\/users\/2"}],"replies":[{"embeddable":true,"href":"https:\/\/www.europesays.com\/fr\/wp-json\/wp\/v2\/comments?post=518788"}],"version-history":[{"count":0,"href":"https:\/\/www.europesays.com\/fr\/wp-json\/wp\/v2\/posts\/518788\/revisions"}],"wp:featuredmedia":[{"embeddable":true,"href":"https:\/\/www.europesays.com\/fr\/wp-json\/wp\/v2\/media\/518789"}],"wp:attachment":[{"href":"https:\/\/www.europesays.com\/fr\/wp-json\/wp\/v2\/media?parent=518788"}],"wp:term":[{"taxonomy":"category","embeddable":true,"href":"https:\/\/www.europesays.com\/fr\/wp-json\/wp\/v2\/categories?post=518788"},{"taxonomy":"post_tag","embeddable":true,"href":"https:\/\/www.europesays.com\/fr\/wp-json\/wp\/v2\/tags?post=518788"}],"curies":[{"name":"wp","href":"https:\/\/api.w.org\/{rel}","templated":true}]}}