{"id":518790,"date":"2025-11-07T18:18:25","date_gmt":"2025-11-07T18:18:25","guid":{"rendered":"https:\/\/www.europesays.com\/fr\/518790\/"},"modified":"2025-11-07T18:18:25","modified_gmt":"2025-11-07T18:18:25","slug":"sante-environnementale-une-conference-pour-mieux-comprendre-les-risques-et-les-gestes-utiles","status":"publish","type":"post","link":"https:\/\/www.europesays.com\/fr\/518790\/","title":{"rendered":"Sant\u00e9 environnementale : une conf\u00e9rence pour mieux comprendre les risques et les gestes utiles"},"content":{"rendered":"<p>\t\t\t\t\t\t\t\tComprendre les effets de la pollution<\/p>\n<p data-start=\"662\" data-end=\"938\">La pollution reste une des premi\u00e8res causes de mortalit\u00e9 dans le monde. Elle d\u00e9passe aujourd\u2019hui le tabagisme, selon le cardiologue Pierre Souvet. Pr\u00e9sident de l\u2019<a href=\"https:\/\/www.asef-asso.fr\/\" target=\"_blank\" rel=\"noopener\">Association Sant\u00e9 Environnement France (ASEF)<\/a>, il agit depuis plusieurs ann\u00e9es pour mieux informer les citoyens.<\/p>\n<p data-start=\"940\" data-end=\"1176\">L\u2019ASEF regroupe des professionnels de sant\u00e9 de tout le territoire. Son objectif est clair : former, expliquer et sensibiliser. Elle accompagne aussi les collectivit\u00e9s et les \u00e9tablissements scolaires dans leurs d\u00e9marches de pr\u00e9vention.<\/p>\n<p data-start=\"1178\" data-end=\"1445\">Pierre Souvet insiste sur la notion de responsabilit\u00e9 individuelle. Chacun peut r\u00e9duire son exposition en modifiant certaines habitudes. Il cite par exemple l\u2019importance d\u2019\u00e9viter les zones tr\u00e8s circul\u00e9es pour le sport ou de privil\u00e9gier des aliments moins transform\u00e9s.<\/p>\n<p>Une conf\u00e9rence ouverte \u00e0 tous au Palais Neptune<\/p>\n<p data-start=\"1507\" data-end=\"1745\">La conf\u00e9rence du 12 novembre se d\u00e9roulera au Palais Neptune \u00e0 Toulon. Elle est organis\u00e9e par l\u2019Association Sant\u00e9 Environnement France, en partenariat avec la <a href=\"https:\/\/www.cptslsto.fr\/\" target=\"_blank\" rel=\"noopener\">Communaut\u00e9 Professionnelle Territoriale de Sant\u00e9 (CPTS) La Seyne Toulon Ouest<\/a>.<\/p>\n<p data-start=\"1747\" data-end=\"2015\">Cette structure locale r\u00e9unit des acteurs de sant\u00e9 du territoire. Elle travaille depuis cinq ans sur les questions de pr\u00e9vention et de sensibilisation \u00e0 la sant\u00e9 environnementale. Ensemble, l\u2019ASEF et la CPTS souhaitent rendre ces sujets plus accessibles et concrets.<\/p>\n<p data-start=\"2017\" data-end=\"2228\">L\u2019entr\u00e9e \u00e0 la conf\u00e9rence est libre. Le public pourra y d\u00e9couvrir des outils simples pour agir au quotidien et mieux comprendre les enjeux li\u00e9s \u00e0 la qualit\u00e9 de l\u2019air, \u00e0 l\u2019alimentation et \u00e0 l\u2019environnement urbain.<\/p>\n<p><img fetchpriority=\"high\" decoding=\"async\" class=\" wp-image-57011\" src=\"https:\/\/www.europesays.com\/fr\/wp-content\/uploads\/2025\/11\/Docteur-Pierre-Souvet_info83.jpg\" alt=\"La conf\u00e9rence du 12 novembre au Palais Neptune \u00e0 Toulon\" width=\"576\" height=\"398\"  \/>La conf\u00e9rence du 12 novembre au Palais Neptune \u00e0 Toulon<br \/>\nDes conseils concrets pour le quotidien<\/p>\n<p data-start=\"2282\" data-end=\"2505\">Lors de cette rencontre, Pierre Souvet abordera les effets de la pollution de l\u2019air, des produits chimiques et des fortes chaleurs en ville. Il expliquera comment de petits gestes peuvent limiter les risques sur la sant\u00e9.<\/p>\n<p data-start=\"2507\" data-end=\"2727\">Son message se veut clair et pragmatique : il n\u2019est pas possible d\u2019\u00e9viter tous les polluants, mais il est possible de s\u2019en prot\u00e9ger mieux. L\u2019approche se veut constructive, avec des exemples issus de la vie quotidienne.<\/p>\n<p data-start=\"2729\" data-end=\"2902\">Le docteur Souvet rappelle que la sant\u00e9 environnementale ne se limite pas \u00e0 des chiffres ou \u00e0 des \u00e9tudes. Elle concerne chacun d\u2019entre nous, dans nos choix et nos habitudes.<\/p>\n<p data-start=\"2927\" data-end=\"3153\"><strong>La conf\u00e9rence du 12 novembre au Palais Neptune \u00e0 Toulon offrira aux participants des rep\u00e8res utiles pour agir. Un moment d\u2019\u00e9change simple et p\u00e9dagogique pour comprendre, sans dramatiser, les liens entre environnement et sant\u00e9.<\/strong><\/p>\n<p data-start=\"2927\" data-end=\"3153\">A lire aussi<\/p>\n<p data-start=\"2927\" data-end=\"3153\"><a href=\"https:\/\/www.info83.fr\/carbon-catchers-a-la-garde-une-exposition-sur-les-forets-les-etoiles-et-la-pollution-lumineuse\/\" target=\"_blank\" rel=\"noopener\">Carbon Catchers \u00e0 La Garde : une exposition sur les for\u00eats, les \u00e9toiles et la pollution lumineuse<\/a><\/p>\n<p><strong><img decoding=\"async\" class=\"emoji\" role=\"img\" draggable=\"false\" src=\"https:\/\/s.w.org\/images\/core\/emoji\/13.1.0\/svg\/1f538.svg\" alt=\"\ud83d\udd38\" data-pin-no-hover=\"true\"\/>Info83, le Var proche de vous<br \/><\/strong><\/p>\n<p><img decoding=\"async\" class=\"emoji\" role=\"img\" draggable=\"false\" src=\"https:\/\/s.w.org\/images\/core\/emoji\/13.1.0\/svg\/27a1.svg\" alt=\"\u27a1\ufe0f\" data-pin-no-hover=\"true\"\/>\u00a0<a href=\"https:\/\/bit.ly\/2OZZMMK\" target=\"_blank\" rel=\"noopener noreferrer\">Facebook Info83<\/a><\/p>\n<p><img decoding=\"async\" class=\"emoji\" role=\"img\" draggable=\"false\" src=\"https:\/\/s.w.org\/images\/core\/emoji\/13.1.0\/svg\/27a1.svg\" alt=\"\u27a1\ufe0f\" data-pin-no-hover=\"true\"\/>\u00a0<a href=\"https:\/\/bit.ly\/2ONkTC9\" target=\"_blank\" rel=\"noopener noreferrer\">Youtube Info83<\/a><\/p>\n","protected":false},"excerpt":{"rendered":"Comprendre les effets de la pollution La pollution reste une des premi\u00e8res causes de mortalit\u00e9 dans le monde.&hellip;\n","protected":false},"author":2,"featured_media":518791,"comment_status":"","ping_status":"","sticky":false,"template":"","format":"standard","meta":{"footnotes":""},"categories":[9619],"tags":[1111,11,63919,63920,50388,1777,674,1011,27,12,63921,1800,63922,882,25,63923,2310,7506],"class_list":{"0":"post-518790","1":"post","2":"type-post","3":"status-publish","4":"format-standard","5":"has-post-thumbnail","7":"category-toulon","8":"tag-actu","9":"tag-actualites","10":"tag-asef","11":"tag-conferencetoulon","12":"tag-cpts","13":"tag-eu","14":"tag-europe","15":"tag-fr","16":"tag-france","17":"tag-news","18":"tag-pierresouvet","19":"tag-pollution","20":"tag-preventionsante","21":"tag-provence-alpes-cote-dazur","22":"tag-republique-francaise","23":"tag-santeenvironnementale","24":"tag-toulon","25":"tag-var"},"share_on_mastodon":{"url":"https:\/\/pubeurope.com\/@fr\/115509796531802936","error":""},"_links":{"self":[{"href":"https:\/\/www.europesays.com\/fr\/wp-json\/wp\/v2\/posts\/518790","targetHints":{"allow":["GET"]}}],"collection":[{"href":"https:\/\/www.europesays.com\/fr\/wp-json\/wp\/v2\/posts"}],"about":[{"href":"https:\/\/www.europesays.com\/fr\/wp-json\/wp\/v2\/types\/post"}],"author":[{"embeddable":true,"href":"https:\/\/www.europesays.com\/fr\/wp-json\/wp\/v2\/users\/2"}],"replies":[{"embeddable":true,"href":"https:\/\/www.europesays.com\/fr\/wp-json\/wp\/v2\/comments?post=518790"}],"version-history":[{"count":0,"href":"https:\/\/www.europesays.com\/fr\/wp-json\/wp\/v2\/posts\/518790\/revisions"}],"wp:featuredmedia":[{"embeddable":true,"href":"https:\/\/www.europesays.com\/fr\/wp-json\/wp\/v2\/media\/518791"}],"wp:attachment":[{"href":"https:\/\/www.europesays.com\/fr\/wp-json\/wp\/v2\/media?parent=518790"}],"wp:term":[{"taxonomy":"category","embeddable":true,"href":"https:\/\/www.europesays.com\/fr\/wp-json\/wp\/v2\/categories?post=518790"},{"taxonomy":"post_tag","embeddable":true,"href":"https:\/\/www.europesays.com\/fr\/wp-json\/wp\/v2\/tags?post=518790"}],"curies":[{"name":"wp","href":"https:\/\/api.w.org\/{rel}","templated":true}]}}