{"id":518804,"date":"2025-11-07T18:25:31","date_gmt":"2025-11-07T18:25:31","guid":{"rendered":"https:\/\/www.europesays.com\/fr\/518804\/"},"modified":"2025-11-07T18:25:31","modified_gmt":"2025-11-07T18:25:31","slug":"dijon-reims-grenoble-on-connait-les-dates-douverture-des-prochains-magasins","status":"publish","type":"post","link":"https:\/\/www.europesays.com\/fr\/518804\/","title":{"rendered":"Dijon, Reims, Grenoble\u2026 On conna\u00eet les dates d\u2019ouverture des prochains magasins"},"content":{"rendered":"<p>Apr\u00e8s l\u2019ouverture tr\u00e8s m\u00e9diatis\u00e9e de son <a href=\"https:\/\/www.20minutes.fr\/paris\/4183746-20251105-shein-bhv-ouverture-entre-consommateurs-hyperexcites-denonciation-pacte-diable\" target=\"_blank\" class=\"c-link c-link--is-underlined\" rel=\"noopener\">premier magasin physique et permanent au monde au BHV<\/a> de Paris, <a href=\"https:\/\/www.20minutes.fr\/monde\/shein\/\" target=\"_blank\" class=\"c-link c-link--is-underlined\" rel=\"noopener\">Shein<\/a> s\u2019appr\u00eate \u00e0 poursuivre son implantation dans l\u2019Hexagone. La Soci\u00e9t\u00e9 des grands magasins (SGM), propri\u00e9taire des sites d\u2019accueil du g\u00e9ant asiatique de la fast-fashion, a confirm\u00e9 l\u2019ouverture de nouvelles boutiques le 18\u00a0novembre \u00e0 Dijon et Reims, puis le 21\u00a0novembre \u00e0 Grenoble. Deux autres points de vente, \u00e0 Angers et Limoges, devraient suivre d\u00e9but d\u00e9cembre, sans date pr\u00e9cise pour le moment.<\/p>\n<p>Cette expansion intervient dans un contexte tendu pour la plateforme chinoise, <a href=\"https:\/\/www.20minutes.fr\/societe\/4183869-20251105-suspension-ligne-ouverture-paris-nouveau-scandale-folle-journee-shein\" target=\"_blank\" class=\"c-link c-link--is-underlined\" rel=\"noopener\">sous la menace d\u2019une suspension en France<\/a> apr\u00e8s la mise en vente de produits controvers\u00e9s, <a href=\"https:\/\/www.20minutes.fr\/societe\/4184033-20251106-quoi-dolls-france-pourvoyeur-poupees-sexuelles-tendancieuses\" target=\"_blank\" class=\"c-link c-link--is-underlined\" rel=\"noopener\">dont des poup\u00e9es sexuelles<\/a> \u00e0 l\u2019apparence enfantine et des armes de cat\u00e9gorie A. Malgr\u00e9 la pol\u00e9mique, l\u2019enseigne attire un public nombreux puisque pr\u00e8s de 8.000 visiteurs se sont press\u00e9s mercredi dans le nouvel espace parisien, selon la SGM.<\/p>\n<p>Le maire de Grenoble demande la suspension<\/p>\n<p>Les implantations r\u00e9gionales de Shein s\u2019effectueront dans des magasins r\u00e9cemment exploit\u00e9s par la SGM et anciennement sous l\u2019enseigne <a href=\"https:\/\/www.20minutes.fr\/dossier\/galeries_lafayette\" target=\"_blank\" class=\"c-link c-link--is-underlined\" rel=\"noopener\">Galeries Lafayette<\/a>. Ces \u00e9tablissements seront prochainement rebaptis\u00e9s BHV, apr\u00e8s la rupture du contrat liant le groupe Galeries Lafayette \u00e0 la SGM, ce dernier refusant d\u00e9sormais toute association avec Shein.<\/p>\n<p><a href=\"https:\/\/www.20minutes.fr\/monde\/shein\/\" target=\"_blank\" class=\"c-link c-btn c-btn--primary\" rel=\"noopener\">Notre dossier sur Shein<\/a><\/p>\n<p>L\u2019arriv\u00e9e du g\u00e9ant de la mode ultra bon march\u00e9 ne fait toutefois pas l\u2019unanimit\u00e9. A Grenoble, <a href=\"https:\/\/www.20minutes.fr\/societe\/4184085-20251106-grenoble-non-shein-maire-eric-piolle-demande-suspension-arrivee-marque-ville\" target=\"_blank\" class=\"c-link c-link--is-underlined\" rel=\"noopener\">le maire \u00e9cologiste Eric Piolle<\/a> a demand\u00e9 \u00e0 la SGM de \u00ab\u00a0suspendre\u00a0\u00bb l\u2019ouverture du magasin local, le temps d\u2019obtenir \u00ab\u00a0des garanties sur le contr\u00f4le de la l\u00e9galit\u00e9 des produits\u00a0\u00bb. Propri\u00e9taire depuis\u00a02023 du fonds de commerce du BHV, la SGM exploite aujourd\u2019hui sept anciens magasins Galeries Lafayette, notamment au\u00a0Mans et \u00e0 Orl\u00e9ans, ainsi qu\u2019une dizaine de centres commerciaux en France.<\/p>\n","protected":false},"excerpt":{"rendered":"Apr\u00e8s l\u2019ouverture tr\u00e8s m\u00e9diatis\u00e9e de son premier magasin physique et permanent au monde au BHV de Paris, Shein&hellip;\n","protected":false},"author":2,"featured_media":518805,"comment_status":"","ping_status":"","sticky":false,"template":"","format":"standard","meta":{"footnotes":""},"categories":[9566],"tags":[1111,47,11,1438,2430,2719,2718,2930,9607,1777,674,1011,27,775,2731,8528,108,2193,11906,13291,12650,12,2219,2636,4243,25,2431,1104,104],"class_list":{"0":"post-518804","1":"post","2":"type-post","3":"status-publish","4":"format-standard","5":"has-post-thumbnail","7":"category-grenoble","8":"tag-actu","9":"tag-actualite","10":"tag-actualites","11":"tag-angers","12":"tag-auvergne-rhone-alpes","13":"tag-bourgogne","14":"tag-bourgogne-franche-comte","15":"tag-dijon","16":"tag-eric-piolle","17":"tag-eu","18":"tag-europe","19":"tag-fr","20":"tag-france","21":"tag-grand-est","22":"tag-grenoble","23":"tag-haute-vienne","24":"tag-isere","25":"tag-limoges","26":"tag-magasins","27":"tag-maine-et-loire","28":"tag-marne","29":"tag-news","30":"tag-nouvelle-aquitaine","31":"tag-pays-de-la-loire","32":"tag-reims","33":"tag-republique-francaise","34":"tag-rhone-alpes","35":"tag-shein","36":"tag-societe"},"share_on_mastodon":{"url":"https:\/\/pubeurope.com\/@fr\/115509823081168455","error":""},"_links":{"self":[{"href":"https:\/\/www.europesays.com\/fr\/wp-json\/wp\/v2\/posts\/518804","targetHints":{"allow":["GET"]}}],"collection":[{"href":"https:\/\/www.europesays.com\/fr\/wp-json\/wp\/v2\/posts"}],"about":[{"href":"https:\/\/www.europesays.com\/fr\/wp-json\/wp\/v2\/types\/post"}],"author":[{"embeddable":true,"href":"https:\/\/www.europesays.com\/fr\/wp-json\/wp\/v2\/users\/2"}],"replies":[{"embeddable":true,"href":"https:\/\/www.europesays.com\/fr\/wp-json\/wp\/v2\/comments?post=518804"}],"version-history":[{"count":0,"href":"https:\/\/www.europesays.com\/fr\/wp-json\/wp\/v2\/posts\/518804\/revisions"}],"wp:featuredmedia":[{"embeddable":true,"href":"https:\/\/www.europesays.com\/fr\/wp-json\/wp\/v2\/media\/518805"}],"wp:attachment":[{"href":"https:\/\/www.europesays.com\/fr\/wp-json\/wp\/v2\/media?parent=518804"}],"wp:term":[{"taxonomy":"category","embeddable":true,"href":"https:\/\/www.europesays.com\/fr\/wp-json\/wp\/v2\/categories?post=518804"},{"taxonomy":"post_tag","embeddable":true,"href":"https:\/\/www.europesays.com\/fr\/wp-json\/wp\/v2\/tags?post=518804"}],"curies":[{"name":"wp","href":"https:\/\/api.w.org\/{rel}","templated":true}]}}