{"id":518806,"date":"2025-11-07T18:26:17","date_gmt":"2025-11-07T18:26:17","guid":{"rendered":"https:\/\/www.europesays.com\/fr\/518806\/"},"modified":"2025-11-07T18:26:17","modified_gmt":"2025-11-07T18:26:17","slug":"a-rennes-de-fortes-perturbations-sur-la-circulation","status":"publish","type":"post","link":"https:\/\/www.europesays.com\/fr\/518806\/","title":{"rendered":"\u00e0 Rennes \u00ab\u00a0de fortes perturbations\u00a0\u00bb sur la circulation"},"content":{"rendered":"<p>            Par<br \/>\n        <strong><br \/>\n            <a href=\"https:\/\/actu.fr\/auteur\/clemence-pays02-actu-fr\" title=\"Consulter tous les articles de Cl\u00e9mence Pays\" target=\"_blank\" rel=\"noopener\">Cl\u00e9mence Pays<\/a><br \/>\n        <\/strong><\/p>\n<p>        Publi\u00e9 le<\/p>\n<p>            7 nov. 2025 \u00e0 17h42        <\/p>\n<p>Un <a href=\"https:\/\/actu.fr\/bretagne\/rennes_35238\/bus-incendie-a-rennes-lors-de-la-greve-du-10-septembre-on-connait-l-origine-du-feu_63152272.html\" target=\"_blank\" rel=\"noopener\">bus en feu sur la rocade<\/a> de Rennes. C\u2019\u00e9tait l\u2019image forte de <a href=\"https:\/\/actu.fr\/bretagne\/rennes_35238\/10-septembre-a-rennes-rocade-bloquee-bus-incendie-interpellations-ce-qu-il-faut-retenir-de-cette-journee_63145725.html\" target=\"_blank\" rel=\"noopener\">la mobilisation \u00ab\u2009Bloquons tout\u2009\u00bb, du 10\u00a0septembre 2025<\/a>. En raison des <strong>d\u00e9g\u00e2ts caus\u00e9s<\/strong> par l\u2019incendie, <a href=\"https:\/\/actu.fr\/bretagne\/rennes_35238\/bloquons-tout-apres-l-incendie-d-un-bus-sur-la-rocade-de-rennes-le-pont-d-alma-ferme-jusqu-a-nouvel-ordre_63133560.html\" target=\"_blank\" rel=\"noopener\">l\u2019ouvrage avait \u00e9t\u00e9 ferm\u00e9<\/a> \u00e0 la circulation, <a href=\"https:\/\/actu.fr\/bretagne\/rennes_35238\/bus-incendie-sur-la-rocade-de-rennes-on-sait-quand-le-pont-d-alma-rouvre_63227358.html\" target=\"_blank\" rel=\"noopener\">avant de rouvrir mardi 30\u00a0septembre, avec quelques restrictions<\/a>. Celui-ci va <strong>\u00e0 nouveau \u00eatre interdit aux v\u00e9hicules.<\/strong> Explications.<\/p>\n<p>\u00ab\u2009Des investigations plus complexes que pr\u00e9vu\u2009\u00bb<\/p>\n<p class=\" wall-content\">En parall\u00e8le, la Direction interd\u00e9partementale des routes (Dir) Ouest, avec l\u2019appui du Centre d\u2019\u00e9tudes et d\u2019expertise sur les risques, l\u2019environnement, la mobilit\u00e9 et l\u2019am\u00e9nagement (Cerema), a men\u00e9 \u00ab\u2009une <strong>s\u00e9rie d\u2019inspections et d\u2019analyses approfondies<\/strong> de l\u2019ouvrage afin d\u2019\u00e9valuer l\u2019impact de l\u2019incendie et la nature des r\u00e9parations \u00e0 r\u00e9aliser\u2009\u00bb, a indiqu\u00e9 la pr\u00e9fecture d\u2019Ille-et-Vilaine, dans un communiqu\u00e9 dat\u00e9 du vendredi 7\u00a0novembre.<\/p>\n<blockquote class=\"ac-article-quote wall-content\">\n<p>Ces investigations, plus complexes que pr\u00e9vu, ont permis de confirmer que le b\u00e9ton du tablier de l\u2019ouvrage, du sens Nantes-Rennes, n\u00e9cessitait une reprise structurelle sur une surface cons\u00e9quente.<\/p>\n<p>    <strong>Pr\u00e9fecture d&rsquo;Ille-et-Vilaine et Dir Ouest<\/strong><br \/>\n        Communiqu\u00e9 de presse    <\/p><\/blockquote>\n<p class=\" wall-content\">Les <strong>travaux de r\u00e9paration<\/strong> sous l\u2019ouvrage, \u00ab\u2009permettant une reprise saine de la structure, afin de garantir la p\u00e9rennit\u00e9 et la s\u00e9curit\u00e9 du pont\u2009\u00bb, sont lanc\u00e9s par la Dir Ouest.<\/p>\n<p>Une semaine de fermeture<\/p>\n<p class=\" wall-content\">Ces travaux vont entra\u00eener la <strong>fermeture de l\u2019axe, du vendredi 21\u00a0novembre, \u00e0 21h, au vendredi 28\u00a0novembre, \u00e0 7h.<\/strong><\/p>\n<p class=\" wall-content\">\u00ab\u2009L\u2019\u00c9tat a fait le choix d\u2019un <strong>chantier 24h\/24<\/strong> afin de raccourcir le calendrier des travaux de r\u00e9paration et diminuer ainsi la g\u00eane aux usagers\u2009\u00bb, informe la pr\u00e9fecture.<\/p>\n<p>Votre r\u00e9gion, votre actu !<\/p>\n<p>Recevez chaque jour les infos qui comptent pour vous.<\/p>\n<p>\t<a href=\"https:\/\/actu.fr\/newsletter\" class=\"ac-btn ac-btn--corner ac-btn--medium ac-btn--blue800\" target=\"_blank\" rel=\"noopener\">S&rsquo;incrire<\/a><\/p>\n<p class=\" wall-content\">Voici les perturbations annonc\u00e9es\u2009:<\/p>\n<ul class=\" wall-content\">\n<li><strong>fermeture totale du pont d\u2019Alma dans le sens Nantes vers Rennes<\/strong> (RN137), y compris la bretelle de la rocade ext\u00e9rieure allant vers Alma (actuellement ferm\u00e9e depuis l\u2019incendie)\u2009;<\/li>\n<li><strong>fermeture des deux voies de la RN136<\/strong> (rocade ext\u00e9rieure) <strong>sous l\u2019ouvrage,<\/strong> avec basculement de la circulation sur la collectrice (voir plan)\u2009;<\/li>\n<li><strong>fermeture de la bretelle d\u2019insertion<\/strong> sur la rocade ext\u00e9rieure depuis Alma.<\/li>\n<\/ul>\n<blockquote class=\"ac-article-quote wall-content\">\n<p>Ces fermetures vont entra\u00eener de fortes perturbations de trafic sur la RN137 et sur l\u2019ensemble du secteur Rennes Sud\/Alma, avec des r\u00e9percussions attendues sur les r\u00e9seaux m\u00e9tropolitain et d\u00e9partemental.<\/p>\n<p>    <strong>Pr\u00e9fecture d&rsquo;Ille-et-Vilaine et Dir Ouest<\/strong><br \/>\n        Communiqu\u00e9 de presse    <\/p><\/blockquote>\n<p>En quoi consistent ces travaux ? <\/p>\n<p>Durant la fermeture, des travaux pr\u00e9paratoires seront lanc\u00e9s (mise en place d&rsquo;\u00e9chafaudages pour la protection du chantier et de mat\u00e9riel sp\u00e9cifique). Suivra une phase d&rsquo;hydro-d\u00e9molition, afin d&rsquo;enlever le b\u00e9ton endommag\u00e9 par l&rsquo;incendie. <br \/>Ensuite, une phase de reconstitution du b\u00e9ton enrobant les armatures de l&rsquo;ouvrage, via une technique de b\u00e9ton projet\u00e9, est programm\u00e9e.<br \/>Enfin, le chantier s&rsquo;ach\u00e8vera par le nettoyage du site et l&rsquo;\u00e9vacuation de tout le mat\u00e9riel.<\/p>\n<p>Une r\u00e9ouverture en deux temps<\/p>\n<p class=\" wall-content\">Le calendrier des r\u00e9ouvertures pr\u00e9voit\u2009:<\/p>\n<ul class=\" wall-content\">\n<li>une <strong>r\u00e9ouverture de la rocade ext\u00e9rieure<\/strong> jeudi 27\u00a0novembre avant 7h\u2009;<\/li>\n<li>une<strong> r\u00e9ouverture du pont d\u2019Alma<\/strong> (sens Nantes vers Rennes), vendredi 28\u00a0novembre avant 7h.<\/li>\n<\/ul>\n<p><a href=\"https:\/\/static.actu.fr\/uploads\/2025\/11\/plan-devation-alma.pdf\" target=\"_blank\" rel=\"noopener\">Afficher ou t\u00e9l\u00e9charger le fichier.<\/a><\/p>\n<p class=\" wall-content\">\u00ab\u2009La r\u00e9ouverture diff\u00e9r\u00e9e de la circulation sur le pont s\u2019explique par la dur\u00e9e n\u00e9cessaire \u00e0 la <strong>mont\u00e9e en r\u00e9sistance du b\u00e9ton<\/strong> projet\u00e9 sous l\u2019ouvrage, condition indispensable avant le retour du trafic.\u2009\u00bb<\/p>\n<p class=\" wall-content\">Personnalisez votre actualit\u00e9 en ajoutant vos villes et m\u00e9dias en favori avec <a href=\"https:\/\/moncompte.actu.fr\" title=\"D\u00e9couvez Mon Actu\" rel=\"nofollow noopener\" data-trk=\"{&quot;cta&quot;:{&quot;action&quot;:&quot;https:\\\/\\\/moncompte.actu.fr&quot;,&quot;category&quot;:&quot;mon compte&quot;,&quot;from&quot;:&quot;article footer&quot;,&quot;name&quot;:&quot;Mon actu&quot;,&quot;type&quot;:&quot;cta&quot;}}\" target=\"_blank\">Mon Actu<\/a>.<\/p>\n","protected":false},"excerpt":{"rendered":"Par Cl\u00e9mence Pays Publi\u00e9 le 7 nov. 2025 \u00e0 17h42 Un bus en feu sur la rocade de&hellip;\n","protected":false},"author":2,"featured_media":391775,"comment_status":"","ping_status":"","sticky":false,"template":"","format":"standard","meta":{"footnotes":""},"categories":[2821],"tags":[1111,11,829,3542,1777,674,1011,27,803,12,584,25,58413,104],"class_list":{"0":"post-518806","1":"post","2":"type-post","3":"status-publish","4":"format-standard","5":"has-post-thumbnail","7":"category-rennes","8":"tag-actu","9":"tag-actualites","10":"tag-bretagne","11":"tag-circulation","12":"tag-eu","13":"tag-europe","14":"tag-fr","15":"tag-france","16":"tag-info-trafic","17":"tag-news","18":"tag-rennes","19":"tag-republique-francaise","20":"tag-route-nationale-137-rn137","21":"tag-societe"},"share_on_mastodon":{"url":"https:\/\/pubeurope.com\/@fr\/115509827018524126","error":""},"_links":{"self":[{"href":"https:\/\/www.europesays.com\/fr\/wp-json\/wp\/v2\/posts\/518806","targetHints":{"allow":["GET"]}}],"collection":[{"href":"https:\/\/www.europesays.com\/fr\/wp-json\/wp\/v2\/posts"}],"about":[{"href":"https:\/\/www.europesays.com\/fr\/wp-json\/wp\/v2\/types\/post"}],"author":[{"embeddable":true,"href":"https:\/\/www.europesays.com\/fr\/wp-json\/wp\/v2\/users\/2"}],"replies":[{"embeddable":true,"href":"https:\/\/www.europesays.com\/fr\/wp-json\/wp\/v2\/comments?post=518806"}],"version-history":[{"count":0,"href":"https:\/\/www.europesays.com\/fr\/wp-json\/wp\/v2\/posts\/518806\/revisions"}],"wp:featuredmedia":[{"embeddable":true,"href":"https:\/\/www.europesays.com\/fr\/wp-json\/wp\/v2\/media\/391775"}],"wp:attachment":[{"href":"https:\/\/www.europesays.com\/fr\/wp-json\/wp\/v2\/media?parent=518806"}],"wp:term":[{"taxonomy":"category","embeddable":true,"href":"https:\/\/www.europesays.com\/fr\/wp-json\/wp\/v2\/categories?post=518806"},{"taxonomy":"post_tag","embeddable":true,"href":"https:\/\/www.europesays.com\/fr\/wp-json\/wp\/v2\/tags?post=518806"}],"curies":[{"name":"wp","href":"https:\/\/api.w.org\/{rel}","templated":true}]}}