{"id":518807,"date":"2025-11-07T18:27:18","date_gmt":"2025-11-07T18:27:18","guid":{"rendered":"https:\/\/www.europesays.com\/fr\/518807\/"},"modified":"2025-11-07T18:27:18","modified_gmt":"2025-11-07T18:27:18","slug":"une-instrumentalisation-de-la-culture-francaise-ils-se-mobilisent-contre-les-banquets-du-canon-francais-pres-de-rennes","status":"publish","type":"post","link":"https:\/\/www.europesays.com\/fr\/518807\/","title":{"rendered":"\u00ab\u00a0Une instrumentalisation de la culture fran\u00e7aise\u00a0\u00bb\u00a0: ils se mobilisent contre les banquets du Canon Fran\u00e7ais pr\u00e8s de Rennes"},"content":{"rendered":"<p>En d\u00e9but de soir\u00e9e, une cinquantaine de personnes se sont rassembl\u00e9es dans le calme, ce vendredi 7 novembre, sur la place du Vert Buisson, \u00e0 Bruz, pour partager leur col\u00e8re face \u00e0 la tenue des banquets du Canon Fran\u00e7ais au ch\u00e2teau de Blossac, \u00e0 quelques kilom\u00e8tres de l\u00e0.<\/p>\n<p>L\u2019\u00e9v\u00e9nement, qui doit se d\u00e9rouler jusqu\u2019\u00e0 dimanche, est au c\u0153ur d\u2019une vive pol\u00e9mique en raison de la pr\u00e9sence au capital du controvers\u00e9 milliardaire ultraconservateur Pierre-\u00c9douard St\u00e9rin. Plusieurs \u00e9lus locaux de gauche avaient notamment demand\u00e9 \u00e0 la Pr\u00e9fecture d\u2019annuler les banquets, qualifiant la manifestation de \u00ab tribune pour faire la promotion de l\u2019id\u00e9ologie d\u2019extr\u00eame droite \u00bb.<\/p>\n<p>Fest-noz revendicatif<\/p>\n<p>Face au maintien de l\u2019\u00e9v\u00e9nement, plusieurs citoyens ont tenu \u00e0 se rassembler pour organiser un fest-noz revendicatif \u00e0 Bruz. Devant l\u2019entr\u00e9e de l\u2019Intermarch\u00e9, une petite sc\u00e8ne \u00e9tait ainsi install\u00e9e avec plusieurs musiciens en action. Sur une banderole d\u00e9ploy\u00e9e autour du rassemblement, on pouvait lire ce message : \u00ab Ni en ville, ni en campagne, pas de fasciste en Bretagne \u00bb.<\/p>\n<p>\u00ab Ils instrumentalisent la culture fran\u00e7aise et les f\u00eates traditionnelles pour v\u00e9hiculer des id\u00e9es d\u2019extr\u00eame droite \u00bb, a r\u00e9agi Armelle, une habitante d\u2019Oss\u00e9. \u00ab Le projet P\u00e9ricl\u00e8s de St\u00e9rin est tr\u00e8s inqui\u00e9tant et c\u2019est une occasion pour eux de se structurer \u00bb, avance un autre participant. \u00ab On se sent forc\u00e9ment concern\u00e9 \u00bb.<\/p>\n<p>Pr\u00e9sent sur les lieux, le maire Philippe Salmon a salu\u00e9 le bon d\u00e9roulement de l\u2018\u00e9v\u00e9nement. \u00ab Je voulais que \u00e7a se passe le mieux possible. \u00c0 21 h, ils arr\u00eatent, dans ce cadre, \u00e7a me va bien. Les id\u00e9es qu\u2019ils d\u00e9fendent, je les d\u00e9fends aussi \u00bb. La gendarmerie \u00e9tait \u00e9galement sur place pour encadrer le rassemblement.<\/p>\n","protected":false},"excerpt":{"rendered":"En d\u00e9but de soir\u00e9e, une cinquantaine de personnes se sont rassembl\u00e9es dans le calme, ce vendredi 7 novembre,&hellip;\n","protected":false},"author":2,"featured_media":518808,"comment_status":"","ping_status":"","sticky":false,"template":"","format":"standard","meta":{"footnotes":""},"categories":[2821],"tags":[1111,11,829,765,1777,674,1011,27,848,12,584,25],"class_list":{"0":"post-518807","1":"post","2":"type-post","3":"status-publish","4":"format-standard","5":"has-post-thumbnail","7":"category-rennes","8":"tag-actu","9":"tag-actualites","10":"tag-bretagne","11":"tag-en-continu","12":"tag-eu","13":"tag-europe","14":"tag-fr","15":"tag-france","16":"tag-ille-et-vilaine","17":"tag-news","18":"tag-rennes","19":"tag-republique-francaise"},"share_on_mastodon":{"url":"https:\/\/pubeurope.com\/@fr\/115509830934127502","error":""},"_links":{"self":[{"href":"https:\/\/www.europesays.com\/fr\/wp-json\/wp\/v2\/posts\/518807","targetHints":{"allow":["GET"]}}],"collection":[{"href":"https:\/\/www.europesays.com\/fr\/wp-json\/wp\/v2\/posts"}],"about":[{"href":"https:\/\/www.europesays.com\/fr\/wp-json\/wp\/v2\/types\/post"}],"author":[{"embeddable":true,"href":"https:\/\/www.europesays.com\/fr\/wp-json\/wp\/v2\/users\/2"}],"replies":[{"embeddable":true,"href":"https:\/\/www.europesays.com\/fr\/wp-json\/wp\/v2\/comments?post=518807"}],"version-history":[{"count":0,"href":"https:\/\/www.europesays.com\/fr\/wp-json\/wp\/v2\/posts\/518807\/revisions"}],"wp:featuredmedia":[{"embeddable":true,"href":"https:\/\/www.europesays.com\/fr\/wp-json\/wp\/v2\/media\/518808"}],"wp:attachment":[{"href":"https:\/\/www.europesays.com\/fr\/wp-json\/wp\/v2\/media?parent=518807"}],"wp:term":[{"taxonomy":"category","embeddable":true,"href":"https:\/\/www.europesays.com\/fr\/wp-json\/wp\/v2\/categories?post=518807"},{"taxonomy":"post_tag","embeddable":true,"href":"https:\/\/www.europesays.com\/fr\/wp-json\/wp\/v2\/tags?post=518807"}],"curies":[{"name":"wp","href":"https:\/\/api.w.org\/{rel}","templated":true}]}}