{"id":518816,"date":"2025-11-07T18:34:29","date_gmt":"2025-11-07T18:34:29","guid":{"rendered":"https:\/\/www.europesays.com\/fr\/518816\/"},"modified":"2025-11-07T18:34:29","modified_gmt":"2025-11-07T18:34:29","slug":"je-ne-savais-plus-marcher-le-sport-sante-une-affaire-de-bien-etre-mais-pas-encore-2","status":"publish","type":"post","link":"https:\/\/www.europesays.com\/fr\/518816\/","title":{"rendered":"\u00ab\u00a0Je ne savais plus marcher\u00a0\u00bb\u00a0: le sport sant\u00e9, une affaire de bien-\u00eatre mais pas encore"},"content":{"rendered":"<tr wp_automatic_readability=\"6.8888888888889\">\n<td valign=\"middle\" align=\"center\" class=\"col-logo\" wp_automatic_readability=\"5\">\n    <img decoding=\"async\" src=\"https:\/\/maville.com\/design\/images\/logo-of-monetise.svg?version=20130627\" alt=\"logo Ouest-France\" height=\"66\"\/><\/p>\n<p>Contenu r\u00e9serv\u00e9 aux abonn\u00e9s<\/p>\n<\/td>\n<td class=\"col-titre\">\n\t\t\tJeudi 06 novembre 2025 06:50<br \/>\n\t\t\t<a class=\"icon-bulle sizeL count\" href=\"#ancreAvis\"><br \/>\n\t&#8230;<br \/>\n<\/a><\/td>\n<\/tr>\n<p>\t\t<a class=\"mavillebox2 elmt-photo\" href=\"https:\/\/maville.com\/photosmvi\/2025\/11\/06\/P35565145D7051805G.jpg\" title=\" Depuis deux ans, Flavie (de dos) a co-cr\u00e9\u00e9 le centre Mouv\u2019Adapt et dispense des cours de renforcement musculaire adapt\u00e9 \u00e0 Chantal, Gildas et Patrick (de gauche \u00e0 droite).  \u00a9  Ouest-France  \" rel=\"galerie_actu noopener\" target=\"_blank\"><br \/>\n\t<img decoding=\"async\" src=\"https:\/\/www.europesays.com\/fr\/wp-content\/uploads\/2025\/11\/P35565145D7051805G_crop_640-330_.jpg\" alt=\"photo  depuis deux ans, flavie (de dos) a co-cr\u00e9\u00e9 le centre mouv\u2019adapt et dispense des cours de renforcement musculaire adapt\u00e9 \u00e0 chantal, gildas et patrick (de gauche \u00e0 droite).  \u00a9  ouest-france \"\/><br \/>\n\t3<br \/>\n<\/a><\/p>\n<p class=\"elmt-legende\"> Depuis deux ans, Flavie (de dos) a co-cr\u00e9\u00e9 le centre Mouv\u2019Adapt et dispense des cours de renforcement musculaire adapt\u00e9 \u00e0 Chantal, Gildas et Patrick (de gauche \u00e0 droite).  \u00a9  Ouest-France  <\/p>\n<p><a class=\"mavillebox2\" href=\"https:\/\/maville.com\/photosmvi\/2025\/11\/06\/P35565146D7051805G.jpg\" title=\"Sous un beau soleil, Chantal (\u00e0 gauche) et Monique (\u00e0 droite) s\u2019exercent sur des rameurs pour travailler gestes et posture. \u00a9  Ouest-France \" rel=\"galerie_actu noopener\" target=\"_blank\"><a class=\"mavillebox2\" href=\"https:\/\/maville.com\/photosmvi\/2025\/11\/06\/P35565147D7051805G.jpg\" title=\"Au Cercle d\u2019aviron de Nantes, m\u00eame en sport sant\u00e9, Brigitte peut naviguer seule \u00e0 bord d\u2019un aviron un peu plus large que ceux de comp\u00e9tition pour s\u2019exercer en conditions r\u00e9elles. \u00a9  Ouest-France \" rel=\"galerie_actu noopener\" target=\"_blank\"><\/p>\n<p>\t\tEn 2019, l\u2019\u00c9tat a mis en place une premi\u00e8re strat\u00e9gie nationale sport sant\u00e9. L\u2019objectif, diminuer la s\u00e9dentarit\u00e9 et am\u00e9liorer la sant\u00e9 des personnes atteintes d\u2019une maladie ou d\u2019un cancer, en pratiquant un sport de mani\u00e8re adapt\u00e9e. Depuis, plusieurs clubs s\u2019y sont mis et des structures priv\u00e9es ont vu le jour. Reportage au Cercle d\u2019aviron de Nantes et dans la salle Mouv\u2019Adapt de Carquefou mais aussi d\u00e9cryptage des limites du sport sant\u00e9 qui persistent toujours avec un m\u00e9decin du sport.<\/p>\n<p><b>Cet article est r\u00e9serv\u00e9 aux abonn\u00e9s<\/b><\/p>\n<p>Pour un acc\u00e8s imm\u00e9diat, abonnez-vous<\/p>\n<p><b>1\u00e8re semaine offerte<\/b><\/p>\n<p>\t\t Enzo HESRY. \u00a0\u00a0<br \/>\n\t\tOuest-France<\/p>\n<p>Retrouvez d&rsquo;autres actus sur les communes de :<\/p>\n<p>\t\t&#13;<\/p>\n","protected":false},"excerpt":{"rendered":"Contenu r\u00e9serv\u00e9 aux abonn\u00e9s Jeudi 06 novembre 2025 06:50 &#8230; 3 Depuis deux ans, Flavie (de dos) a&hellip;\n","protected":false},"author":2,"featured_media":517622,"comment_status":"","ping_status":"","sticky":false,"template":"","format":"standard","meta":{"footnotes":""},"categories":[2818],"tags":[1111,11,3809,1465,1777,674,63,1011,27,1792,1922,766,12,2636,25,479,517,1470],"class_list":{"0":"post-518816","1":"post","2":"type-post","3":"status-publish","4":"format-standard","5":"has-post-thumbnail","7":"category-nantes","8":"tag-actu","9":"tag-actualites","10":"tag-ball","11":"tag-basket","12":"tag-eu","13":"tag-europe","14":"tag-football","15":"tag-fr","16":"tag-france","17":"tag-handball","18":"tag-info","19":"tag-nantes","20":"tag-news","21":"tag-pays-de-la-loire","22":"tag-republique-francaise","23":"tag-rugby","24":"tag-sport","25":"tag-volley"},"share_on_mastodon":{"url":"https:\/\/pubeurope.com\/@fr\/115509859544088189","error":""},"_links":{"self":[{"href":"https:\/\/www.europesays.com\/fr\/wp-json\/wp\/v2\/posts\/518816","targetHints":{"allow":["GET"]}}],"collection":[{"href":"https:\/\/www.europesays.com\/fr\/wp-json\/wp\/v2\/posts"}],"about":[{"href":"https:\/\/www.europesays.com\/fr\/wp-json\/wp\/v2\/types\/post"}],"author":[{"embeddable":true,"href":"https:\/\/www.europesays.com\/fr\/wp-json\/wp\/v2\/users\/2"}],"replies":[{"embeddable":true,"href":"https:\/\/www.europesays.com\/fr\/wp-json\/wp\/v2\/comments?post=518816"}],"version-history":[{"count":0,"href":"https:\/\/www.europesays.com\/fr\/wp-json\/wp\/v2\/posts\/518816\/revisions"}],"wp:featuredmedia":[{"embeddable":true,"href":"https:\/\/www.europesays.com\/fr\/wp-json\/wp\/v2\/media\/517622"}],"wp:attachment":[{"href":"https:\/\/www.europesays.com\/fr\/wp-json\/wp\/v2\/media?parent=518816"}],"wp:term":[{"taxonomy":"category","embeddable":true,"href":"https:\/\/www.europesays.com\/fr\/wp-json\/wp\/v2\/categories?post=518816"},{"taxonomy":"post_tag","embeddable":true,"href":"https:\/\/www.europesays.com\/fr\/wp-json\/wp\/v2\/tags?post=518816"}],"curies":[{"name":"wp","href":"https:\/\/api.w.org\/{rel}","templated":true}]}}