{"id":518817,"date":"2025-11-07T18:35:20","date_gmt":"2025-11-07T18:35:20","guid":{"rendered":"https:\/\/www.europesays.com\/fr\/518817\/"},"modified":"2025-11-07T18:35:20","modified_gmt":"2025-11-07T18:35:20","slug":"expos-salon-friperie-week-end-a-nantes-voici-nos-idees-sorties","status":"publish","type":"post","link":"https:\/\/www.europesays.com\/fr\/518817\/","title":{"rendered":"Expos, salon, friperie\u2026 Week-end \u00e0 Nantes : voici nos id\u00e9es sorties"},"content":{"rendered":"<p>            Par<br \/>\n        <strong><br \/>\n            <a href=\"https:\/\/actu.fr\/auteur\/laure-gentil\" title=\"Consulter tous les articles de Laure Gentil\" rel=\"nofollow noopener\" target=\"_blank\">Laure Gentil<\/a><br \/>\n        <\/strong><\/p>\n<p>        Publi\u00e9 le<\/p>\n<p>            7 nov. 2025 \u00e0 18h48        <\/p>\n<p>Le week-end est arriv\u00e9 et les Nantais et les Nantaises vont pouvoir se d\u00e9tendre et s\u2019amuser. Comme tous les vendredis, la r\u00e9daction d\u2019actu Nantes vous s\u00e9lectionne des <b>id\u00e9es sorties<\/b> \u00e0 faire dans la cit\u00e9 des Ducs de Bretagne et dans sa m\u00e9tropole, seul ou accompagn\u00e9. Voici les activit\u00e9s \u00e0 faire ce <b>samedi\u00a08 et dimanche 9\u00a0novembre <\/b>2025 \u00e0 <b>Nantes<\/b>.<\/p>\n<p>Le salon Creativa<\/p>\n<p class=\" wall-content\">Si vous aimez le DIY (\u00abDo It Yourself\u2009\u00bb), de bricolage ou de couture, il ne faut pas rater le salon Creativa\u00a0samedi et dimanche au parc des Expos. Une <b>centaine d\u2019exposants<\/b> seront pr\u00e9sents. Cette ann\u00e9e, le <b>Japon est mis \u00e0 l\u2019honneur<\/b> avec un corner d\u00e9di\u00e9. L\u2019artiste plasticienne Tchiyoko sera l\u00e0 pour faire d\u00e9couvrir l\u2019art traditionnel de l\u2019origami. L\u2019atelier Honma, sp\u00e9cialis\u00e9 dans la fabrication d\u2019onigiri vous initiera \u00e0 \u00ab\u2009l\u2019art du pliage d\u2019onigiri\u2009\u00bb (il sera possible de les manger). Ebisu \u00c9ditions, la maison d\u2019\u00e9dition ind\u00e9pendante proposera des livres illustr\u00e9s ainsi que des produits d\u00e9riv\u00e9s.<\/p>\n<p class=\" wall-content\">Infos pratiques\u2009: <a href=\"https:\/\/boutique.exponantes.com\/Accueil-Boutique\/Accueil-Redirect?IdSession=CREA2025&amp;trk=CREA25SI\" rel=\"nofollow noopener\" target=\"_blank\">cliquez ici pour acc\u00e9der \u00e0 la billetterie<\/a>.<\/p>\n<p>La friperie dansante<\/p>\n<p class=\" wall-content\">La friperie dansante, organis\u00e9e par<b> Doe Shop,<\/b> fait son retour \u00e0 la Cale des 2 Cr\u00e9ateurs, samedi\u00a08 et dimanche 9\u00a0novembre, pour permettre de chiner pour l\u2019hiver, tout en dansant. Il y aura de la musique, de la seconde main, du vintage et bien s\u00fbr de quoi se restaurer.<\/p>\n<p class=\" wall-content\">Infos pratiques\u2009: samedi de 11h \u00e0 19h et dimanche de 12h \u00e0 18h.<\/p>\n<p>Exposition \u00ab\u2009Sous la pluie\u2009\u00bb<\/p>\n<p class=\" wall-content\"><b>Jusqu\u2019au 1er\u00a0mars<\/b>, les Nantais peuvent d\u00e9couvrir l\u2019exposition \u00ab\u2009Sous la pluie. Peindre, vivre et r\u00eaver\u2009\u00bb au Mus\u00e9e des arts de Nantes. 150 \u0153uvres sont expos\u00e9es issues de collections priv\u00e9es et de grands mus\u00e9es comme le Mus\u00e9e d\u2019Orsay ou le Philadelphia Museum of Art. Parmi ces \u0153uvres, il y a des tableaux peints par <b>Gustave Caillebotte<\/b>, Gustave Courbet, William Turner, Camille Pissaro, Paul S\u00e9rusier ou encore James Tissot. Des photographes seront aussi expos\u00e9s (Andr\u00e9 Kert\u00e9sz). <a href=\"https:\/\/actu.fr\/pays-de-la-loire\/nantes_44109\/blind-test-visites-ateliers-un-week-end-gratuit-dans-ce-musee-de-nantes_63363191.html\" rel=\"nofollow noopener\" target=\"_blank\">Ce samedi et dimanche, l\u2019exposition est gratuite car il s\u2019agit du week-end inaugural. Des animations sont aussi pr\u00e9vues<\/a>.<\/p>\n<p>Votre r\u00e9gion, votre actu !<\/p>\n<p>Recevez chaque jour les infos qui comptent pour vous.<\/p>\n<p>\t<a href=\"https:\/\/actu.fr\/newsletter\" class=\"ac-btn ac-btn--corner ac-btn--medium ac-btn--blue800\" rel=\"nofollow noopener\" target=\"_blank\">S&rsquo;incrire<\/a><br \/>\nVibrations urbaines<\/p>\n<p class=\" wall-content\">Vibration Urbaines \u00e0 Orvault est visible<b> jusqu\u2019au 30\u00a0novembre<\/b>. Il s\u2019agit d\u2019une exposition d\u2019un collectif de photographes du <b>Photo Club Nantais,<\/b> qui pratique l\u2019ICM (Intentionel Camera Movement ou Mouvement intentionnel de l\u2019appareil photo) c\u2019est-\u00e0-dire que \u00ab\u2009l\u2019appareil est d\u00e9plac\u00e9 pendant l\u2019exposition afin de cr\u00e9er un mouvement artistique\u2009\u00bb.<\/p>\n<p class=\" wall-content\">Infos pratiques\u2009: exposition ouverte le vendredi, samedi et dimanche de 13h \u00e0 18h. 37 Avenue de la Ferri\u00e8re.<\/p>\n<p class=\" wall-content\">Personnalisez votre actualit\u00e9 en ajoutant vos villes et m\u00e9dias en favori avec <a href=\"https:\/\/moncompte.actu.fr\" title=\"D\u00e9couvez Mon Actu\" rel=\"nofollow noopener\" data-trk=\"{&quot;cta&quot;:{&quot;action&quot;:&quot;https:\\\/\\\/moncompte.actu.fr&quot;,&quot;category&quot;:&quot;mon compte&quot;,&quot;from&quot;:&quot;article footer&quot;,&quot;name&quot;:&quot;Mon actu&quot;,&quot;type&quot;:&quot;cta&quot;}}\" target=\"_blank\">Mon Actu<\/a>.<\/p>\n","protected":false},"excerpt":{"rendered":"Par Laure Gentil Publi\u00e9 le 7 nov. 2025 \u00e0 18h48 Le week-end est arriv\u00e9 et les Nantais et&hellip;\n","protected":false},"author":2,"featured_media":518818,"comment_status":"","ping_status":"","sticky":false,"template":"","format":"standard","meta":{"footnotes":""},"categories":[2818],"tags":[1111,11,1063,677,1777,674,1011,27,1652,766,12,2636,25],"class_list":{"0":"post-518817","1":"post","2":"type-post","3":"status-publish","4":"format-standard","5":"has-post-thumbnail","7":"category-nantes","8":"tag-actu","9":"tag-actualites","10":"tag-animations","11":"tag-bons-plans","12":"tag-eu","13":"tag-europe","14":"tag-fr","15":"tag-france","16":"tag-loisirs-culture","17":"tag-nantes","18":"tag-news","19":"tag-pays-de-la-loire","20":"tag-republique-francaise"},"share_on_mastodon":{"url":"https:\/\/pubeurope.com\/@fr\/115509862379210546","error":""},"_links":{"self":[{"href":"https:\/\/www.europesays.com\/fr\/wp-json\/wp\/v2\/posts\/518817","targetHints":{"allow":["GET"]}}],"collection":[{"href":"https:\/\/www.europesays.com\/fr\/wp-json\/wp\/v2\/posts"}],"about":[{"href":"https:\/\/www.europesays.com\/fr\/wp-json\/wp\/v2\/types\/post"}],"author":[{"embeddable":true,"href":"https:\/\/www.europesays.com\/fr\/wp-json\/wp\/v2\/users\/2"}],"replies":[{"embeddable":true,"href":"https:\/\/www.europesays.com\/fr\/wp-json\/wp\/v2\/comments?post=518817"}],"version-history":[{"count":0,"href":"https:\/\/www.europesays.com\/fr\/wp-json\/wp\/v2\/posts\/518817\/revisions"}],"wp:featuredmedia":[{"embeddable":true,"href":"https:\/\/www.europesays.com\/fr\/wp-json\/wp\/v2\/media\/518818"}],"wp:attachment":[{"href":"https:\/\/www.europesays.com\/fr\/wp-json\/wp\/v2\/media?parent=518817"}],"wp:term":[{"taxonomy":"category","embeddable":true,"href":"https:\/\/www.europesays.com\/fr\/wp-json\/wp\/v2\/categories?post=518817"},{"taxonomy":"post_tag","embeddable":true,"href":"https:\/\/www.europesays.com\/fr\/wp-json\/wp\/v2\/tags?post=518817"}],"curies":[{"name":"wp","href":"https:\/\/api.w.org\/{rel}","templated":true}]}}