{"id":518849,"date":"2025-11-07T18:52:26","date_gmt":"2025-11-07T18:52:26","guid":{"rendered":"https:\/\/www.europesays.com\/fr\/518849\/"},"modified":"2025-11-07T18:52:26","modified_gmt":"2025-11-07T18:52:26","slug":"pourquoi-lest-de-lallemagne-eprouve-une-certaine-sympathie-pour-la-russie-de-poutine","status":"publish","type":"post","link":"https:\/\/www.europesays.com\/fr\/518849\/","title":{"rendered":"Pourquoi l\u2019est de l\u2019Allemagne\u00a0\u00e9prouve une certaine sympathie pour la Russie de Poutine"},"content":{"rendered":"<p>Plus de trente ans apr\u00e8s la chute du mur de Berlin, une ligne invisible continue de s\u00e9parer l&rsquo;Allemagne de l&rsquo;Est et celle de l&rsquo;Ouest. Cette fracture, h\u00e9rit\u00e9e de la guerre froide, se manifeste aujourd&rsquo;hui dans\u00a0l&rsquo;attitude face \u00e0 la Russie et \u00e0 la guerre en Ukraine. Alors que l&rsquo;invasion russe, lanc\u00e9e par Vladimir Poutine, approche de sa quatri\u00e8me ann\u00e9e, de nombreux habitants de l&rsquo;ancienne Allemagne de l&rsquo;Est affichent une sympathie persistante pour Moscou, bien diff\u00e9rente de la m\u00e9fiance qui pr\u00e9vaut \u00e0 l&rsquo;Ouest.<\/p>\n<p>Dans la plupart des L\u00e4nder occidentaux, la condamnation de l&rsquo;agression russe fait consensus. Les Allemands de l&rsquo;Ouest soutiennent majoritairement l&rsquo;aide militaire \u00e0 l&rsquo;Ukraine et l&rsquo;imposition de sanctions contre la Russie. La menace russe y est prise au s\u00e9rieux, et\u00a0<a class=\"Link\" href=\"https:\/\/www.lepoint.fr\/societe\/vers-un-retour-du-service-militaire-obligatoire-en-europe-07-03-2025-2584161_23.php\" title=\"\" data-gtm=\"click:capsule\" data-capsule=\"Lien\" rel=\"nofollow noopener\" target=\"_blank\">le gouvernement f\u00e9d\u00e9ral a annonc\u00e9 r\u00e9tablir le service militaire volontaire<\/a> l&rsquo;an prochain. \u00c0 l&rsquo;Est, le regard est plus nuanc\u00e9, parfois m\u00eame critique envers la politique occidentale. Les sondages montrent que les Allemands de l&rsquo;Est sont moins enclins \u00e0 soutenir l&rsquo;adh\u00e9sion de l&rsquo;Ukraine \u00e0 l&rsquo;Otan, ou \u00e0 approuver la livraison d&rsquo;armes \u00e0 Kiev. Un <a class=\"Link\" href=\"https:\/\/www.tagesschau.de\/inland\/innenpolitik\/panzerlieferungen-debatte-101.html\" target=\"_blank\" title=\"\" data-gtm=\"click:capsule\" data-capsule=\"Lien\" rel=\"nofollow noopener\">sondage <\/a>command\u00e9 par la cha\u00eene ARD au d\u00e9but de l&rsquo;ann\u00e9e\u00a02023\u00a0estimait par exemple que 59\u00a0% des habitants d&rsquo;Allemagne de l&rsquo;Est \u00e9taient oppos\u00e9s \u00e0 <a class=\"Link\" href=\"https:\/\/www.lepoint.fr\/monde\/sur-le-front-ukrainien-l-equipement-militaire-allemand-devient-obsolete-16-04-2025-2587481_24.php\" title=\"\" data-gtm=\"click:capsule\" data-capsule=\"Lien\" rel=\"nofollow noopener\" target=\"_blank\">l&rsquo;envoi de chars Leopard \u00e0 Kiev<\/a>.<\/p>\n<p>Ce clivage se retrouve dans les urnes. <a class=\"Link\" href=\"https:\/\/www.lepoint.fr\/monde\/comment-la-digue-de-friedrich-merz-face-a-l-afd-menace-de-ceder-20-10-2025-2601372_24.php\" title=\"\" data-gtm=\"click:capsule\" data-capsule=\"Lien\" rel=\"nofollow noopener\" target=\"_blank\">Le parti d&rsquo;extr\u00eame droite Alternative pour l&rsquo;Allemagne (AfD)<\/a>, qui se pr\u00e9sente comme \u00ab\u00a0pro-paix\u00a0\u00bb et \u00ab\u00a0anti-armement\u00a0\u00bb, s\u00e9duit particuli\u00e8rement les \u00e9lecteurs de l&rsquo;Est. Cette sensibilit\u00e9 prorusse s&rsquo;exprime aussi dans la vie quotidienne. \u00c0 Berlin-Est, le Dr Morr\u00e9, historien et directeur d&rsquo;un mus\u00e9e consacr\u00e9 \u00e0 la capitulation allemande de 1945, a pu le constater. Interview\u00e9 par le <a class=\"Link\" href=\"https:\/\/www.nytimes.com\/2025\/11\/07\/world\/europe\/germany-russia-divide.html\" target=\"_blank\" title=\"\" data-gtm=\"click:capsule\" data-capsule=\"Lien\" rel=\"nofollow noopener\">New York Times<\/a>, il raconte que, lorsqu&rsquo;il a hiss\u00e9 sur la fa\u00e7ade du mus\u00e9e un\u00a0drapeau ukrainien en signe de solidarit\u00e9, il a re\u00e7u de nombreux messages d&rsquo;habitants du quartier et de m\u00e9c\u00e8nes du mus\u00e9e lui demandant de le retirer.<\/p>\n<p>Ce sentiment prorusse n&rsquo;est pas partag\u00e9 par tous les anciens pays du bloc sovi\u00e9tique. En Pologne ou dans les pays Baltes, la crainte de Moscou est vive, et l&rsquo;hostilit\u00e9 envers la Russie s&rsquo;est renforc\u00e9e depuis l&rsquo;invasion de l&rsquo;Ukraine. La Hongrie, en revanche, affiche une position plus ambigu\u00eb, proche de celle de l&rsquo;Est allemand.<\/p>\n<p>Ce ph\u00e9nom\u00e8ne surprend d&rsquo;autant plus que l&rsquo;ex-RDA (R\u00e9publique d\u00e9mocratique allemande) a longtemps souffert de la domination sovi\u00e9tique. Pendant des d\u00e9cennies, la population a subi la r\u00e9pression, <a class=\"Link\" href=\"https:\/\/www.lepoint.fr\/monde\/poutine-les-annees-kgb-en-allemagne-de-l-est-02-03-2023-2510620_24.php\" title=\"\" data-gtm=\"click:capsule\" data-capsule=\"Lien\" rel=\"nofollow noopener\" target=\"_blank\">la surveillance<\/a> et la pauvret\u00e9 impos\u00e9es par le r\u00e9gime alli\u00e9 \u00e0\u00a0Moscou, comme le d\u00e9crit le tr\u00e8s bon film allemand\u00a0La Vie des autres (2006). \u00c0 la fin des ann\u00e9es 1980, des centaines de milliers d&rsquo;Allemands de l&rsquo;Est sont descendus dans la rue pour r\u00e9clamer la fin du r\u00e9gime prosovi\u00e9tique et renverser le mur de Berlin. Pourquoi, alors, cette bienveillance envers la Russie est-elle palpable aujourd&rsquo;hui\u00a0?<\/p>\n<p>Les d\u00e9sillusions de l&rsquo;apr\u00e8s-r\u00e9unification<\/p>\n<p>La r\u00e9ponse se trouve peut-\u00eatre moins dans le pass\u00e9 sovi\u00e9tique que dans les d\u00e9sillusions de l&rsquo;apr\u00e8s-r\u00e9unification. Apr\u00e8s 1990, l&rsquo;Est a d\u00fb s&rsquo;adapter brutalement \u00e0 l&rsquo;\u00e9conomie de march\u00e9 et au mod\u00e8le ouest-allemand. Beaucoup d&rsquo;habitants ont perdu leur emploi, vu leurs usines fermer, et se sont sentis rel\u00e9gu\u00e9s au rang de citoyens de seconde zone. Aujourd&rsquo;hui encore, les \u00e9carts de richesse et de ch\u00f4mage entre l&rsquo;Est et l&rsquo;Ouest demeurent. Si la vie s&rsquo;est nettement am\u00e9lior\u00e9e \u00e0 l&rsquo;Est depuis la fin du communisme, la comparaison permanente avec les voisins de l&rsquo;Ouest entretient un sentiment d&rsquo;injustice et de d\u00e9classement.<\/p>\n<p>\n\u00c0 D\u00e9couvrir<br \/>\n<strong class=\"discover-kangourou__line\"><br \/>\n<img decoding=\"async\" class=\"discover-kangourou__img\" src=\"https:\/\/static.lpnt.fr\/static\/img\/kangourou\/kangourou_filled.svg\"\/><br \/>\n<strong class=\"discover-kangourou__txt\"><br \/>\n<strong>Le Kangourou du jour<\/strong><br \/>\n<a href=\"https:\/\/kangourou.lepoint.fr\" title=\"kangourou\" data-gtm-cta=\"kangourou_article\" class=\"discover-kangourou__lnk\" rel=\"nofollow noopener\" target=\"_blank\"><br \/>\nR\u00e9pondre<br \/>\n<\/a><br \/>\n<\/strong><br \/>\n<\/strong><br \/>\nCette perception est renforc\u00e9e par le souvenir d&rsquo;une p\u00e9riode, juste apr\u00e8s la chute de l&rsquo;URSS, o\u00f9 Moscou semblait vouloir s&rsquo;ouvrir \u00e0 la d\u00e9mocratie et \u00e0 l&rsquo;Europe. Comme le souligne le sociologue Steffen Mau, interrog\u00e9 par le New York Times, les contacts directs entre Allemands de l&rsquo;Est et Russes sont aujourd&rsquo;hui rares. Les repr\u00e9sentations de la Russie restent donc marqu\u00e9es par la nostalgie d&rsquo;une \u00e9poque r\u00e9volue, plus que par la r\u00e9alit\u00e9 du r\u00e9gime actuel.<\/p>\n<p>L&rsquo;histoire, les d\u00e9sillusions \u00e9conomiques et la m\u00e9moire s\u00e9lective expliquent donc en partie pourquoi, en Allemagne, la fronti\u00e8re de la guerre froide n&rsquo;a pas totalement disparu. \u00c0 l&rsquo;Est, la Russie reste, pour beaucoup, un partenaire familier, sinon un alli\u00e9, malgr\u00e9 les r\u00e9alit\u00e9s du pr\u00e9sent.<\/p>\n<p>Toute l\u2019actualit\u00e9 \u00e0 1\u20ac le premier mois<\/p>\n<p><a href=\"https:\/\/abo.lepoint.fr\/?provenance=21EDI020098\" class=\"btn\" title=\"S&#039;abonner\" data-gtm=\"click:abo|display:abo\" data-campaign=\"paywall_maison\" rel=\"nofollow noopener\" target=\"_blank\">S&rsquo;abonner<\/a><\/p>\n<p>ou<\/p>\n","protected":false},"excerpt":{"rendered":"Plus de trente ans apr\u00e8s la chute du mur de Berlin, une ligne invisible continue de s\u00e9parer l&rsquo;Allemagne&hellip;\n","protected":false},"author":2,"featured_media":518850,"comment_status":"","ping_status":"","sticky":false,"template":"","format":"standard","meta":{"footnotes":""},"categories":[1591],"tags":[11,1887,14,12,1885,1886,132],"class_list":{"0":"post-518849","1":"post","2":"type-post","3":"status-publish","4":"format-standard","5":"has-post-thumbnail","7":"category-russie","8":"tag-actualites","9":"tag-federation-de-russie","10":"tag-international","11":"tag-news","12":"tag-russia","13":"tag-russian-federation","14":"tag-russie"},"share_on_mastodon":{"url":"https:\/\/pubeurope.com\/@fr\/115509929451338191","error":""},"_links":{"self":[{"href":"https:\/\/www.europesays.com\/fr\/wp-json\/wp\/v2\/posts\/518849","targetHints":{"allow":["GET"]}}],"collection":[{"href":"https:\/\/www.europesays.com\/fr\/wp-json\/wp\/v2\/posts"}],"about":[{"href":"https:\/\/www.europesays.com\/fr\/wp-json\/wp\/v2\/types\/post"}],"author":[{"embeddable":true,"href":"https:\/\/www.europesays.com\/fr\/wp-json\/wp\/v2\/users\/2"}],"replies":[{"embeddable":true,"href":"https:\/\/www.europesays.com\/fr\/wp-json\/wp\/v2\/comments?post=518849"}],"version-history":[{"count":0,"href":"https:\/\/www.europesays.com\/fr\/wp-json\/wp\/v2\/posts\/518849\/revisions"}],"wp:featuredmedia":[{"embeddable":true,"href":"https:\/\/www.europesays.com\/fr\/wp-json\/wp\/v2\/media\/518850"}],"wp:attachment":[{"href":"https:\/\/www.europesays.com\/fr\/wp-json\/wp\/v2\/media?parent=518849"}],"wp:term":[{"taxonomy":"category","embeddable":true,"href":"https:\/\/www.europesays.com\/fr\/wp-json\/wp\/v2\/categories?post=518849"},{"taxonomy":"post_tag","embeddable":true,"href":"https:\/\/www.europesays.com\/fr\/wp-json\/wp\/v2\/tags?post=518849"}],"curies":[{"name":"wp","href":"https:\/\/api.w.org\/{rel}","templated":true}]}}