{"id":518851,"date":"2025-11-07T18:53:25","date_gmt":"2025-11-07T18:53:25","guid":{"rendered":"https:\/\/www.europesays.com\/fr\/518851\/"},"modified":"2025-11-07T18:53:25","modified_gmt":"2025-11-07T18:53:25","slug":"larmee-de-kiev-encerclee-moins-de-visas-pour-les-russes-et-un-sauvetage-en-robot-cercueil","status":"publish","type":"post","link":"https:\/\/www.europesays.com\/fr\/518851\/","title":{"rendered":"L\u2019arm\u00e9e de Kiev encercl\u00e9e, moins de visas pour les Russes et un sauvetage en \u00ab\u00a0robot cercueil\u00a0\u00bb"},"content":{"rendered":"<p>Vous avez rat\u00e9 les derniers \u00e9v\u00e9nements sur la <a href=\"https:\/\/www.20minutes.fr\/monde\/ukraine\/\" class=\"c-link c-link--is-underlined\" rel=\"nofollow noopener\" target=\"_blank\">guerre en Ukraine<\/a>\u00a0? 20 Minutes fait le point pour vous tous les soirs. Voici l\u2019essentiel de ce vendredi 7\u00a0novembre, 1.353e jour du conflit.<\/p>\n<p>Le fait du jour<\/p>\n<p>Des voyages moins faciles. L<a href=\"https:\/\/www.20minutes.fr\/dossier\/ue\" class=\"c-link c-link--is-underlined\" rel=\"nofollow noopener\" target=\"_blank\">\u2019Union europ\u00e9enne<\/a> a durci ce vendredi la d\u00e9livrance des visas pour les citoyens russes afin de renforcer sa s\u00e9curit\u00e9 apr\u00e8s plusieurs attaques hybrides attribu\u00e9es \u00e0 des ressortissants du pays de <a href=\"https:\/\/www.20minutes.fr\/monde\/vladimir_poutine\/\" class=\"c-link c-link--is-underlined\" rel=\"nofollow noopener\" target=\"_blank\">Vladimir Poutine<\/a>. \u00ab\u00a0Lancer une guerre et s\u2019attendre \u00e0 pouvoir se d\u00e9placer librement en Europe est difficile \u00e0 justifier\u00a0\u00bb, a soulign\u00e9 sur X la cheffe de la diplomatie de l\u2019UE Kaja Kallas. Les ressortissants russes ne peuvent plus recevoir de visa \u00e0 entr\u00e9es multiples, mais uniquement des visas valables pour une seule entr\u00e9e dans l\u2019UE.<\/p>\n<\/p>\n<p>Bruxelles avait d\u00e9j\u00e0 suspendu en\u00a02022, au d\u00e9but de la guerre, son accord facilitant l\u2019obtention de visas pour les Russes. Cela avait fait chuter le nombre de visas d\u00e9livr\u00e9s, qui est pass\u00e9 de plus de quatre millions avant f\u00e9vrier\u00a02022 \u00e0 environ 500.000 en\u00a02023.<\/p>\n<p>Mais selon des diplomates europ\u00e9ens, ce chiffre est reparti \u00e0 la hausse. Au cours des huit premiers mois de cette ann\u00e9e\u00a0: 459.883 visas \u00e0 entr\u00e9es multiples ont \u00e9t\u00e9 d\u00e9livr\u00e9s, soit une augmentation de 12\u00a0% par rapport \u00e0\u00a02024. Les destinations touristiques comme la France, l\u2019<a href=\"https:\/\/www.20minutes.fr\/dossier\/espagne\" class=\"c-link c-link--is-underlined\" rel=\"nofollow noopener\" target=\"_blank\">Espagne<\/a> et l\u2019Italie figurent parmi les pays d\u00e9livrant le plus de visas aux citoyens russes.<\/p>\n<p>La phrase du jour<\/p>\n<blockquote class=\"mx-m@xs mx-xxl@md color-ultramarine c-citation\">\n<p class=\"font-weight-regular@xs text-italic font-source-serif-pro text-l@xs c-citation__content\">\u00ab\u00a0Nous respectons le droit l\u00e9gitime de nos amis de la R\u00e9publique populaire d\u00e9mocratique de Cor\u00e9e [la Cor\u00e9e du Nord] \u00e0 assurer leur propre s\u00e9curit\u00e9 et \u00e0 prendre des mesures en ce sens.\u00a0\u00bb<\/p>\n<\/blockquote>\n<p>Amis pour la vie. Dmitri Peskov, le porte-parole du <a href=\"https:\/\/www.20minutes.fr\/dossier\/kremlin\" class=\"c-link c-link--is-underlined\" rel=\"nofollow noopener\" target=\"_blank\">Kremlin<\/a>, a d\u00e9fendu ce vendredi la dictature de <a href=\"https:\/\/www.20minutes.fr\/monde\/kim_jong_un\/\" class=\"c-link c-link--is-underlined\" rel=\"nofollow noopener\" target=\"_blank\">Kim Jong-un<\/a> qui a tir\u00e9 un missile balistique en mer du Japon, provoquant la col\u00e8re de Tokyo, alli\u00e9 des Etas-Unis de Trump. Pour rappel, des soldats nord-cor\u00e9ens \u00e9paulent l\u2019arm\u00e9e russe dans sa guerre en Ukraine.<\/p>\n<p>Le chiffre du jour<\/p>\n<p>33. Le nombre de jours pass\u00e9s en solitaire par un soldat ukrainien bless\u00e9 derri\u00e8re les lignes ennemies. Selon une vid\u00e9o post\u00e9e sur Telegram par le 1er bataillon m\u00e9dical des forces terrestres ukrainiennes, il est d\u00e9sormais de retour au bercail gr\u00e2ce au robot MAUL et \u00e0 sa capsule blind\u00e9e en forme de cercueil, o\u00f9 un homme peut s\u2019allonger. Il a fallu six tentatives et un p\u00e9riple de 64\u00a0km pour que le drone terrestre arrive \u00e0 r\u00e9cup\u00e9rer le combattant en d\u00e9tresse. \u00ab\u00a0Le soldat bless\u00e9 est actuellement soign\u00e9 et en r\u00e9\u00e9ducation. Il a \u00e9t\u00e9 sauv\u00e9\u00a0\u00bb, a d\u00e9clar\u00e9 le pr\u00e9sident <a href=\"https:\/\/www.20minutes.fr\/monde\/volodymyr-zelensky\/\" class=\"c-link c-link--is-underlined\" rel=\"nofollow noopener\" target=\"_blank\">Volodymyr Zelensky<\/a> dans une vid\u00e9o. Il a f\u00e9licit\u00e9 les troupes du 1er bataillon m\u00e9dical pour cette op\u00e9ration, soulignant l\u2019importance de telles missions de sauvetage et des innovations sur le champ de bataille.<\/p>\n<p>La tendance<\/p>\n<p>Selon le site Internet de cartographie militaire DeepState, proche de l\u2019arm\u00e9e ukrainienne, il n\u2019existe plus \u2013 sur le papier \u2013 qu\u2019un \u00e9troit couloir de moins de trois kilom\u00e8tres de large, qui permettrait un \u00e9ventuel repli ukrainien de la zone de Pokrovsk. Cette ville, appel\u00e9e Krasnoarme\u00efsk par les Russes, comptait 60.000 habitants avant la guerre. Au c\u0153ur de combats depuis juillet\u00a02024, elle est aujourd\u2019hui en grande partie d\u00e9serte et d\u00e9truite.<\/p>\n<p>Pokrovsk a surtout une position strat\u00e9gique de premier plan, \u00e0 la crois\u00e9e de plusieurs routes et voies ferr\u00e9es conduisant aux derni\u00e8res places fortes des troupes ukrainiennes dans l\u2019est, telles que Pavlograd et Kostiantynivka.<\/p>\n<p><a href=\"http:\/\/www.20minutes.fr\/monde\/ukraine\" class=\"c-link c-btn c-btn--primary\" rel=\"nofollow noopener\" target=\"_blank\">Notre dossier sur la guerre en Ukraine<\/a><\/p>\n<p>Le pr\u00e9sident ukrainien Volodymyr Zelensky a fait \u00e9tat ce vendredi d\u2019une situation \u00ab\u00a0compliqu\u00e9e\u00a0\u00bb avec \u00ab\u00a0220 assauts sur Pokrovsk en trois jours\u00a0\u00bb. Selon lui, 314 soldats russes s\u2019y sont infiltr\u00e9s, \u00e9paul\u00e9s par un groupe \u00e0 la p\u00e9riph\u00e9rie. La strat\u00e9gie de Kiev, qui a choisi d\u2019envoyer des troupes sp\u00e9ciales plut\u00f4t que de se replier, est critiqu\u00e9e par certains experts militaires ukrainiens.<\/p>\n","protected":false},"excerpt":{"rendered":"Vous avez rat\u00e9 les derniers \u00e9v\u00e9nements sur la guerre en Ukraine\u00a0? 20 Minutes fait le point pour vous&hellip;\n","protected":false},"author":2,"featured_media":518852,"comment_status":"","ping_status":"","sticky":false,"template":"","format":"standard","meta":{"footnotes":""},"categories":[1590],"tags":[47,11,13987,564,1777,674,131,15404,4998,74,12,7566,132,220,135,134],"class_list":{"0":"post-518851","1":"post","2":"type-post","3":"status-publish","4":"format-standard","5":"has-post-thumbnail","7":"category-ukraine","8":"tag-actualite","9":"tag-actualites","10":"tag-coree-du-nord","11":"tag-drone","12":"tag-eu","13":"tag-europe","14":"tag-guerre-en-ukraine","15":"tag-kim-jong-un","16":"tag-kremlin","17":"tag-monde","18":"tag-news","19":"tag-robot","20":"tag-russie","21":"tag-ukraine","22":"tag-vladimir-poutine","23":"tag-volodymyr-zelensky"},"share_on_mastodon":{"url":"https:\/\/pubeurope.com\/@fr\/115509933169700150","error":""},"_links":{"self":[{"href":"https:\/\/www.europesays.com\/fr\/wp-json\/wp\/v2\/posts\/518851","targetHints":{"allow":["GET"]}}],"collection":[{"href":"https:\/\/www.europesays.com\/fr\/wp-json\/wp\/v2\/posts"}],"about":[{"href":"https:\/\/www.europesays.com\/fr\/wp-json\/wp\/v2\/types\/post"}],"author":[{"embeddable":true,"href":"https:\/\/www.europesays.com\/fr\/wp-json\/wp\/v2\/users\/2"}],"replies":[{"embeddable":true,"href":"https:\/\/www.europesays.com\/fr\/wp-json\/wp\/v2\/comments?post=518851"}],"version-history":[{"count":0,"href":"https:\/\/www.europesays.com\/fr\/wp-json\/wp\/v2\/posts\/518851\/revisions"}],"wp:featuredmedia":[{"embeddable":true,"href":"https:\/\/www.europesays.com\/fr\/wp-json\/wp\/v2\/media\/518852"}],"wp:attachment":[{"href":"https:\/\/www.europesays.com\/fr\/wp-json\/wp\/v2\/media?parent=518851"}],"wp:term":[{"taxonomy":"category","embeddable":true,"href":"https:\/\/www.europesays.com\/fr\/wp-json\/wp\/v2\/categories?post=518851"},{"taxonomy":"post_tag","embeddable":true,"href":"https:\/\/www.europesays.com\/fr\/wp-json\/wp\/v2\/tags?post=518851"}],"curies":[{"name":"wp","href":"https:\/\/api.w.org\/{rel}","templated":true}]}}