{"id":518853,"date":"2025-11-07T18:54:25","date_gmt":"2025-11-07T18:54:25","guid":{"rendered":"https:\/\/www.europesays.com\/fr\/518853\/"},"modified":"2025-11-07T18:54:25","modified_gmt":"2025-11-07T18:54:25","slug":"arnaud-montebourg-regrette-la-vassalisation-de-lunion-europeenne","status":"publish","type":"post","link":"https:\/\/www.europesays.com\/fr\/518853\/","title":{"rendered":"Arnaud Montebourg regrette la \u00ab\u00a0vassalisation\u00a0\u00bb de l&rsquo;Union europ\u00e9enne"},"content":{"rendered":"<p>L&rsquo;ancien ministre de l&rsquo;\u00c9conomie d\u00e9nonce l&rsquo;accord sur les droits de douane pass\u00e9 entre l&rsquo;Union europ\u00e9enne et les \u00c9tats Unis et affirme que Ursula Von Der Leyen a accept\u00e9 la \u00ab\u00a0vassalisation\u00a0\u00bb.<\/p>\n<p>\u00ab\u00a0Nous sommes les colonis\u00e9s des services num\u00e9riques am\u00e9ricains\u00a0\u00bb, a d\u00e9clar\u00e9 Arnaud Montebourg, ancien ministre de l&rsquo;\u00c9conomie et fervent d\u00e9fenseur du Made in France, sur BFMTV.<\/p>\n<p>L&rsquo;ancien ministre a attaqu\u00e9 la pr\u00e9sidente de la Commission europ\u00e9enne, Ursula Von Der Leyen, qu&rsquo;il accuse d&rsquo;avoir accept\u00e9 <a href=\"https:\/\/www.bfmtv.com\/economie\/international\/pourquoi-la-declaration-commune-entre-l-union-europeenne-et-les-etats-unis-tarde-a-venir-trois-semaines-apres-l-accord-commercial_AV-202508170154.html\" title=\"Pourquoi la d\u00e9claration commune entre l&#039;Union europ\u00e9enne et les \u00c9tats-Unis tarde \u00e0 venir, trois semaines apr\u00e8s l&#039;accord commercial\" class=\"internal_link\" rel=\"nofollow noopener\" target=\"_blank\">un accord tr\u00e8s d\u00e9s\u00e9quilibr\u00e9 avec Donald Trump<\/a>, sur <a href=\"https:\/\/www.bfmtv.com\/economie\/international\/de-6-3-a-5-9-du-pib-les-droits-de-douane-record-de-donald-trump-vont-legerement-reduire-le-deficit-americain_AD-202510160919.html\" title=\"De 6,3% \u00e0 5,9% du PIB: les droits de douane &quot;record&quot; de Donald Trump vont l\u00e9g\u00e8rement r\u00e9duire le d\u00e9ficit am\u00e9ricain\" class=\"internal_link\" rel=\"nofollow noopener\" target=\"_blank\">les droits de douane<\/a>.<\/p>\n<blockquote class=\"embed embed_quote\"><p>\u00ab\u00a0Madame Von Der Leyen, elle tremble comme une petite fille devant Monsieur Trump\u00a0\u00bb, d\u00e9nonce Arnaud Montebourg,<\/p><\/blockquote>\n<p><img decoding=\"async\" src=\"https:\/\/www.europesays.com\/fr\/wp-content\/uploads\/2025\/05\/principale-26_1.png\"  alt=\"Quels sont les pays les plus touch\u00e9s par les droits de douane am\u00e9ricains ?\" title=\"Quels sont les pays les plus touch\u00e9s par les droits de douane am\u00e9ricains ?\"\/>Quels sont les pays les plus touch\u00e9s par les droits de douane am\u00e9ricains ?<\/p>\n<p>\u00ab\u00a0On a accept\u00e9 la vassalisation\u00a0\u00bb, d\u00e9nonce Arnaud Montebourg. \u00ab\u00a0Il faut \u00eatre intransigeant, d\u00e9fendre nos int\u00e9r\u00eats, ce n&rsquo;est pas honteux !\u00a0\u00bb, mart\u00e8le l&rsquo;ancien ministre, qui estime que les responsables politiques europ\u00e9ens devraient davantage d\u00e9fendre les producteurs fran\u00e7ais.<\/p>\n","protected":false},"excerpt":{"rendered":"L&rsquo;ancien ministre de l&rsquo;\u00c9conomie d\u00e9nonce l&rsquo;accord sur les droits de douane pass\u00e9 entre l&rsquo;Union europ\u00e9enne et les \u00c9tats&hellip;\n","protected":false},"author":2,"featured_media":518854,"comment_status":"","ping_status":"","sticky":false,"template":"","format":"standard","meta":{"footnotes":""},"categories":[1589],"tags":[11,73,1866,12,1864,1865,1863,308],"class_list":{"0":"post-518853","1":"post","2":"type-post","3":"status-publish","4":"format-standard","5":"has-post-thumbnail","7":"category-etats-unis","8":"tag-actualites","9":"tag-etats-unis","10":"tag-etats-unis-damerique","11":"tag-news","12":"tag-united-states","13":"tag-united-states-of-america","14":"tag-us","15":"tag-usa"},"share_on_mastodon":{"url":"https:\/\/pubeurope.com\/@fr\/115509937820289475","error":""},"_links":{"self":[{"href":"https:\/\/www.europesays.com\/fr\/wp-json\/wp\/v2\/posts\/518853","targetHints":{"allow":["GET"]}}],"collection":[{"href":"https:\/\/www.europesays.com\/fr\/wp-json\/wp\/v2\/posts"}],"about":[{"href":"https:\/\/www.europesays.com\/fr\/wp-json\/wp\/v2\/types\/post"}],"author":[{"embeddable":true,"href":"https:\/\/www.europesays.com\/fr\/wp-json\/wp\/v2\/users\/2"}],"replies":[{"embeddable":true,"href":"https:\/\/www.europesays.com\/fr\/wp-json\/wp\/v2\/comments?post=518853"}],"version-history":[{"count":0,"href":"https:\/\/www.europesays.com\/fr\/wp-json\/wp\/v2\/posts\/518853\/revisions"}],"wp:featuredmedia":[{"embeddable":true,"href":"https:\/\/www.europesays.com\/fr\/wp-json\/wp\/v2\/media\/518854"}],"wp:attachment":[{"href":"https:\/\/www.europesays.com\/fr\/wp-json\/wp\/v2\/media?parent=518853"}],"wp:term":[{"taxonomy":"category","embeddable":true,"href":"https:\/\/www.europesays.com\/fr\/wp-json\/wp\/v2\/categories?post=518853"},{"taxonomy":"post_tag","embeddable":true,"href":"https:\/\/www.europesays.com\/fr\/wp-json\/wp\/v2\/tags?post=518853"}],"curies":[{"name":"wp","href":"https:\/\/api.w.org\/{rel}","templated":true}]}}