{"id":518857,"date":"2025-11-07T18:56:32","date_gmt":"2025-11-07T18:56:32","guid":{"rendered":"https:\/\/www.europesays.com\/fr\/518857\/"},"modified":"2025-11-07T18:56:32","modified_gmt":"2025-11-07T18:56:32","slug":"le-chancelier-merz-nous-devons-faire-de-lallemagne-larmee-la-plus-puissante-de-lue-business-am","status":"publish","type":"post","link":"https:\/\/www.europesays.com\/fr\/518857\/","title":{"rendered":"Le chancelier Merz : \u00ab Nous devons faire de l&rsquo;Allemagne l&rsquo;arm\u00e9e la plus puissante de l&rsquo;UE \u00bb &#8211; Business AM"},"content":{"rendered":"<p>                    <img decoding=\"async\" style=\"aspect-ratio:16\/9\" src=\"https:\/\/www.europesays.com\/fr\/wp-content\/uploads\/2025\/11\/Friedrich-Merz-Duitsland-allemagne-1.jpg\" width=\"100%\" loading=\"eager\"\/><\/p>\n<p>                            <a href=\"https:\/\/fr.businessam.be\/author\/redactie\/\" class=\"author-thumbnail\" style=\"border: 2px inset #00000099;\" target=\"_blank\" rel=\"noopener\"><img loading=\"lazy\" decoding=\"async\" src=\"https:\/\/www.europesays.com\/fr\/wp-content\/uploads\/2025\/11\/cropped-favicon-192x192.png\" width=\"80\" height=\"80\" alt=\"Business AM\"\/><\/a>\ue05bpar <a href=\"https:\/\/fr.businessam.be\/author\/redactie\/\" target=\"_blank\" rel=\"noopener\">Business AM<\/a><br \/>\ue010publi\u00e9 le vendredi 07 novembre 2025 \u00e0 18:58 \u2022 <br \/>\ue00c3 min de lecture<\/p>\n<p>Principaux renseignements<\/p>\n<ul class=\"wp-block-list\">\n<li><strong>La Russie repr\u00e9sente une menace importante pour l\u2019Europe par le biais d\u2019actions telles que le sabotage, l\u2019espionnage et les cyberattaques. C\u2019est ce qu\u2019affirme le chancelier allemand Friedrich Merz.<\/strong><\/li>\n<li><strong>L\u2019Allemagne pr\u00e9voit d\u2019augmenter ses d\u00e9penses de d\u00e9fense et de moderniser son arm\u00e9e afin de devenir l\u2019arm\u00e9e conventionnelle la plus puissante de l\u2019Union europ\u00e9enne.<\/strong><\/li>\n<li><strong>La chanceli\u00e8re allemande s\u2019est engag\u00e9e \u00e0 mettre en \u0153uvre des r\u00e9formes globales pour r\u00e9soudre les probl\u00e8mes de recrutement et de fid\u00e9lisation au sein de la Bundeswehr.<\/strong><\/li>\n<\/ul>\n<p>Selon le chancelier allemand Friedrich Merz, l\u2019Europe est confront\u00e9e \u00e0 une menace importante de la part de la Russie. S\u2019exprimant lors d\u2019un forum des forces arm\u00e9es allemandes, M. Merz a soulign\u00e9 que la paix et la s\u00e9curit\u00e9 en Europe n\u2019\u00e9taient plus garanties. Il a cit\u00e9 des exemples d\u2019agressions russes, notamment le sabotage, l\u2019espionnage, les cyberattaques et les campagnes de d\u00e9sinformation, soulignant la r\u00e9alit\u00e9 de ce danger en Allemagne m\u00eame.<\/p>\n<p>\u00ab Besoin d\u2019une arm\u00e9e puissante \u00bb<\/p>\n<p>Pour contrer cette menace, Merz a affirm\u00e9 la n\u00e9cessit\u00e9 pour l\u2019Allemagne, en tant que troisi\u00e8me \u00e9conomie mondiale, de se doter d\u2019une force militaire puissante, \u00e0 la mesure de sa taille et de sa puissance \u00e9conomique. Il s\u2019est engag\u00e9 \u00e0 augmenter les d\u00e9penses de d\u00e9fense et les efforts de modernisation de la Bundeswehr, dans le but d\u2019en faire l\u2019arm\u00e9e conventionnelle la plus puissante de l\u2019Union europ\u00e9enne. Cette initiative s\u2019inscrit dans le cadre des responsabilit\u00e9s de l\u2019Allemagne au sein de l\u2019OTAN, \u00e0 savoir le maintien d\u2019une alliance solide capable de dissuader toute agression.<\/p>\n<p>Merz a \u00e9galement reconnu <a href=\"https:\/\/fr.businessam.be\/lallemagne-renforce-sa-presence-strategique-avec-lacquisition-dun-nouveau-sous-marin\/\" target=\"_blank\" rel=\"noreferrer noopener\">les d\u00e9fis<\/a> auxquels est confront\u00e9e la Bundeswehr en mati\u00e8re de recrutement et de fid\u00e9lisation. Il a promis des r\u00e9formes globales et de nouvelles mesures pour rendre le service militaire plus attrayant pour les jeunes g\u00e9n\u00e9rations, en veillant \u00e0 ce que les forces arm\u00e9es disposent du personnel n\u00e9cessaire pour remplir leur mission. (fc)<\/p>\n<p><a href=\"https:\/\/news.google.com\/publications\/CAowtseUCw?hl=fr&amp;gl=BE&amp;ceid=BE%3Afr\" target=\"_blank\" rel=\"noopener\">Suivez \u00e9galement Business AM sur Google Actualit\u00e9s<\/a><\/p>\n<p><a href=\"https:\/\/portalfr.businessam.be\/plans\/business-am-fr-offre-dete\/\" target=\"_blank\" rel=\"noopener\">Si vous souhaitez acc\u00e9der \u00e0 tous les articles, abonnez-vous ici!<\/a><\/p>\n","protected":false},"excerpt":{"rendered":"\ue05bpar Business AM\ue010publi\u00e9 le vendredi 07 novembre 2025 \u00e0 18:58 \u2022 \ue00c3 min de lecture Principaux renseignements La&hellip;\n","protected":false},"author":2,"featured_media":443951,"comment_status":"","ping_status":"","sticky":false,"template":"","format":"standard","meta":{"footnotes":""},"categories":[1587],"tags":[11,672,1804,1805,1803,1777,674,4710,1801,12,1802],"class_list":{"0":"post-518857","1":"post","2":"type-post","3":"status-publish","4":"format-standard","5":"has-post-thumbnail","7":"category-allemagne","8":"tag-actualites","9":"tag-allemagne","10":"tag-bundesrepublik-deutschland","11":"tag-de","12":"tag-deutschland","13":"tag-eu","14":"tag-europe","15":"tag-friedrich-merz","16":"tag-germany","17":"tag-news","18":"tag-republique-federale-dallemagne"},"share_on_mastodon":{"url":"https:\/\/pubeurope.com\/@fr\/115509945744925140","error":""},"_links":{"self":[{"href":"https:\/\/www.europesays.com\/fr\/wp-json\/wp\/v2\/posts\/518857","targetHints":{"allow":["GET"]}}],"collection":[{"href":"https:\/\/www.europesays.com\/fr\/wp-json\/wp\/v2\/posts"}],"about":[{"href":"https:\/\/www.europesays.com\/fr\/wp-json\/wp\/v2\/types\/post"}],"author":[{"embeddable":true,"href":"https:\/\/www.europesays.com\/fr\/wp-json\/wp\/v2\/users\/2"}],"replies":[{"embeddable":true,"href":"https:\/\/www.europesays.com\/fr\/wp-json\/wp\/v2\/comments?post=518857"}],"version-history":[{"count":0,"href":"https:\/\/www.europesays.com\/fr\/wp-json\/wp\/v2\/posts\/518857\/revisions"}],"wp:featuredmedia":[{"embeddable":true,"href":"https:\/\/www.europesays.com\/fr\/wp-json\/wp\/v2\/media\/443951"}],"wp:attachment":[{"href":"https:\/\/www.europesays.com\/fr\/wp-json\/wp\/v2\/media?parent=518857"}],"wp:term":[{"taxonomy":"category","embeddable":true,"href":"https:\/\/www.europesays.com\/fr\/wp-json\/wp\/v2\/categories?post=518857"},{"taxonomy":"post_tag","embeddable":true,"href":"https:\/\/www.europesays.com\/fr\/wp-json\/wp\/v2\/tags?post=518857"}],"curies":[{"name":"wp","href":"https:\/\/api.w.org\/{rel}","templated":true}]}}