{"id":518858,"date":"2025-11-07T18:57:21","date_gmt":"2025-11-07T18:57:21","guid":{"rendered":"https:\/\/www.europesays.com\/fr\/518858\/"},"modified":"2025-11-07T18:57:21","modified_gmt":"2025-11-07T18:57:21","slug":"nba-europe-paris-lyon-madrid-londres-istanbul-on-connait-la-liste-des-villes-choisies-pour-la-future-ligue-de-basket","status":"publish","type":"post","link":"https:\/\/www.europesays.com\/fr\/518858\/","title":{"rendered":"NBA Europe : Paris, Lyon, Madrid, Londres, Istanbul\u2026 on conna\u00eet la liste des villes choisies pour la future ligue de basket"},"content":{"rendered":"<p class=\"paragraph text_align_left lp-f-body-02\">Le projet de <a href=\"https:\/\/www.leparisien.fr\/sports\/basket\/avec-de-grands-clubs-de-foot-qui-nont-pas-encore-dequipe-de-basket-la-future-ligue-nba-en-europe-se-precise-21-10-2025-ZBY6MFU3EJAIHCTVFQRB2FDP5I.php\" target=\"_blank\" rel=\"noreferrer nofollow noopener\">la NBA Europe<\/a> se concr\u00e9tise doucement. Alors que le lancement de la comp\u00e9tition est pr\u00e9vu en octobre 2027, son patron George Aivazoglou a d\u00e9voil\u00e9 ce vendredi \u00e0 <a href=\"https:\/\/www.gazzetta.it\/Nba\/07-11-2025\/football-business-forum-l-ad-george-aivazoglou-illustra-il-progetto-nba-europe.shtml?refresh_ce\" target=\"_blank\" rel=\"noreferrer nofollow noopener\">la Gazzetta dello Sport<\/a> le casting des villes choisies par la ligue de basket. On y retrouve notamment Paris et Lyon pour la France, sans grande surprise.<\/p>\n<p class=\"paragraph text_align_left lp-f-body-02\">Au total, douze franchises permanentes sont pr\u00e9vues. Celles-ci ont \u00e9t\u00e9 r\u00e9parties sur sept pays, cinq d\u2019entre eux ayant la chance d\u2019en accueillir deux. Ce sera <a href=\"https:\/\/www.leparisien.fr\/sports\/basket\/on-ne-se-demande-plus-si-un-championnat-nba-en-europe-avec-le-psg-cest-pour-demain-30-09-2025-NMWJVEDWEJEVDB27NYOQGBVFZE.php\" target=\"_blank\" rel=\"noreferrer nofollow noopener\">notamment le cas de la France<\/a> mais aussi du Royaume-Uni (Londres et Manchester), de l\u2019Espagne (Madrid et Barcelone), de l\u2019Italie (Rome et Milan) et de l\u2019Allemagne (Berlin et Munich). Ath\u00e8nes (Gr\u00e8ce) et Istanbul (Turquie) compl\u00e8tent la liste.<\/p>\n<p class=\"paragraph text_align_left lp-f-body-02\">Une bonne partie de ces villes correspondent \u00e0 des \u00e9quipes majeures d\u00e9j\u00e0 existantes. On pense notamment au Paris Basketball et <a href=\"https:\/\/www.leparisien.fr\/sports\/basket\/basket-pourquoi-lasvel-de-tony-parker-envisage-de-quitter-leuroligue-a-la-fin-de-la-saison-19-10-2025-KA4QFS5ETFAZDD4J6QLBL5IX7Q.php\" target=\"_blank\" rel=\"noreferrer nofollow noopener\">\u00e0 l\u2019Asvel<\/a>, mais aussi au Real Madrid, \u00e0 l\u2019Olympiakos ou au Panathina\u00efkos, \u00e0 Fenerbah\u00e7e, au Bayern Munich ou \u00e0 l\u2019Olimpia Milano, toutes inscrites en Euroligue cette saison.<\/p>\n<p class=\"paragraph text_align_left lp-f-body-02\">Le <a href=\"https:\/\/www.leparisien.fr\/sports\/basket\/basket-5-minutes-pour-comprendre-la-possible-creation-dun-championnat-nba-en-europe-17-12-2024-4TIE64WHLFAC3NAA45GDTW7DXE.php\" target=\"_blank\" rel=\"noreferrer nofollow noopener\">projet NBA Europe<\/a> ne s\u2019arr\u00eatera pas \u00e0 ces douze villes puisque quatre autres franchises disputeront la comp\u00e9tition apr\u00e8s s\u2019\u00eatre qualifi\u00e9es. Le processus devrait se faire via la Ligue des champions, la Coupe d\u2019Europe organis\u00e9e par la F\u00e9d\u00e9ration internationale (FIBA), qui collabore avec la NBA pour la cr\u00e9ation de la nouvelle ligue.<\/p>\n","protected":false},"excerpt":{"rendered":"Le projet de la NBA Europe se concr\u00e9tise doucement. Alors que le lancement de la comp\u00e9tition est pr\u00e9vu&hellip;\n","protected":false},"author":2,"featured_media":518859,"comment_status":"","ping_status":"","sticky":false,"template":"","format":"standard","meta":{"footnotes":""},"categories":[1586],"tags":[11,1465,1777,674,1011,27,12,25,60],"class_list":{"0":"post-518858","1":"post","2":"type-post","3":"status-publish","4":"format-standard","5":"has-post-thumbnail","7":"category-europe","8":"tag-actualites","9":"tag-basket","10":"tag-eu","11":"tag-europe","12":"tag-fr","13":"tag-france","14":"tag-news","15":"tag-republique-francaise","16":"tag-sports"},"share_on_mastodon":{"url":"https:\/\/pubeurope.com\/@fr\/115509948844440150","error":""},"_links":{"self":[{"href":"https:\/\/www.europesays.com\/fr\/wp-json\/wp\/v2\/posts\/518858","targetHints":{"allow":["GET"]}}],"collection":[{"href":"https:\/\/www.europesays.com\/fr\/wp-json\/wp\/v2\/posts"}],"about":[{"href":"https:\/\/www.europesays.com\/fr\/wp-json\/wp\/v2\/types\/post"}],"author":[{"embeddable":true,"href":"https:\/\/www.europesays.com\/fr\/wp-json\/wp\/v2\/users\/2"}],"replies":[{"embeddable":true,"href":"https:\/\/www.europesays.com\/fr\/wp-json\/wp\/v2\/comments?post=518858"}],"version-history":[{"count":0,"href":"https:\/\/www.europesays.com\/fr\/wp-json\/wp\/v2\/posts\/518858\/revisions"}],"wp:featuredmedia":[{"embeddable":true,"href":"https:\/\/www.europesays.com\/fr\/wp-json\/wp\/v2\/media\/518859"}],"wp:attachment":[{"href":"https:\/\/www.europesays.com\/fr\/wp-json\/wp\/v2\/media?parent=518858"}],"wp:term":[{"taxonomy":"category","embeddable":true,"href":"https:\/\/www.europesays.com\/fr\/wp-json\/wp\/v2\/categories?post=518858"},{"taxonomy":"post_tag","embeddable":true,"href":"https:\/\/www.europesays.com\/fr\/wp-json\/wp\/v2\/tags?post=518858"}],"curies":[{"name":"wp","href":"https:\/\/api.w.org\/{rel}","templated":true}]}}