{"id":518860,"date":"2025-11-07T18:58:21","date_gmt":"2025-11-07T18:58:21","guid":{"rendered":"https:\/\/www.europesays.com\/fr\/518860\/"},"modified":"2025-11-07T18:58:21","modified_gmt":"2025-11-07T18:58:21","slug":"un-couple-arrete-par-les-policiers","status":"publish","type":"post","link":"https:\/\/www.europesays.com\/fr\/518860\/","title":{"rendered":"un couple arr\u00eat\u00e9 par les policiers"},"content":{"rendered":"<p>Tout est parti d\u2019un renseignement, arriv\u00e9 aux oreilles des policiers du commissariat de Blois. Des all\u00e9es et venues suspectes sont signal\u00e9es autour d\u2019un appartement situ\u00e9 quai de l\u2019Abb\u00e9-Gr\u00e9goire <a title=\"lien vers la NR\" target=\"_self\" href=\"https:\/\/www.lanouvellerepublique.fr\/blois\" rel=\"nofollow noopener\">\u00e0 Blois<\/a>, lou\u00e9 sur la plateforme Airbnb. Tr\u00e8s vite, les soup\u00e7ons portent sur une activit\u00e9 de prostitution.<\/p>\n<p>\u00c0 force de surveillance et d\u2019investigations durant la semaine, les policiers ont interpell\u00e9 un couple, jeudi 6\u00a0novembre 2025. Selon les informations de La Nouvelle R\u00e9publique, l\u2019homme est suspect\u00e9 d\u2019avoir jou\u00e9 le r\u00f4le de prox\u00e9n\u00e8te de sa compagne, qui, elle, se prostituait.<\/p>\n<p>Des \u00ab\u00a0sex tours\u00a0\u00bb et un arr\u00eat \u00e0 Blois<\/p>\n<p>Apr\u00e8s avoir lou\u00e9 l\u2019appartement, dans lequel 2.000\u00a0\u20ac en esp\u00e8ces et plusieurs t\u00e9l\u00e9phones portables ont \u00e9t\u00e9 retrouv\u00e9s, une annonce \u00e9tait post\u00e9e sur un site en ligne sp\u00e9cialis\u00e9 dans les relations sexuelles tarif\u00e9es.<\/p>\n<p>Les policiers ont \u00e9galement acquis la conviction que le duo fonctionnait via un \u00ab\u00a0sex tour\u00a0\u00bb fait de d\u00e9placements fr\u00e9quents entre plusieurs villes, dont Blois, avec une pr\u00e9sence d\u2019une semaine dans chaque lieu. Le commissariat de Blois appelle \u00e0 la vigilance des personnes mettant leur logement sur Airbnb qui, sans le savoir, pourrait m\u00e9caniquement devenir complice de cette activit\u00e9 de prox\u00e9n\u00e9tisme.<\/p>\n<p>Contact\u00e9 pour conna\u00eetre la suite donn\u00e9e \u00e0 l\u2019enqu\u00eate, le procureur de la R\u00e9publique de Blois n\u2019a pu r\u00e9pondre \u00e0 nos sollicitations, \u00e0 l\u2019heure d\u2019\u00e9crire ces lignes.<\/p>\n","protected":false},"excerpt":{"rendered":"Tout est parti d\u2019un renseignement, arriv\u00e9 aux oreilles des policiers du commissariat de Blois. Des all\u00e9es et venues&hellip;\n","protected":false},"author":2,"featured_media":518861,"comment_status":"","ping_status":"","sticky":false,"template":"","format":"standard","meta":{"footnotes":""},"categories":[1586],"tags":[1392,11,3469,1777,674,1779,274,1011,27,4368,12,25,1778,364],"class_list":{"0":"post-518860","1":"post","2":"type-post","3":"status-publish","4":"format-standard","5":"has-post-thumbnail","7":"category-europe","8":"tag-a-la-une-local","9":"tag-actualites","10":"tag-blois","11":"tag-eu","12":"tag-europe","13":"tag-european-union","14":"tag-faits-divers-justice","15":"tag-fr","16":"tag-france","17":"tag-loir-et-cher","18":"tag-news","19":"tag-republique-francaise","20":"tag-ue","21":"tag-union-europeenne"},"share_on_mastodon":{"url":"https:\/\/pubeurope.com\/@fr\/115509952783792256","error":""},"_links":{"self":[{"href":"https:\/\/www.europesays.com\/fr\/wp-json\/wp\/v2\/posts\/518860","targetHints":{"allow":["GET"]}}],"collection":[{"href":"https:\/\/www.europesays.com\/fr\/wp-json\/wp\/v2\/posts"}],"about":[{"href":"https:\/\/www.europesays.com\/fr\/wp-json\/wp\/v2\/types\/post"}],"author":[{"embeddable":true,"href":"https:\/\/www.europesays.com\/fr\/wp-json\/wp\/v2\/users\/2"}],"replies":[{"embeddable":true,"href":"https:\/\/www.europesays.com\/fr\/wp-json\/wp\/v2\/comments?post=518860"}],"version-history":[{"count":0,"href":"https:\/\/www.europesays.com\/fr\/wp-json\/wp\/v2\/posts\/518860\/revisions"}],"wp:featuredmedia":[{"embeddable":true,"href":"https:\/\/www.europesays.com\/fr\/wp-json\/wp\/v2\/media\/518861"}],"wp:attachment":[{"href":"https:\/\/www.europesays.com\/fr\/wp-json\/wp\/v2\/media?parent=518860"}],"wp:term":[{"taxonomy":"category","embeddable":true,"href":"https:\/\/www.europesays.com\/fr\/wp-json\/wp\/v2\/categories?post=518860"},{"taxonomy":"post_tag","embeddable":true,"href":"https:\/\/www.europesays.com\/fr\/wp-json\/wp\/v2\/tags?post=518860"}],"curies":[{"name":"wp","href":"https:\/\/api.w.org\/{rel}","templated":true}]}}