{"id":51887,"date":"2025-04-25T13:51:07","date_gmt":"2025-04-25T13:51:07","guid":{"rendered":"https:\/\/www.europesays.com\/fr\/51887\/"},"modified":"2025-04-25T13:51:07","modified_gmt":"2025-04-25T13:51:07","slug":"pres-de-grenoble-300-a-400-emplois-menaces-dans-cette-usine-les-salaries-tres-inquiets","status":"publish","type":"post","link":"https:\/\/www.europesays.com\/fr\/51887\/","title":{"rendered":"Pr\u00e8s de Grenoble. \u00ab\u00a0300 \u00e0 400 emplois\u00a0\u00bb menac\u00e9s dans cette usine, les salari\u00e9s tr\u00e8s inquiets"},"content":{"rendered":"<p>            Par<br \/>\n        <strong><br \/>\n            <a href=\"https:\/\/actu.fr\/auteur\/lisa-rodrigues\" title=\"Consulter tous les articles de Lisa Rodrigues\" rel=\"nofollow noopener\" target=\"_blank\">Lisa Rodrigues<\/a><br \/>\n        <\/strong><\/p>\n<p>        Publi\u00e9 le<\/p>\n<p>            25 avr. 2025 \u00e0 14h35        <\/p>\n<p>La premi\u00e8re annonce, d\u00e9but avril, avait d\u00e9j\u00e0 fait l\u2019effet d\u2019une petite bombe. Le groupe industriel franco-italien <strong>ST Microelectronics<\/strong>, fabricant de semi-conducteurs, a annonc\u00e9 le d\u00e9part volontaire de 2 800 employ\u00e9s sur ses 50 000 salari\u00e9s au niveau mondial d\u2019ici \u00e0 2027, dans le cadre d\u2019un <a href=\"https:\/\/actu.fr\/auvergne-rhone-alpes\/crolles_38140\/pres-de-grenoble-suppression-de-2-800-emplois-chez-cet-industriel-aucun-site-ne-sera-ferme_62497824.html\" rel=\"nofollow noopener\" target=\"_blank\">plan de \u00ab remodelage \u00bb<\/a> de la production.<br \/>Contact\u00e9 par\u00a0actu Grenoble, le groupe a affirm\u00e9 \u00ab\u00a0qu\u2019aucun site ne sera ferm\u00e9\u00a0\u00bb. Mais des interrogations sur le nombre d\u2019employ\u00e9s concern\u00e9s par ce plan sur les sites de <a href=\"https:\/\/actu.fr\/auvergne-rhone-alpes\/grenoble_38185\" rel=\"nofollow noopener\" target=\"_blank\">Grenoble<\/a> et de Crolles \u2013 qui emploient \u00e0 eux deux <strong>presque 7 500 personnes<\/strong> \u2013 demeurent. Du c\u00f4t\u00e9 des syndicats, on est en plein d\u00e9but des n\u00e9gociations.<\/p>\n<p>Fermeture d\u2019une unit\u00e9 de production envisag\u00e9e<\/p>\n<p class=\" wall-content\">Les craintes se concentrent notamment sur le site de <a href=\"https:\/\/actu.fr\/auvergne-rhone-alpes\/crolles_38140\" rel=\"nofollow noopener\" target=\"_blank\">Crolles<\/a>, principal site de production en France du groupe.<\/p>\n<p>    <a href=\"https:\/\/www.google.com\/maps\/embed?pb=!1m18!1m12!1m3!1d5616.074085784972!2d5.881377176795772!3d45.26726197107146!2m3!1f0!2f0!3f0!3m2!1i1024!2i768!4f13.1!3m3!1m2!1s0x478a599bc746f64f%3A0xcb05e1c6c99656a3!2sSTMicroelectronics%20Crolles!5e0!3m2!1sfr!2sfr!4v1745576176987!5m2!1sfr!2sfr\" title=\"Ouvrie le lien\" rel=\"nofollow noopener\" target=\"_blank\">Cliquez ici pour visualiser le contenu<\/a><\/p>\n<p class=\" wall-content\">\u00ab\u00a0Ce chiffre de 2 800 est annonc\u00e9 comme un plan mondial. Mais nous ne sommes pas dupes : ils vont \u00eatre partag\u00e9s principalement entre l\u2019Italie et la France\u00a0\u00bb, souffle Sandy Bel, d\u00e9l\u00e9gu\u00e9e syndicale centrale CGT chez ST Microelectronics, employ\u00e9e en Is\u00e8re.<\/p>\n<p class=\" wall-content\">L\u2019usine de Crolles est actuellement divis\u00e9e en deux grandes unit\u00e9s de productions : Crolles 300 (qui a obtenu des <a href=\"https:\/\/actu.fr\/auvergne-rhone-alpes\/crolles_38140\/usine-de-semi-conducteurs-a-crolles-l-etat-met-2-9-milliards-1-000-emplois-crees_59689920.html\" rel=\"nofollow noopener\" target=\"_blank\">subventions cons\u00e9quentes de l\u2019\u00c9tat<\/a> pour se d\u00e9velopper) et Crolles 200. \u00ab\u00a0Ce qui est envisag\u00e9 aujourd\u2019hui, c\u2019est une fermeture de Crolles 200 : la direction veut la remplacer en une salle de test.\u00a0\u00bb Soit <strong>1 200 salari\u00e9s qui seraient impact\u00e9s<\/strong>.<\/p>\n<p>Transferts d\u2019activit\u00e9 \u00e0 l\u2019\u00e9tranger<\/p>\n<p class=\" wall-content\">Aucun licenciement n\u2019est \u00e9voqu\u00e9, seulement des \u00ab\u00a0d\u00e9parts volontaires\u00a0\u00bb et des transferts envisag\u00e9s vers l\u2019autre unit\u00e9 de production et dans la nouvelle salle \u00ab\u00a0annonc\u00e9e avec de l\u2019IA et beaucoup d\u2019automatisation\u00a0\u00bb.<\/p>\n<p class=\" wall-content\">\u00ab\u00a0On va carr\u00e9ment arr\u00eater des projets qui vont \u00eatre transf\u00e9r\u00e9s en Italie et \u00e0 Singapour. Il y aura forc\u00e9ment des cons\u00e9quences\u00a0\u00bb, insiste Sandy Bel.<\/p>\n<p class=\" wall-content\">Les syndicats craignent donc que les mesures envisag\u00e9es par la direction soient insuffisantes et m\u00e8nent \u00ab\u00a0\u00e0 <strong>au moins 300 ou 400 suppressions de postes<\/strong> \u00e0 Crolles\u00a0\u00bb.<\/p>\n<p>\u00ab\u00a0Un coup de poignard \u00e0 l\u2019industrie europ\u00e9enne\u00a0\u00bb<\/p>\n<p class=\" wall-content\">\u00ab\u00a0Pour nous, c\u2019est un coup de poignard \u00e0 l\u2019industrie europ\u00e9enne, ass\u00e8ne Sandy Bel. Emmanuel Macron est venu il y a deux ans en <a href=\"https:\/\/actu.fr\/auvergne-rhone-alpes\/isere_38\" rel=\"nofollow noopener\" target=\"_blank\">Is\u00e8re<\/a>, avec la promesse de cr\u00e9ation de 1 000 emplois qui n\u2019a pas d\u00e9marr\u00e9. L\u00e0, on va avoir des suppressions de postes. C\u2019est scandaleux !\u00a0\u00bb<\/p>\n<p class=\" wall-content\">Surtout que, pour la CGT, leur employeur est loin d\u2019\u00eatre en difficult\u00e9, bien qu\u2019il ait annonc\u00e9 des <a href=\"https:\/\/newsroom.st.com\/media-center\/press-item.html\/c3332.html\" rel=\"nofollow noopener\" target=\"_blank\">r\u00e9sultats en berne<\/a> pour le premier trimestre 2025.<\/p>\n<p class=\" wall-content\">\u00ab\u00a0La micro\u00e9lectronique, c\u2019est tr\u00e8s cyclique. On a b\u00e9n\u00e9fici\u00e9 de trois ann\u00e9es exceptionnelles post-Covid. Cette ann\u00e9e, on est quand m\u00eame au troisi\u00e8me meilleur r\u00e9sultat de l\u2019histoire de ST Microelectronics ! Ils se servent des salari\u00e9s comme <strong>variable d\u2019ajustement<\/strong>.\u00a0\u00bb<\/p>\n<p>Pas de mobilisation\u00a0<\/p>\n<p class=\" wall-content\">Pour le moment, <strong>aucune action n\u2019est envisag\u00e9e<\/strong> sur Crolles ou Grenoble. \u00ab\u00a0Les salari\u00e9s sont en attente d\u2019informations, indique Sandy Bel. On verra si on arrive \u00e0 les mobiliser.\u00a0\u00bb\u00a0<\/p>\n<p class=\" wall-content\">Les syndicats ont rendez-vous avec la direction du groupe mardi 29 avril \u00e0 Paris pour avoir une vision plus pr\u00e9cise de ce qui attend les salari\u00e9s. Et ce, dans un contexte d\u00e9j\u00e0 difficile pour l\u2019industrie fran\u00e7aise et <a href=\"https:\/\/actu.fr\/auvergne-rhone-alpes\/le-pont-de-claix_38317\/grenoble-vencorex-le-tribunal-designe-un-repreneur-chinois-seuls-50-salaries-sont-sauves_62492066.html\" rel=\"nofollow noopener\" target=\"_blank\">is\u00e9roise<\/a>. \u00ab\u00a0Nos coll\u00e8gues italiens font front commun pour faire bouger le gouvernement\u00a0\u00bb, fait remarquer la syndicaliste. \u00c0 voir si le sch\u00e9ma va se reproduire en France\u2026<\/p>\n<p class=\" wall-content\">Suivez toute l\u2019actualit\u00e9 de vos villes et m\u00e9dias favoris en vous inscrivant \u00e0 <a href=\"https:\/\/moncompte.actu.fr\" title=\"D\u00e9couvez Mon Actu\" rel=\"nofollow noopener\" data-trk=\"{&quot;cta&quot;:{&quot;action&quot;:&quot;https:\\\/\\\/moncompte.actu.fr&quot;,&quot;category&quot;:&quot;mon compte&quot;,&quot;from&quot;:&quot;article footer&quot;,&quot;name&quot;:&quot;Mon actu&quot;,&quot;type&quot;:&quot;cta&quot;}}\" target=\"_blank\">Mon Actu<\/a>.<\/p>\n","protected":false},"excerpt":{"rendered":"Par Lisa Rodrigues Publi\u00e9 le 25 avr. 2025 \u00e0 14h35 La premi\u00e8re annonce, d\u00e9but avril, avait d\u00e9j\u00e0 fait&hellip;\n","protected":false},"author":2,"featured_media":51888,"comment_status":"","ping_status":"","sticky":false,"template":"","format":"standard","meta":{"footnotes":""},"categories":[9566],"tags":[1111,11,2430,33,1777,674,1011,27,2731,693,12,25,3427],"class_list":{"0":"post-51887","1":"post","2":"type-post","3":"status-publish","4":"format-standard","5":"has-post-thumbnail","7":"category-grenoble","8":"tag-actu","9":"tag-actualites","10":"tag-auvergne-rhone-alpes","11":"tag-economie","12":"tag-eu","13":"tag-europe","14":"tag-fr","15":"tag-france","16":"tag-grenoble","17":"tag-industrie","18":"tag-news","19":"tag-republique-francaise","20":"tag-syndicats"},"share_on_mastodon":{"url":"https:\/\/pubeurope.com\/@fr\/114398932712153224","error":""},"_links":{"self":[{"href":"https:\/\/www.europesays.com\/fr\/wp-json\/wp\/v2\/posts\/51887","targetHints":{"allow":["GET"]}}],"collection":[{"href":"https:\/\/www.europesays.com\/fr\/wp-json\/wp\/v2\/posts"}],"about":[{"href":"https:\/\/www.europesays.com\/fr\/wp-json\/wp\/v2\/types\/post"}],"author":[{"embeddable":true,"href":"https:\/\/www.europesays.com\/fr\/wp-json\/wp\/v2\/users\/2"}],"replies":[{"embeddable":true,"href":"https:\/\/www.europesays.com\/fr\/wp-json\/wp\/v2\/comments?post=51887"}],"version-history":[{"count":0,"href":"https:\/\/www.europesays.com\/fr\/wp-json\/wp\/v2\/posts\/51887\/revisions"}],"wp:featuredmedia":[{"embeddable":true,"href":"https:\/\/www.europesays.com\/fr\/wp-json\/wp\/v2\/media\/51888"}],"wp:attachment":[{"href":"https:\/\/www.europesays.com\/fr\/wp-json\/wp\/v2\/media?parent=51887"}],"wp:term":[{"taxonomy":"category","embeddable":true,"href":"https:\/\/www.europesays.com\/fr\/wp-json\/wp\/v2\/categories?post=51887"},{"taxonomy":"post_tag","embeddable":true,"href":"https:\/\/www.europesays.com\/fr\/wp-json\/wp\/v2\/tags?post=51887"}],"curies":[{"name":"wp","href":"https:\/\/api.w.org\/{rel}","templated":true}]}}