{"id":518872,"date":"2025-11-07T19:04:22","date_gmt":"2025-11-07T19:04:22","guid":{"rendered":"https:\/\/www.europesays.com\/fr\/518872\/"},"modified":"2025-11-07T19:04:22","modified_gmt":"2025-11-07T19:04:22","slug":"et-si-lecosse-simposait-face-a-la-nouvelle-zelande-pour-la-premiere-fois-de-son-histoire-a-la-33e-tentative-lequipe","status":"publish","type":"post","link":"https:\/\/www.europesays.com\/fr\/518872\/","title":{"rendered":"Et si l&#039;\u00c9cosse s&#039;imposait face \u00e0 la Nouvelle-Z\u00e9lande pour la premi\u00e8re fois de son histoire \u00e0 la 33e tentative ? &#8211; L&#039;\u00c9quipe"},"content":{"rendered":"<ol>\n<li><a href=\"https:\/\/news.google.com\/rss\/articles\/CBMi7gFBVV95cUxQcTRlVjhxeGo4Q2dOdDUwb1FOTGNiWmlHSmFvd3h6QUlWSC1VWk1sS01TWU9Yc2xmNGxGSjFiemFIT0xNWDB3dHBDQnZCMDZ5Z0dFcHBsMWgxcW9YT1QzMFJRUHlsS3E4NlBnV2RFMWJ0NmJZRXVKeDBlTXpCN3pHTkN2c3BWaUFQR0JuQXZyaFB1Wk9yWm5nUDZzODZhX1NpSWxIZHVNSjBvd1VhRGRVM0hoTTB2aGlLV2dzb0YtUkc4QjAwQ2E1eE8ybnZESE54WWxzR2NZQ2Jqc3Rwck9WLUl5TDRGWDIyVlRKZ1hR?oc=5\" target=\"_blank\" rel=\"nofollow noopener\">Et si l&rsquo;\u00c9cosse s&rsquo;imposait face \u00e0 la Nouvelle-Z\u00e9lande pour la premi\u00e8re fois de son histoire \u00e0 la 33e tentative ?<\/a>&nbsp;&nbsp;L&rsquo;\u00c9quipe<\/li>\n<li><a href=\"https:\/\/news.google.com\/rss\/articles\/CBMiuAFBVV95cUxPR1RYSnZiWDY2S2dRV2ZRdFVHdGZ3N1NEY3RDeXFHWFNkTy03c3RLUXliT2tmdGxESnpJNHJxcGtUU0xnenpRRDBDWGxGWGdPT05HeFdGX0lVSnpVTHJTT3IwY0FsWnJOVV9ObDhxbHY3NmFOdTNjV1duVkVGODJ1c2l1aThiTVFLY1BTdDM4VG9WdUVpT0o3VlM1cEtZLUtPV1lXZDh1blVjRlY2a2w5NGFBRVpaS0Z0?oc=5\" target=\"_blank\" rel=\"nofollow noopener\">International &#8211; Ecosse &#8211; Nouvelle-Z\u00e9lande : l\u2019\u00e9ternelle chanson des regrets<\/a>&nbsp;&nbsp;Rugbyrama<\/li>\n<li><a href=\"https:\/\/news.google.com\/rss\/articles\/CBMi-wFBVV95cUxPeW9pdmdzQkRpRkU4dFd0N1dyMkV5UWxBRXdKbEFIeU9hMEhRY3B4N0NaMW9PMkVEblJyaElyV21xX1dDOE9uajhiZlVfV3VvWnBkSDZQeC0waEdLMUVtcVVzX0R3cDhFYzc3bGdXLTc1bnZTRE9SRjM5emRvWHNTMW5qNTY0UE9RbHJOa3Q2V0ltMlY1U1pCVnVDbTZZaW5LUHZUTU44YXdwUmItdi1XSHN1QnRsTC1KYUhvSTZTSEZXUU5wQ3pBRkl4Y1M1VnRmUElMUXdIWFRNYzNnb1p6NzRuRVEwYjBHR1hJdFhJVmY3bkdYM0xfLVhmQQ?oc=5\" target=\"_blank\" rel=\"nofollow noopener\">Rugby : \u00abIl va se ressourcer\u00bb, Scott Barrett ne disputera pas la majeure partie de la saison&#8230; car il prend une ann\u00e9e sabbatique<\/a>&nbsp;&nbsp;Le Figaro<\/li>\n<li><a href=\"https:\/\/news.google.com\/rss\/articles\/CBMigwJBVV95cUxONlBGOXN2R0hyN0FoM2d3Qk9QTDYwQ0taZFN5RHpEWHBSWTlmNE9XQUZtYkNETVlodDlMZlNxVVVhcE1obW9XWUE4U0ZwdElGRGpYMFpfbDZzSnplWWVEbFh1OXVwbmxZZVVtZkI3VkxaMEFtUUZpVFRXUFpJZGI1QWt1QWstOEtUOVRHWFZaYTk5VjF3RnM5YnNZWHZFQkhvaWFnNnZiSDlwQkNxZnFBOWZEM1dLaUdOYko1YzVobzZwUVJVTGxQZzljVGVxUV90Ti1CbVhEM05qdjh3UURUM0Z4NVo0WWxDZVlKczItc1dJZE1uYUdLS2RUS29KeWlHMG5z?oc=5\" target=\"_blank\" rel=\"nofollow noopener\">\u00c9cosse &#8211; Nouvelle-Z\u00e9lande. La compo des All Blacks sans les fr\u00e8res Barrett \u00e0 Murrayfield<\/a>&nbsp;&nbsp;Ouest-France<\/li>\n<li><a href=\"https:\/\/news.google.com\/rss\/articles\/CBMimgJBVV95cUxOdHJkT08xZjV3UlU5OEJ1TWZVakdSLUhWOTFENmUzc3gxQ2g2LXdhOHNPcXlYVU1lcGVFUkFqQkNUY0FNZzkyb0tHRHBVTTEwUFBoNUNiZTU5ZDctVEdZNWtBelQtNGk1TW9EUUZFMmhaRldUenlEcHRVY01xQi01Skc0Z1JBWXBKWUxpbTZZZU52a3d0NmtJR0luQU5qQmlNMFVkOHR5MV9za2YwX2Vtd0JXUThIeGtnbWx6MFJxc1N4MXFoNEpyOTBrQlE4SXd6dFhKV1hDZjlhSFEyVFBhcy1zU2ttLXBLeFhMQ2R6Yld0QTNNZGczYlJ2UFExLUljc0N1ZEttRnNUN2Rwdi1hSHhEOUs4TnBCZGc?oc=5\" target=\"_blank\" rel=\"nofollow noopener\">Rugby : Jordie Barrett bless\u00e9 \u00e0 la cheville et forfait pour le reste de la tourn\u00e9e avec la Nouvelle-Z\u00e9lande<\/a>&nbsp;&nbsp;Sud Ouest<\/li>\n<\/ol>\n","protected":false},"excerpt":{"rendered":"Et si l&rsquo;\u00c9cosse s&rsquo;imposait face \u00e0 la Nouvelle-Z\u00e9lande pour la premi\u00e8re fois de son histoire \u00e0 la 33e&hellip;\n","protected":false},"author":2,"featured_media":518873,"comment_status":"","ping_status":"","sticky":false,"template":"","format":"standard","meta":{"footnotes":""},"categories":[1416],"tags":[1011,27,479,1468,60],"class_list":{"0":"post-518872","1":"post","2":"type-post","3":"status-publish","4":"format-standard","5":"has-post-thumbnail","7":"category-rugby","8":"tag-fr","9":"tag-france","10":"tag-rugby","11":"tag-rugby-football","12":"tag-sports"},"share_on_mastodon":{"url":"https:\/\/pubeurope.com\/@fr\/115509976369710047","error":""},"_links":{"self":[{"href":"https:\/\/www.europesays.com\/fr\/wp-json\/wp\/v2\/posts\/518872","targetHints":{"allow":["GET"]}}],"collection":[{"href":"https:\/\/www.europesays.com\/fr\/wp-json\/wp\/v2\/posts"}],"about":[{"href":"https:\/\/www.europesays.com\/fr\/wp-json\/wp\/v2\/types\/post"}],"author":[{"embeddable":true,"href":"https:\/\/www.europesays.com\/fr\/wp-json\/wp\/v2\/users\/2"}],"replies":[{"embeddable":true,"href":"https:\/\/www.europesays.com\/fr\/wp-json\/wp\/v2\/comments?post=518872"}],"version-history":[{"count":0,"href":"https:\/\/www.europesays.com\/fr\/wp-json\/wp\/v2\/posts\/518872\/revisions"}],"wp:featuredmedia":[{"embeddable":true,"href":"https:\/\/www.europesays.com\/fr\/wp-json\/wp\/v2\/media\/518873"}],"wp:attachment":[{"href":"https:\/\/www.europesays.com\/fr\/wp-json\/wp\/v2\/media?parent=518872"}],"wp:term":[{"taxonomy":"category","embeddable":true,"href":"https:\/\/www.europesays.com\/fr\/wp-json\/wp\/v2\/categories?post=518872"},{"taxonomy":"post_tag","embeddable":true,"href":"https:\/\/www.europesays.com\/fr\/wp-json\/wp\/v2\/tags?post=518872"}],"curies":[{"name":"wp","href":"https:\/\/api.w.org\/{rel}","templated":true}]}}