{"id":518874,"date":"2025-11-07T19:05:15","date_gmt":"2025-11-07T19:05:15","guid":{"rendered":"https:\/\/www.europesays.com\/fr\/518874\/"},"modified":"2025-11-07T19:05:15","modified_gmt":"2025-11-07T19:05:15","slug":"elena-rybakina-domine-jessica-pegula-et-rallie-sa-premiere-finale","status":"publish","type":"post","link":"https:\/\/www.europesays.com\/fr\/518874\/","title":{"rendered":"Elena Rybakina domine Jessica Pegula et rallie sa premi\u00e8re finale"},"content":{"rendered":"\n<p class=\"c-chapo \">\n  La Kazakhstanaise, qui avait conc\u00e9d\u00e9 la premi\u00e8re manche, est parvenue \u00e0 renverser l&rsquo;Am\u00e9ricaine en demi-finale, vendredi, \u00e0 Riyad.\n<\/p>\n<p>      lire plus tard<\/p>\n<p id=\"dialog__title\" class=\"dialog__title\">Pour sauvegarder cet article, connectez-vous ou cr\u00e9ez un compte franceinfo<\/p>\n<p class=\"dialog__description\">Sans paiement. Sans abonnement.<\/p>\n<p>        Fermer la fen\u00eatre d\u2019activation des notifications France Info<\/p>\n<p>      cr\u00e9er votre compte<\/p>\n<p>      se connecter<\/p>\n<p>        Fermer la fen\u00eatre de pr\u00e9sentation<\/p>\n<p>    <img loading=\"lazy\" decoding=\"async\" class=\"signature__image lazyload\" width=\"100\" height=\"100\" data- alt=\"\" src=\"https:\/\/www.europesays.com\/fr\/wp-content\/uploads\/2025\/05\/64a430a2e1f98_theo-rond.png\"\/><\/p>\n<p>          France T\u00e9l\u00e9visions &#8211; R\u00e9daction Sport<\/p>\n<p>    Publi\u00e9 le 07\/11\/2025 18:45<\/p>\n<p>        Temps de lecture : 1min<\/p>\n<p>    <img decoding=\"async\"  alt=\"Elena Rybakina lors des demi-finales des WTA Finals, le 7 novembre 2025. (FAYEZ NURELDINE \/ AFP)\" width=\"432\" height=\"243\" src=\"https:\/\/www.europesays.com\/fr\/wp-content\/uploads\/2025\/11\/000-83eq6kl-690e2ca1565fa128111997.jpg\" fetchpriority=\"high\"\/><\/p>\n<p>      Elena Rybakina lors des demi-finales des WTA Finals, le 7 novembre 2025. (FAYEZ NURELDINE \/ AFP)<\/p>\n<p>Ce sera une premi\u00e8re finale pour sa troisi\u00e8me participation aux WTA Finals. La Kazakhstanaise <a href=\"https:\/\/www.franceinfo.fr\/sports\/tennis\/masters-wta-elena-rybakina-et-amanda-anisimova-rejoignent-les-demi-finales-iga-swiatek-sortie_7597451.html\" rel=\"nofollow noopener\" target=\"_blank\">Elena Rybakina<\/a>, malmen\u00e9e par l&rsquo;Am\u00e9ricaine Jessica Pegula dans la premi\u00e8re manche, s&rsquo;est finalement impos\u00e9e en trois sets (4-6, 6-4, 6-3 en 2h07) lors de la premi\u00e8re demi-finale du Masters, vendredi\u00a07 novembre.<\/p>\n<p>Tout avait pourtant mal d\u00e9marr\u00e9 pour la 6e mondiale, break\u00e9e d&rsquo;entr\u00e9e par celle qui la devance au classement. Jessica Pegula en a profit\u00e9 et empoch\u00e9 la premi\u00e8re manche, mais la gagnante de Wimbledon 2022 s&rsquo;est ensuite rebiff\u00e9e. Elena Rybakina a break\u00e9 \u00e0 son tour quasiment au m\u00eame moment dans le deuxi\u00e8me set pour inverser la tendance, malgr\u00e9 un d\u00e9break \u00e0 5-4 de l&rsquo;Am\u00e9ricaine.\u00a0<\/p>\n<p>La derni\u00e8re manche, o\u00f9 Elena Rybakina a parfaitement utilis\u00e9 son service (15\u00a0aces \u00e0 un), a tourn\u00e9 en la faveur de la Kazakhstanaise. Apr\u00e8s deux \u00e9checs en phase de groupes lors des \u00e9ditions 2023 et 2024, la n\u00b06 mondiale s&rsquo;en \u00e9tait extraite pour la premi\u00e8re fois lors de cette \u00e9dition avec trois victoires face \u00e0 Ekaterina Alexandrova, Iga Swiatek et Amanda Anisimova. Elle attend d\u00e9sormais en finale son adversaire\u00a0: ce sera la gagnante de la demi-finale suivante entre Aryna Sabalenka, num\u00e9ro\u00a01 mondiale, et Amanda Anisimova, 4e au classement WTA.<\/p>\n","protected":false},"excerpt":{"rendered":"La Kazakhstanaise, qui avait conc\u00e9d\u00e9 la premi\u00e8re manche, est parvenue \u00e0 renverser l&rsquo;Am\u00e9ricaine en demi-finale, vendredi, \u00e0 Riyad.&hellip;\n","protected":false},"author":2,"featured_media":518875,"comment_status":"","ping_status":"","sticky":false,"template":"","format":"standard","meta":{"footnotes":""},"categories":[1415],"tags":[1011,27,60,1467],"class_list":{"0":"post-518874","1":"post","2":"type-post","3":"status-publish","4":"format-standard","5":"has-post-thumbnail","7":"category-tennis","8":"tag-fr","9":"tag-france","10":"tag-sports","11":"tag-tennis"},"share_on_mastodon":{"url":"https:\/\/pubeurope.com\/@fr\/115509981384737013","error":""},"_links":{"self":[{"href":"https:\/\/www.europesays.com\/fr\/wp-json\/wp\/v2\/posts\/518874","targetHints":{"allow":["GET"]}}],"collection":[{"href":"https:\/\/www.europesays.com\/fr\/wp-json\/wp\/v2\/posts"}],"about":[{"href":"https:\/\/www.europesays.com\/fr\/wp-json\/wp\/v2\/types\/post"}],"author":[{"embeddable":true,"href":"https:\/\/www.europesays.com\/fr\/wp-json\/wp\/v2\/users\/2"}],"replies":[{"embeddable":true,"href":"https:\/\/www.europesays.com\/fr\/wp-json\/wp\/v2\/comments?post=518874"}],"version-history":[{"count":0,"href":"https:\/\/www.europesays.com\/fr\/wp-json\/wp\/v2\/posts\/518874\/revisions"}],"wp:featuredmedia":[{"embeddable":true,"href":"https:\/\/www.europesays.com\/fr\/wp-json\/wp\/v2\/media\/518875"}],"wp:attachment":[{"href":"https:\/\/www.europesays.com\/fr\/wp-json\/wp\/v2\/media?parent=518874"}],"wp:term":[{"taxonomy":"category","embeddable":true,"href":"https:\/\/www.europesays.com\/fr\/wp-json\/wp\/v2\/categories?post=518874"},{"taxonomy":"post_tag","embeddable":true,"href":"https:\/\/www.europesays.com\/fr\/wp-json\/wp\/v2\/tags?post=518874"}],"curies":[{"name":"wp","href":"https:\/\/api.w.org\/{rel}","templated":true}]}}