{"id":518876,"date":"2025-11-07T19:09:15","date_gmt":"2025-11-07T19:09:15","guid":{"rendered":"https:\/\/www.europesays.com\/fr\/518876\/"},"modified":"2025-11-07T19:09:15","modified_gmt":"2025-11-07T19:09:15","slug":"kasper-saver-arrive-dans-une-autre-equipe-francaise-actualite","status":"publish","type":"post","link":"https:\/\/www.europesays.com\/fr\/518876\/","title":{"rendered":"Kasper Saver arrive dans une autre \u00e9quipe fran\u00e7aise &#8211; Actualit\u00e9"},"content":{"rendered":"<p style=\"text-align: justify;\">Apr\u00e8s Philippe Wagner Cycling et le Team Bricquebec Cotentin, Kasper Saver va conna\u00eetre une troisi\u00e8me \u00e9quipe fran\u00e7aise en 2026. Le Belge s\u2019est engag\u00e9 avec le Team Allcycles Meaux qui candidate \u00e0 la N3.<\/p>\n<p>Le coureur de bient\u00f4t 25 ans a termin\u00e9 cette ann\u00e9e 2e d\u2019une \u00e9tape du Tour du Pays de Lesneven, 5e de la manche du Challenge Mayennais \u00e0 Fougerolles-du-Plessis, 6e d\u2019une \u00e9tape du Tour des Deux-S\u00e8vres et du Crit\u00e9rium de Bricquebec, 7e du Grand Prix d&rsquo;Yquelon, 8e du Paris-Connerr\u00e9, 9e de la Gislard ou encore 10e du Circuit des 2 Provinces-Le Pertre.<\/p>\n<p>En Belgique, il a fini 2e \u00e0 Eernegem, 3e \u00e0 Hulste, 4e \u00e0 Zottegem, 8e \u00e0 Houthulst, 9e du GP MHD-Filou, une Kermesse Pro, et \u00e0 Hooglede.<\/p>\n<p>Kasper Saver\u00a0<strong><a href=\"https:\/\/www.directvelo.com\/actualite\/124887\/un-nouveau-poste-pour-rudy-barbier\" target=\"_blank\" rel=\"noopener\">aura comme directeur sportif son ancien co\u00e9quipier Ruby Barbier<\/a>.<\/strong><\/p>\n<p>Retrouvez\u00a0toutes les mutations de l&rsquo;intersaison<strong>\u00a0<a href=\"https:\/\/www.directvelo.com\/mutations\/2026#amateur-not_dn\" target=\"_blank\" rel=\"noopener\">en cliquant ici<\/a>.<\/strong><\/p>\n","protected":false},"excerpt":{"rendered":"Apr\u00e8s Philippe Wagner Cycling et le Team Bricquebec Cotentin, Kasper Saver va conna\u00eetre une troisi\u00e8me \u00e9quipe fran\u00e7aise en&hellip;\n","protected":false},"author":2,"featured_media":518877,"comment_status":"","ping_status":"","sticky":false,"template":"","format":"standard","meta":{"footnotes":""},"categories":[1411],"tags":[834,828,836,829,837,827,83,826,824,823,1154,207,814,817,815,816,822,821,832,211,839,1011,27,820,818,819,835,831,830,833,838,60,212,208,825],"class_list":{"0":"post-518876","1":"post","2":"type-post","3":"status-publish","4":"format-standard","5":"has-post-thumbnail","7":"category-cyclisme","8":"tag-attaque","9":"tag-belgique","10":"tag-braquet","11":"tag-bretagne","12":"tag-chute","13":"tag-competition","14":"tag-coupe-de-france","15":"tag-coureur","16":"tag-course-cyclisme","17":"tag-course-cycliste","18":"tag-cycling","19":"tag-cyclisme","20":"tag-direct","21":"tag-direct-velo","22":"tag-directvelo","23":"tag-directvelo-com","24":"tag-epreuve","25":"tag-epreuve-cycliste","26":"tag-federation-francaise-de-cyclisme","27":"tag-ffc","28":"tag-flandres","29":"tag-fr","30":"tag-france","31":"tag-live","32":"tag-live-course","33":"tag-live-epreuve","34":"tag-peloton","35":"tag-radio-peloton","36":"tag-radio-tour","37":"tag-ravitaillement","38":"tag-relance","39":"tag-sports","40":"tag-uci","41":"tag-velo","42":"tag-velos"},"share_on_mastodon":{"url":"https:\/\/pubeurope.com\/@fr\/115509995939888054","error":""},"_links":{"self":[{"href":"https:\/\/www.europesays.com\/fr\/wp-json\/wp\/v2\/posts\/518876","targetHints":{"allow":["GET"]}}],"collection":[{"href":"https:\/\/www.europesays.com\/fr\/wp-json\/wp\/v2\/posts"}],"about":[{"href":"https:\/\/www.europesays.com\/fr\/wp-json\/wp\/v2\/types\/post"}],"author":[{"embeddable":true,"href":"https:\/\/www.europesays.com\/fr\/wp-json\/wp\/v2\/users\/2"}],"replies":[{"embeddable":true,"href":"https:\/\/www.europesays.com\/fr\/wp-json\/wp\/v2\/comments?post=518876"}],"version-history":[{"count":0,"href":"https:\/\/www.europesays.com\/fr\/wp-json\/wp\/v2\/posts\/518876\/revisions"}],"wp:featuredmedia":[{"embeddable":true,"href":"https:\/\/www.europesays.com\/fr\/wp-json\/wp\/v2\/media\/518877"}],"wp:attachment":[{"href":"https:\/\/www.europesays.com\/fr\/wp-json\/wp\/v2\/media?parent=518876"}],"wp:term":[{"taxonomy":"category","embeddable":true,"href":"https:\/\/www.europesays.com\/fr\/wp-json\/wp\/v2\/categories?post=518876"},{"taxonomy":"post_tag","embeddable":true,"href":"https:\/\/www.europesays.com\/fr\/wp-json\/wp\/v2\/tags?post=518876"}],"curies":[{"name":"wp","href":"https:\/\/api.w.org\/{rel}","templated":true}]}}