{"id":518880,"date":"2025-11-07T19:11:11","date_gmt":"2025-11-07T19:11:11","guid":{"rendered":"https:\/\/www.europesays.com\/fr\/518880\/"},"modified":"2025-11-07T19:11:11","modified_gmt":"2025-11-07T19:11:11","slug":"elle-nest-plus-la-bombe-sexuelle-que-jai-epouse-bigard-sans-pitie-sur-lola-marois","status":"publish","type":"post","link":"https:\/\/www.europesays.com\/fr\/518880\/","title":{"rendered":"\u201cElle n\u2019est plus la bombe sexuelle que j\u2019ai \u00e9pous\u00e9\u201d, Bigard sans piti\u00e9 sur Lola Marois"},"content":{"rendered":"<p>Couple atypique, <strong>Jean-Marie Bigard<\/strong> et<br \/>\n<strong>Lola Marois<\/strong> d\u00e9tonnent \u00e9norm\u00e9ment. <strong>En<br \/>\nraison de leur \u00e9cart d\u2019\u00e2ge, 28 ans, mais aussi de leur nature, un<br \/>\npeu, faisant des deux amoureux des Belle et B\u00eate modernes.<\/strong><br \/>\nLe couple se rencontre apr\u00e8s la premi\u00e8re union de l\u2019humoriste avec<br \/>\nune danseuse qui lui a donn\u00e9 son premier enfant. Lola Marois et lui<br \/>\nse passent la bague au doigt en 2011 puis donnent naissance \u00e0 des<br \/>\n<strong>jumeaux<\/strong>, pr\u00e9matur\u00e9s, l\u2019ann\u00e9e d\u2019apr\u00e8s. Bigard,<br \/>\ntoujours franc du collier, \u00e9voque l\u2019intimit\u00e9 qu\u2019il partage avec sa<br \/>\nfemme dans son plus pure style graveleux.<\/p>\n<p>Jean-Marie Bigard : il rencontre Lola Marois apr\u00e8s Claudia<\/p>\n<p><strong>Au d\u00e9part, Jean-Marie Bigard, humoriste sp\u00e9cialiste des<br \/>\nvannes graveleuses, est mari\u00e9 \u00e0 Claudia.<\/strong> Une union<br \/>\nc\u00e9l\u00e9br\u00e9e au d\u00e9but des ann\u00e9es 90. Danseuse de profession, celle-ci<br \/>\nlui donne un premier enfant, un fils, <strong>Sasha<\/strong>, en<br \/>\n2009. Toutefois, le couple se d\u00e9lite. La raison ? Le couple s\u2019est<br \/>\n\u00e9loign\u00e9. Il est aussi question de plusieurs tentatives de grossesse<br \/>\ninfructueuses auparavant. Ils divorcent en 2011. <strong>La m\u00eame<br \/>\nann\u00e9e, Bigard se remarie avec Lola Marois.<\/strong><\/p>\n<p>Celle-ci est la fille du patron des <strong>Bains<br \/>\nDouches<\/strong>, \u00e0 Paris. Elle est actrice, ce qui lui vaudra un<br \/>\nr\u00f4le de premier plan dans Plus belle la vie, en 2017, mais<br \/>\naussi chanteuse et \u00e9crivaine. <strong>Un de ses deux ouvrages,<br \/>\nd\u2019ailleurs, est consacr\u00e9 \u00e0 ses jumeaux, une fille et un gar\u00e7on,<br \/>\nqu\u2019elle a eu avec l\u2019humoriste en 2012.<\/strong> Deux enfants<br \/>\narriv\u00e9s pr\u00e9matur\u00e9ment durant une grossesse <a href=\"https:\/\/www.melty.fr\/people\/des-moments-difficiles-lola-marois-sans-pudeur-sur-son-couple-avec-jean-marie-bigard-2273805.html\" target=\"_blank\" rel=\"noopener\"><br \/>\ndes plus difficile pour l\u2019\u00e9pouse de Bigard<\/a>. Et plus largement<br \/>\npour le couple\u2026<\/p>\n<p>Le couple-star secoue le PAF en raison de leur \u00e9cart d\u2019\u00e2ge<\/p>\n<p>D\u00e8s le d\u00e9but, le couple-star fait grincer des dents certaines<br \/>\npersonnes du showbiz. Voire du public. D\u00e9j\u00e0, les deux amoureux ont<br \/>\npr\u00e8s de 30 ans d\u2019\u00e9cart. Petit foss\u00e9 g\u00e9n\u00e9rationnel qui semble en<br \/>\ng\u00eaner plus d\u2019un. Le couple, lui, s\u2019en balance pas mal. <strong>Ils<br \/>\npartagent tous deux un go\u00fbt pour la provoc\u2019.<\/strong> Lui avec ses<br \/>\nhistoires de cul \u00e0 dormir allong\u00e9. Elle avec son pass\u00e9 sulfureux,<br \/>\nson clip trashouille Amn\u00e9sique <a href=\"https:\/\/www.melty.fr\/people\/lola-marois-epouse-de-jean-marie-bigard-se-tourne-vers-le-porno-une-maniere-de-2244624.html\" target=\"_blank\" rel=\"noopener\"><br \/>\nou sa r\u00e9cente <strong>reconversion ol\u00e9 ol\u00e9<\/strong><\/a>.<\/p>\n<p>En 2025, Lola Marois voit les projecteurs braqu\u00e9s sur elle en<br \/>\nraison de cette derni\u00e8re, via une c\u00e9l\u00e8bre plateforme payante pour<br \/>\nadultes, et d\u2019une fameuse couv\u2019 pour <strong>Playboy<br \/>\nFrance<\/strong>. Elle en profite \u00e9galement pour faire le bilan. En<br \/>\ntant que maman, mais aussi en tant qu\u2019\u00e9pouse -et garde-fou- de<br \/>\nJean-Marie Bigard. <strong>Les deux sont indissociables au yeux du<br \/>\npublic et des m\u00e9dias.<\/strong> Elle donne r\u00e9guli\u00e8rement des<br \/>\nnouvelles de la sant\u00e9 de son \u00e9poux.<\/p>\n<p>Bigard, cash, sur son \u00e9pouse et m\u00e8re de<br \/>\nses enfants Lola Marois<\/p>\n<p><strong>Ce dernier est plut\u00f4t tricard dans les m\u00e9dias.<\/strong><br \/>\n\u00c0 part, peut-\u00eatre, dans la galaxie <strong>Hanouna<\/strong>. En<br \/>\ncause, des prises de positions complotistes lors de la pand\u00e9mie<br \/>\nmondiale li\u00e9e au <strong>COVID-19<\/strong>. Ce n\u2019est pas la<br \/>\npremi\u00e8re fois que Bigard d\u00e9fraie la chronique loin de la sc\u00e8ne et<br \/>\ndes blagues ras-le-slip. Fin des ann\u00e9es 2000, accompagn\u00e9 d\u2019une<br \/>\nautre grande gueule, le r\u00e9alisateur subversif <strong>Mathieu<br \/>\nKassovitz<\/strong>, Bigard courait les plateaux \u00e0 propos des<br \/>\nattentats du 11 septembre 2001. <strong>Remettant en doute la<br \/>\n\u2018version officielle\u2019 du gouvernement U.S. d\u2019alors.<\/strong><\/p>\n<p><strong>10 octobre 2025, Jean-Marie Bigard donne un long<br \/>\nentretien \u00e0 La Base.<\/strong> Podcast disponible sur<br \/>\n<strong>YouTube<\/strong>. L\u00e0, il se livre sans concession sur sa<br \/>\nvie, sa carri\u00e8re, son couple aussi. Il \u00e9voque notamment l\u2019intimit\u00e9<br \/>\nqu\u2019il partage, ou plut\u00f4t ne partage plus, avec son \u00e9pouse, Lola<br \/>\nMarois. \u201cC\u2019est vrai que [la diff\u00e9rence d\u2019\u00e2ge, NDLR]<br \/>\ncr\u00e9e un d\u00e9calage qui devient terrible.\u201d, confie tr\u00e8s<br \/>\nfranchement l\u00a0\u00bbhumoriste. Avant d\u2019ajouter : \u201c<strong>Plus je<br \/>\nvieillis, plus ma femme se retrouve avec un futur viellard<br \/>\n!<\/strong>\u201d Plus tard, dans la m\u00eame interview, Bigard<br \/>\nrench\u00e9rit : \u201c[&#8230;] J\u2019ai une admiration pour ma femme tellement<br \/>\n\u00e9normissime. C\u2019est la femme la plus formidable du monde [&#8230;]\u201d<br \/>\nEnsuite, Bigard redevient Bigard, l\u2019humoriste graveleux, n\u2019h\u00e9sitant<br \/>\npas \u00e0 rentrer dans le plus profond de leur sexualit\u00e9 : \u201cAh,<br \/>\nj\u2019esp\u00e8re qu\u2019elle va pas regarder l\u2019\u00e9mission\u2026 Elle s\u2019est un petit<br \/>\npeu st\u00e9rilis\u00e9e de ce c\u00f4t\u00e9-l\u00e0, tu vois ? <strong>Elle n\u2019est plus la<br \/>\nbombe atomique et sexuelle que j\u2019ai \u00e9pous\u00e9.<\/strong>\u201d Il se<br \/>\nravise un peu ensuite : \u201cCe qui est tout \u00e0 fait logique,<br \/>\npuisqu\u2019elle a 42 ans maintenant [&#8230;]\u201d <strong>Un discours qui<br \/>\nva pas mal \u00e0 l\u2019encontre de Lola Marois, pr\u00f4nant \u00e0 la fois une<br \/>\nmaternit\u00e9 \u00e9panouie et un style sexy sur ses r\u00e9seaux.<\/strong><\/p>\n","protected":false},"excerpt":{"rendered":"Couple atypique, Jean-Marie Bigard et Lola Marois d\u00e9tonnent \u00e9norm\u00e9ment. En raison de leur \u00e9cart d\u2019\u00e2ge, 28 ans, mais&hellip;\n","protected":false},"author":2,"featured_media":518881,"comment_status":"","ping_status":"","sticky":false,"template":"","format":"standard","meta":{"footnotes":""},"categories":[1359],"tags":[1102,21303,58,59,1011,27,61777,7870,973,729],"class_list":{"0":"post-518880","1":"post","2":"type-post","3":"status-publish","4":"format-standard","5":"has-post-thumbnail","7":"category-people","8":"tag-breakingnews","9":"tag-buzz_nonli","10":"tag-divertissement","11":"tag-entertainment","12":"tag-fr","13":"tag-france","14":"tag-has_video","15":"tag-jean-marie-bigard","16":"tag-people","17":"tag-yout_video"},"share_on_mastodon":{"url":"https:\/\/pubeurope.com\/@fr\/115510004260998930","error":""},"_links":{"self":[{"href":"https:\/\/www.europesays.com\/fr\/wp-json\/wp\/v2\/posts\/518880","targetHints":{"allow":["GET"]}}],"collection":[{"href":"https:\/\/www.europesays.com\/fr\/wp-json\/wp\/v2\/posts"}],"about":[{"href":"https:\/\/www.europesays.com\/fr\/wp-json\/wp\/v2\/types\/post"}],"author":[{"embeddable":true,"href":"https:\/\/www.europesays.com\/fr\/wp-json\/wp\/v2\/users\/2"}],"replies":[{"embeddable":true,"href":"https:\/\/www.europesays.com\/fr\/wp-json\/wp\/v2\/comments?post=518880"}],"version-history":[{"count":0,"href":"https:\/\/www.europesays.com\/fr\/wp-json\/wp\/v2\/posts\/518880\/revisions"}],"wp:featuredmedia":[{"embeddable":true,"href":"https:\/\/www.europesays.com\/fr\/wp-json\/wp\/v2\/media\/518881"}],"wp:attachment":[{"href":"https:\/\/www.europesays.com\/fr\/wp-json\/wp\/v2\/media?parent=518880"}],"wp:term":[{"taxonomy":"category","embeddable":true,"href":"https:\/\/www.europesays.com\/fr\/wp-json\/wp\/v2\/categories?post=518880"},{"taxonomy":"post_tag","embeddable":true,"href":"https:\/\/www.europesays.com\/fr\/wp-json\/wp\/v2\/tags?post=518880"}],"curies":[{"name":"wp","href":"https:\/\/api.w.org\/{rel}","templated":true}]}}