{"id":518882,"date":"2025-11-07T19:12:21","date_gmt":"2025-11-07T19:12:21","guid":{"rendered":"https:\/\/www.europesays.com\/fr\/518882\/"},"modified":"2025-11-07T19:12:21","modified_gmt":"2025-11-07T19:12:21","slug":"a-alicante-une-spectaculaire-maison-arabesque-entre-verdure-et-mineralite","status":"publish","type":"post","link":"https:\/\/www.europesays.com\/fr\/518882\/","title":{"rendered":"\u00c0 Alicante, une spectaculaire maison-arabesque entre verdure et min\u00e9ralit\u00e9"},"content":{"rendered":"<p><img decoding=\"async\" alt=\"Vue ciel arabesque srie Sabater House intrigue Fran Silvestre Arquitectos constitue ach\u00e8vement projet capable voluer...\" loading=\"lazy\" class=\"ResponsiveImageContainer-eNxvmU cfBbTk responsive-image__image\"   src=\"https:\/\/www.europesays.com\/fr\/wp-content\/uploads\/2025\/11\/FRAN%20SILVESTRE%20ARQUITECTOS_SABATER%20HOUSE_IMAGES%20HQ_001.jpg\"\/><\/p>\n<p>Vue du ciel, l&rsquo;arabesque en s\u00e9rie de Sabater House intrigue. Pour Fran Silvestre Arquitectos, elle constitue l&rsquo;ach\u00e8vement d&rsquo;un projet capable d&rsquo;\u00e9voluer avec les d\u00e9sirs de son commanditaire.<\/p>\n<p>\u00a9 Fran Silvestre ArquitectosUne architecture spectaculaire int\u00e9gr\u00e9e \u00e0 la nature<\/p>\n<p>\u00ab Ce projet est n\u00e9 de son int\u00e9gration \u00e0 l&rsquo;environnement \u00bb, explique le cabinet d\u2019architectes espagnol Fran Silvestre Arquitectos, fond\u00e9 en 2005 par l&rsquo;architecte Fran Silvestre et r\u00e9put\u00e9 pour son style <a href=\"https:\/\/www.admagazine.fr\/article\/conseils-architecte-francais-interieur-minimaliste\" target=\"_blank\" rel=\"noopener\">minimaliste<\/a> que l\u2019on retrouve dans toute la Maison Sabater, ou Sabater House. C\u2019est une villa hors du commun, situ\u00e9e \u00e0 Alicante, en Espagne, dont les fa\u00e7ades blanches entrent en contraste imm\u00e9diat avec la verdure du jardin environnant. Selon le cabinet, \u00ab le b\u00e2timent se d\u00e9ploie selon une g\u00e9om\u00e9trie tr\u00e8s claire, s&rsquo;\u00e9cartant du concept d&rsquo;architecture compacte \u00bb, et c\u2019est \u00e9vident d\u00e8s le premier regard. L\u00e0 o\u00f9 la maison traditionnelle poss\u00e8de quatre murs, un toit, une porte d\u2019entr\u00e9e, Sabater House se pr\u00e9sente comme un serpent min\u00e9ral \u00e0 l&rsquo;\u0153il d\u2019azur dans son terrain de 780 m\u00e8tres carr\u00e9s, vue du ciel. Avec ses quatre segments en s\u00e9rie, et l\u2019unique piscine d\u2019un bleu vif sur l\u2019une des boucles de ces segments, Sabater House emploie une \u00ab strat\u00e9gie, combin\u00e9e \u00e0 la finesse de la construction \u00bb, qui \u00ab permet d&rsquo;accro\u00eetre le p\u00e9rim\u00e8tre de contact entre <a href=\"https:\/\/www.admagazine.fr\/article\/maisons-brillamment-construites-terrains-alambiques\" target=\"_blank\" rel=\"noopener\">l&rsquo;habitation<\/a> et l&rsquo;ext\u00e9rieur, cr\u00e9ant un syst\u00e8me de cours int\u00e9rieures qui semble s&rsquo;\u00e9tendre \u00e0 l&rsquo;infini \u00bb.<\/p>\n<p><img decoding=\"async\" alt=\"bleu piscine unique Sabater House rpond celui ciel comme oeil animal immobile\" loading=\"lazy\" class=\"ResponsiveImageContainer-eNxvmU cfBbTk responsive-image__image\"   src=\"https:\/\/www.europesays.com\/fr\/wp-content\/uploads\/2025\/11\/FRAN%20SILVESTRE%20ARQUITECTOS_SABATER%20HOUSE_IMAGES%20HQ_0010.jpg\"\/><\/p>\n<p>Le bleu de la piscine unique de Sabater House r\u00e9pond \u00e0 celui du ciel comme l&rsquo;oeil d&rsquo;un animal immobile.<\/p>\n<p>\u00a9 Fran Silvestre Arquitectos<\/p>\n<p>Une maison comme un organisme vivant<\/p>\n<p>\u00ab La maison Sabater pr\u00e9sente une dichotomie fascinante : une maison blanche, essentiellement minimaliste, dont l&rsquo;agencement et la r\u00e9alisation l&rsquo;int\u00e8grent bien plus \u00e0 son environnement qu&rsquo;on ne pourrait le penser. La combinaison des influences de la modernit\u00e9 d&rsquo;\u00c1lvaro Siza et des formes sculpturales d&rsquo;Andreu Alfaro explique comment la maison Sabater parvient \u00e0 \u00eatre \u00e0 la fois g\u00e9om\u00e9trique et organique. \u00bb<\/p>\n<p>Philip Jodidio, directeur du cabinet d\u2019architectes Fran Silvestre Arquitectos<\/p>\n<p>Le long corps <a href=\"https:\/\/www.admagazine.fr\/article\/la-geometrie-en-lignes-et-en-courbes-dune-maison-revue-par-un-architecte-pres-de-paris\" target=\"_blank\" rel=\"noopener\">g\u00e9om\u00e9trique<\/a> de reptile de cette maison atypique s\u2019\u00e9coule comme un escalier entre les v\u00e9g\u00e9taux de son grand jardin, et, selon le cabinet d\u2019architectes, \u00ab contourne les grands arbres existants et int\u00e8gre les nouveaux sp\u00e9cimens plant\u00e9s sur le site \u00bb. C\u2019est un dialogue visuel avec la nature pour inviter fluidit\u00e9 et harmonie sur le terrain. \u00ab L&rsquo;architecture est con\u00e7ue autour du jardin, visant une exp\u00e9rience de vie unifi\u00e9e. Le projet s&rsquo;adapte \u00e0 la topographie comme une terrasse, \u00e9voquant les gradins de certaines chapelles \u00bb. Selon Fran Silvestre Arquitectos, ce syst\u00e8me architectural r\u00e9pond aux d\u00e9sirs du client du cabinet, qui souhaitait une <a href=\"https:\/\/www.admagazine.fr\/article\/maison-olivier-rousteing-paris-loft-piscine\" target=\"_blank\" rel=\"noopener\">maison<\/a> capable de se d\u00e9cliner de boucle en boucle \u00e0 volont\u00e9 pour accueillir sa grande famille. Pour peu que cela soit n\u00e9cessaire, il suffirait de construire une nouvelle boucle pour que la maison s\u2019\u00e9tende plus loin et \u00e0 sati\u00e9t\u00e9.<\/p>\n","protected":false},"excerpt":{"rendered":"Vue du ciel, l&rsquo;arabesque en s\u00e9rie de Sabater House intrigue. Pour Fran Silvestre Arquitectos, elle constitue l&rsquo;ach\u00e8vement d&rsquo;un&hellip;\n","protected":false},"author":2,"featured_media":518883,"comment_status":"","ping_status":"","sticky":false,"template":"","format":"standard","meta":{"footnotes":""},"categories":[1358],"tags":[19035,1348,1384,1385,1386,58,59,1011,27,10057],"class_list":{"0":"post-518882","1":"post","2":"type-post","3":"status-publish","4":"format-standard","5":"has-post-thumbnail","7":"category-arts-et-design","8":"tag-architecture-spectaculaire","9":"tag-arts","10":"tag-arts-and-design","11":"tag-arts-et-design","12":"tag-design","13":"tag-divertissement","14":"tag-entertainment","15":"tag-fr","16":"tag-france","17":"tag-lieux-spectaculaires"},"share_on_mastodon":{"url":"https:\/\/pubeurope.com\/@fr\/115510008705969817","error":""},"_links":{"self":[{"href":"https:\/\/www.europesays.com\/fr\/wp-json\/wp\/v2\/posts\/518882","targetHints":{"allow":["GET"]}}],"collection":[{"href":"https:\/\/www.europesays.com\/fr\/wp-json\/wp\/v2\/posts"}],"about":[{"href":"https:\/\/www.europesays.com\/fr\/wp-json\/wp\/v2\/types\/post"}],"author":[{"embeddable":true,"href":"https:\/\/www.europesays.com\/fr\/wp-json\/wp\/v2\/users\/2"}],"replies":[{"embeddable":true,"href":"https:\/\/www.europesays.com\/fr\/wp-json\/wp\/v2\/comments?post=518882"}],"version-history":[{"count":0,"href":"https:\/\/www.europesays.com\/fr\/wp-json\/wp\/v2\/posts\/518882\/revisions"}],"wp:featuredmedia":[{"embeddable":true,"href":"https:\/\/www.europesays.com\/fr\/wp-json\/wp\/v2\/media\/518883"}],"wp:attachment":[{"href":"https:\/\/www.europesays.com\/fr\/wp-json\/wp\/v2\/media?parent=518882"}],"wp:term":[{"taxonomy":"category","embeddable":true,"href":"https:\/\/www.europesays.com\/fr\/wp-json\/wp\/v2\/categories?post=518882"},{"taxonomy":"post_tag","embeddable":true,"href":"https:\/\/www.europesays.com\/fr\/wp-json\/wp\/v2\/tags?post=518882"}],"curies":[{"name":"wp","href":"https:\/\/api.w.org\/{rel}","templated":true}]}}