{"id":518884,"date":"2025-11-07T19:14:32","date_gmt":"2025-11-07T19:14:32","guid":{"rendered":"https:\/\/www.europesays.com\/fr\/518884\/"},"modified":"2025-11-07T19:14:32","modified_gmt":"2025-11-07T19:14:32","slug":"cyril-hanouna-cet-ancien-chroniqueur-lance-un-appel-et-veut-rejoindre-tout-beau-tout-n9uf","status":"publish","type":"post","link":"https:\/\/www.europesays.com\/fr\/518884\/","title":{"rendered":"Cyril Hanouna : cet ancien chroniqueur lance un appel et veut rejoindre \u00ab\u00a0Tout beau, tout n9uf\u00a0\u00bb"},"content":{"rendered":"<p>      R\u00e9sum\u00e9<\/p>\n<p>Jean-Pascal Lacoste souhaite r\u00e9int\u00e9grer la bande de Cyril Hanouna dans \u00ab Tout beau, tout n9uf \u00bb, malgr\u00e9 une \u00e9quipe d\u00e9j\u00e0 compl\u00e8te et divers changements r\u00e9cents.<\/p>\n<p>        Sommaire<\/p>\n<p><strong>En rejoignant W9 le 1er septembre dernier<\/strong>, Cyril Hanouna a repris dans ses rangs une dizaine de chroniqueurs de TPMP. S&rsquo;il a rappel\u00e9 Gilles Verdez, G\u00e9raldine Maillet, Val\u00e9rie B\u00e9na\u00efm ou encore Isabelle Morini-Bosc et <a href=\"https:\/\/www.public.fr\/matthieu-delormeau-et-fabien-lecoeuvre-mesures-strictes-mises-en-place-apres-leur-accrochage\" target=\"_blank\" rel=\"noopener\">Matthieu Delormeau<\/a>, il a aussi recrut\u00e9 de nouveaux visages. C&rsquo;est le cas de l&rsquo;influenceuse Nawarra, pr\u00e9sente deux \u00e0 trois par semaines dans Tout beau, tout n9uf, ou encore l&rsquo;\u00e9lu palois Olivier Dartigolles. Ce jeudi, <a href=\"https:\/\/www.public.fr\/christine-bravo-deprogrammee-tres-mauvaise-nouvelle-pour-lanimatrice-star\" target=\"_blank\" rel=\"noopener\">une autre nouvelle chroniqueuse a \u00e9t\u00e9 annonc\u00e9e<\/a> : <strong>Christine Bravo<\/strong>.<\/p>\n<p>Malheureusement, les places sont ch\u00e8res, et des chroniqueurs ont d\u00fb \u00eatre sacrifi\u00e9s. Si Bernard Montiel a de lui-m\u00eame <a href=\"https:\/\/vsd.fr\/82854-bernard-montiel-nouveau-job-apres-lere-cyril-hanouna\/\" target=\"_blank\" rel=\"noopener\">quitt\u00e9 la bande en rejoignant France 3<\/a> pour une \u00e9mission animali\u00e8re, <strong>Guillaume Genton et Kelly Vedovelli, eux, n&rsquo;ont pas eu leur mot \u00e0 dire<\/strong>&#8230; Mais ils ne sont pas les seuls. Dans une interview accord\u00e9e \u00e0 T\u00e9l\u00e9-Loisirs, Jean-Pascal Lacoste reconna\u00eet qu&rsquo;il reviendrait volontiers dans la bande de Cyril Hanouna.<\/p>\n<p>L&rsquo;\u00e9quipe de \u00ab\u00a0Tout beau, tout n9uf\u00a0\u00bb est d\u00e9j\u00e0 au complet<\/p>\n<p>\u00ab\u00a0S&rsquo;il veut que je vienne lui faire un coucou, ce sera avec un grand plaisir. Cyril fait partie des gens qui ont une poign\u00e9e de main r\u00e9elle. <strong>C&rsquo;est quelqu&rsquo;un de franc, honn\u00eate et loyal<\/strong>\u00a0\u00bb a ainsi d\u00e9clar\u00e9 Jean-Pascal Lacoste. L&rsquo;ancien Acad\u00e9micien, qui sera \u00e0 retrouver dans quelques jours dans <a href=\"https:\/\/www.public.fr\/exclu-public-the-cerveau-une-deuxieme-saison-en-preparation-pour-lemission-de-tele-realite\" target=\"_blank\" rel=\"noopener\">la nouvelle saison de The Cerveau <\/a>sur W9, reconna\u00eet toutefois que la bande de Tout beau, tout n9uf est d\u00e9j\u00e0 bien remplie&#8230;<\/p>\n<p>\u00ab\u00a0Pourquoi me prendrait-il ? Il a une super \u00e9quipe. S&rsquo;il le souhaite, on en discutera&#8230; <strong>Mais je ne pense pas que \u00e7a se fera, parce que son \u00e9quipe est bonne<\/strong>\u00a0\u00bb a reconnu l&rsquo;Agitateur. Jean-Pascal Lacoste avait effectivement rejoint la bande de Cyril Hanouna en 2020, mais il n&rsquo;y avait pas fait long feu. Il avait rapidement \u00e9t\u00e9 exfiltr\u00e9 dans l&rsquo;\u00e9mission PAF de <strong>Pascale de la Tour du Pin<\/strong>. Il \u00e9tait \u00e9pisodiquement intervenu en fin de semaine, dans les TPMP ! Ouvert \u00e0 tous anim\u00e9s par Benjamin Castaldi.<\/p>\n<p>\n          Hits &amp; People en continu\n        <\/p>\n<p>\n          Public Radio\n        <\/p>\n<p>      Mentionn\u00e9s dans cet article<\/p>\n<p>      Sur le m\u00eame sujet<\/p>\n","protected":false},"excerpt":{"rendered":"R\u00e9sum\u00e9 Jean-Pascal Lacoste souhaite r\u00e9int\u00e9grer la bande de Cyril Hanouna dans \u00ab Tout beau, tout n9uf \u00bb, malgr\u00e9&hellip;\n","protected":false},"author":2,"featured_media":518885,"comment_status":"","ping_status":"","sticky":false,"template":"","format":"standard","meta":{"footnotes":""},"categories":[1356],"tags":[31049,3721,1083,58,59,1011,27,63930,252,549,22498,22497,1364,2395],"class_list":{"0":"post-518884","1":"post","2":"type-post","3":"status-publish","4":"format-standard","5":"has-post-thumbnail","7":"category-television","8":"tag-christine-bravo","9":"tag-chroniqueur","10":"tag-cyril-hanouna","11":"tag-divertissement","12":"tag-entertainment","13":"tag-fr","14":"tag-france","15":"tag-jean-pascal-lacoste","16":"tag-television","17":"tag-touche-pas-a-mon-poste","18":"tag-tout-9-tbt9","19":"tag-tout-beau","20":"tag-tv","21":"tag-w9"},"share_on_mastodon":{"url":"https:\/\/pubeurope.com\/@fr\/115510015955113243","error":""},"_links":{"self":[{"href":"https:\/\/www.europesays.com\/fr\/wp-json\/wp\/v2\/posts\/518884","targetHints":{"allow":["GET"]}}],"collection":[{"href":"https:\/\/www.europesays.com\/fr\/wp-json\/wp\/v2\/posts"}],"about":[{"href":"https:\/\/www.europesays.com\/fr\/wp-json\/wp\/v2\/types\/post"}],"author":[{"embeddable":true,"href":"https:\/\/www.europesays.com\/fr\/wp-json\/wp\/v2\/users\/2"}],"replies":[{"embeddable":true,"href":"https:\/\/www.europesays.com\/fr\/wp-json\/wp\/v2\/comments?post=518884"}],"version-history":[{"count":0,"href":"https:\/\/www.europesays.com\/fr\/wp-json\/wp\/v2\/posts\/518884\/revisions"}],"wp:featuredmedia":[{"embeddable":true,"href":"https:\/\/www.europesays.com\/fr\/wp-json\/wp\/v2\/media\/518885"}],"wp:attachment":[{"href":"https:\/\/www.europesays.com\/fr\/wp-json\/wp\/v2\/media?parent=518884"}],"wp:term":[{"taxonomy":"category","embeddable":true,"href":"https:\/\/www.europesays.com\/fr\/wp-json\/wp\/v2\/categories?post=518884"},{"taxonomy":"post_tag","embeddable":true,"href":"https:\/\/www.europesays.com\/fr\/wp-json\/wp\/v2\/tags?post=518884"}],"curies":[{"name":"wp","href":"https:\/\/api.w.org\/{rel}","templated":true}]}}