{"id":518888,"date":"2025-11-07T19:16:15","date_gmt":"2025-11-07T19:16:15","guid":{"rendered":"https:\/\/www.europesays.com\/fr\/518888\/"},"modified":"2025-11-07T19:16:15","modified_gmt":"2025-11-07T19:16:15","slug":"voici-4-films-a-voir-absolument-au-cine-ce-week-end-14","status":"publish","type":"post","link":"https:\/\/www.europesays.com\/fr\/518888\/","title":{"rendered":"Voici 4 films \u00e0 voir absolument au cin\u00e9 ce week-end"},"content":{"rendered":"<p>Bon week-end \u00e0 vous\u00a0! Vous avez peut-\u00eatre m\u00eame la chance de faire le pont et de profiter d\u2019un week-end prolong\u00e9. Si vous avez eu une semaine bien charg\u00e9e, c\u2019est donc le moment de prendre un moment pour vous. Il n\u2019y a rien de mieux qu\u2019une petite pause cin\u00e9 pour se d\u00e9tendre, s\u2019\u00e9vader et se laisser embarquer dans de nouvelles histoires passionnantes. En solo, en couple, entre amis ou en famille, les salles obscures s\u2019imposent comme le refuge id\u00e9al pour oublier le quotidien pendant quelques heures. Entre \u00e9motions fortes, fous rires garantis et aventures palpitantes, les sorties de cette semaine promettent de quoi satisfaire tous les go\u00fbts.<\/p>\n<p>Comme chaque vendredi, nous avons pass\u00e9 au crible les derni\u00e8res sorties cin\u00e9 pour vous proposer 4 films \u00e0 ne pas manquer ce week-end. Blockbuster, com\u00e9die familiale ou film plus engag\u00e9, vous trouverez forc\u00e9ment votre bonheur dans cette s\u00e9lection.<\/p>\n<p>   Predator\u00a0: Badlands      <a href=\"https:\/\/www.youtube.com\/@PressecitronHD?sub_confirmation=1\" target=\"_blank\" rel=\"nofollow noopener\">         S&rsquo;abonner \u00e0 Presse-citron     <\/a> <\/p>\n<p>La saga Predator signe son grand retour dans les salles obscures cette semaine. Dans ce nouvel opus \u00e9lectrisant, le Predator est le v\u00e9ritable protagoniste. Un changement qui est le bienvenu\u00a0! Predator\u00a0: Badlands suit un jeune chasseur extraterrestre banni de son clan et donc contraint de faire \u00e9quipe avec Thia, une cyborg, sur une plan\u00e8te hostile o\u00f9 la survie est une question de tous les instants.<\/p>\n<p>Derri\u00e8re la cam\u00e9ra, Dan Trachtenberg r\u00e9ussit \u00e0 insuffler un nouveau souffle \u00e0 la saga culte avec de nombreux bonnes id\u00e9es et d\u2019excellents effets visuels. Les fans se r\u00e9jouissent d\u2019un sc\u00e9nario palpitant et du jeu d\u2019Elle Fanning, m\u00eame si beaucoup regrettent un opus trop sage. Les spectateurs d\u2019AlloCin\u00e9 lui accordent la note de 3,5 sur 5 tandis que la presse est plus mitig\u00e9e avec un simple 3 sur 5.<\/p>\n<p> Les Braises  <\/p>\n<p>Virginie Efira revient sur grand \u00e9cran pour le plus grand plaisir des cin\u00e9philes. Les Braises nous plonge dans le quotidien de Karine et Jimmy, un couple uni et toujours aussi amoureux apr\u00e8s vingt ans de vie commune et deux enfants. Elle travaille dans une usine tandis qu\u2019il s\u2019acharne \u00e0 faire grandir sa petite entreprise en tant que chauffeur routier. Quand appara\u00eet le mouvement des Gilets Jaunes, Karine se retrouve emport\u00e9e par la force du collectif, la col\u00e8re, l\u2019espoir d\u2019un changement. Mais \u00e0 mesure que son engagement grandit, l\u2019\u00e9quilibre de son couple vacille.<\/p>\n<p>Dans Les Braises, Virginie Efira et Arieh Worthalter forment un duo dynamique, \u00e9mouvant, authentique et juste. Le film semble avoir fait l\u2019unanimit\u00e9, s\u2019offrant les notes respectives de 3,4 et 3,5 sur 5 de la part de la presse et des spectateurs d\u2019AlloCin\u00e9.<\/p>\n<p> L\u2019inconnu de la Grande Arche  <\/p>\n<p>Pr\u00e9sent\u00e9 en s\u00e9lection Un Certain Regard au <a href=\"https:\/\/www.presse-citron.net\/10-films-primes-au-festival-de-cannes-a-voir-absolument\/\" target=\"_blank\" rel=\"noopener\">Festival de Cannes<\/a> en mai dernier, L\u2019inconnu de la Grande Arche est une adaptation du roman \u00e9ponyme de Laurence Coss\u00e9 publi\u00e9 en 2016. St\u00e9phane Demoustier s\u2019inspire de l\u2019histoire et de la carri\u00e8re d\u2019Otto von Spreckelsen, l\u2019architecture danois charg\u00e9 de b\u00e2tir la fameuse Grande Arche de la D\u00e9fense.<\/p>\n<p>En 1983, il emporte le concours d\u2019architecture international pour le projet phare de la pr\u00e9sidence de Fran\u00e7ois Mitterrand. Sa victoire est une surprise. Du jour au lendemain, l\u2019homme de 53 ans, inconnu dans l\u2019Hexagone, d\u00e9barque \u00e0 Paris o\u00f9 il est propuls\u00e9 \u00e0 la t\u00eate de ce chantier pharaonique. Et si l\u2019architecte entend b\u00e2tir la Grande Arche telle qu\u2019il l\u2019a imagin\u00e9e, ses id\u00e9es vont vite se heurter \u00e0 la complexit\u00e9 du r\u00e9el et aux al\u00e9as de la politique. Coup de coeur unanime pour la presse et les spectateurs d\u2019AlloCin\u00e9 avec la note de 3,9 sur 5.<\/p>\n<p> T\u2019as pas chang\u00e9  <\/p>\n<p>Envie de vous replonger dans votre jeunesse\u00a0? Comptez sur T\u2019as pas chang\u00e9. Le film de J\u00e9r\u00f4me Commandeur promet de vous faire rire. Beaucoup rire. Suite \u00e0 un \u00e9v\u00e9nement aussi loufoque que tragique, quatre anciens lyc\u00e9ens caboss\u00e9s se t\u00e9lescopent et font face \u00e0 leur pass\u00e9. La force du groupe suffira-t-elle \u00e0 les remettre droits\u00a0?<\/p>\n<p>C\u2019est s\u00fbr, ces retrouvailles vont totalement bouleverser ces quinquag\u00e9naires perdus. Le long m\u00e9trage est une d\u00e9claration d\u2019amour aux ann\u00e9es 90 et se positionne comme une bonne com\u00e9die qui fleure bon la nostalgie. La presse lui octroie la moyenne de 3,1 sur 5. De leur c\u00f4t\u00e9, les spectateurs d\u2019AlloCin\u00e9 grimpent \u00e0 3,5.<\/p>\n<blockquote>\n<p class=\"text-base text-neutral-700 dark:text-neutral-300\">\ud83d\udccd Pour ne manquer aucune actualit\u00e9 de Presse-citron, suivez-nous sur <a href=\"https:\/\/news.google.com\/publications\/CAAqBggKMIPiNTC70wU?hl=fr&amp;gl=FR&amp;ceid=FR%3Afr\" target=\"_blank\" rel=\"noopener\">Google Actualit\u00e9s<\/a> et <a href=\"https:\/\/whatsapp.com\/channel\/0029VaCkGuz4NViitBXbEr0b\" target=\"_blank\" rel=\"noopener\">WhatsApp<\/a>.<\/p>\n<\/blockquote>\n","protected":false},"excerpt":{"rendered":"Bon week-end \u00e0 vous\u00a0! Vous avez peut-\u00eatre m\u00eame la chance de faire le pont et de profiter d\u2019un&hellip;\n","protected":false},"author":2,"featured_media":518889,"comment_status":"","ping_status":"","sticky":false,"template":"","format":"standard","meta":{"footnotes":""},"categories":[1354],"tags":[58,59,1346,1011,27,3666,1360],"class_list":{"0":"post-518888","1":"post","2":"type-post","3":"status-publish","4":"format-standard","5":"has-post-thumbnail","7":"category-films","8":"tag-divertissement","9":"tag-entertainment","10":"tag-films","11":"tag-fr","12":"tag-france","13":"tag-guide-cine","14":"tag-movies"},"share_on_mastodon":{"url":"https:\/\/pubeurope.com\/@fr\/115510023568710231","error":""},"_links":{"self":[{"href":"https:\/\/www.europesays.com\/fr\/wp-json\/wp\/v2\/posts\/518888","targetHints":{"allow":["GET"]}}],"collection":[{"href":"https:\/\/www.europesays.com\/fr\/wp-json\/wp\/v2\/posts"}],"about":[{"href":"https:\/\/www.europesays.com\/fr\/wp-json\/wp\/v2\/types\/post"}],"author":[{"embeddable":true,"href":"https:\/\/www.europesays.com\/fr\/wp-json\/wp\/v2\/users\/2"}],"replies":[{"embeddable":true,"href":"https:\/\/www.europesays.com\/fr\/wp-json\/wp\/v2\/comments?post=518888"}],"version-history":[{"count":0,"href":"https:\/\/www.europesays.com\/fr\/wp-json\/wp\/v2\/posts\/518888\/revisions"}],"wp:featuredmedia":[{"embeddable":true,"href":"https:\/\/www.europesays.com\/fr\/wp-json\/wp\/v2\/media\/518889"}],"wp:attachment":[{"href":"https:\/\/www.europesays.com\/fr\/wp-json\/wp\/v2\/media?parent=518888"}],"wp:term":[{"taxonomy":"category","embeddable":true,"href":"https:\/\/www.europesays.com\/fr\/wp-json\/wp\/v2\/categories?post=518888"},{"taxonomy":"post_tag","embeddable":true,"href":"https:\/\/www.europesays.com\/fr\/wp-json\/wp\/v2\/tags?post=518888"}],"curies":[{"name":"wp","href":"https:\/\/api.w.org\/{rel}","templated":true}]}}