{"id":518893,"date":"2025-11-07T19:19:13","date_gmt":"2025-11-07T19:19:13","guid":{"rendered":"https:\/\/www.europesays.com\/fr\/518893\/"},"modified":"2025-11-07T19:19:13","modified_gmt":"2025-11-07T19:19:13","slug":"harcelement-en-ligne-angelique-angarni-filopon-miss-france-2025-a-voulu-rendre-sa-couronne","status":"publish","type":"post","link":"https:\/\/www.europesays.com\/fr\/518893\/","title":{"rendered":"Harc\u00e8lement en ligne\u00a0: Ang\u00e9lique Angarni-Filopon, Miss France 2025, \u00ab\u00a0a voulu rendre sa couronne\u00a0\u00bb"},"content":{"rendered":"<p class=\"paragraph text_align_left lp-f-body-02\">Le poids de la couronne Miss France, trop lourd \u00e0 porter ? <a href=\"https:\/\/www.leparisien.fr\/culture-loisirs\/miss-france\/miss-france-2026-mais-ou-est-donc-passee-angelique-angarni-filopon-la-reine-de-beaute-2025-07-11-2025-XWD6JCWYRJF5PJFBTNDZG6GKAU.php\" target=\"_self\" rel=\"nofollow noopener\">C\u2019est en tout cas le sentiment d\u2019Ang\u00e9lique Angarni-Filopon, Miss France 2025. <\/a>Alors que les trente nouvelles candidates faisaient leur entr\u00e9e officielle dans l\u2019ar\u00e8ne m\u00e9diatique, lors d\u2019une conf\u00e9rence de presse au si\u00e8ge de TF 1 \u00e0 Boulogne-Billancourt (Hauts-de-Seine), ce vendredi, Fr\u00e9d\u00e9ric Gilbert, le pr\u00e9sident de la Soci\u00e9t\u00e9 Miss France et producteur de l\u2019\u00e9lection <a href=\"https:\/\/www.leparisien.fr\/culture-loisirs\/miss-france\/\" rel=\"nofollow noopener\" target=\"_blank\">Miss France<\/a> sur la premi\u00e8re cha\u00eene, a d\u00e9voil\u00e9 une nouveaut\u00e9 dans l\u2019organisation du concours : la cr\u00e9ation d\u2019un programme de marrainage pour \u00e9pauler la future Miss France. D\u00e8s 2026, <a href=\"https:\/\/www.leparisien.fr\/culture-loisirs\/miss-france\/miss-france-2026-camille-cerf-sera-la-nouvelle-marraine-de-la-future-gagnante-07-11-2025-SV6MG3UYIFEUHNHVPDXS4Q3YIA.php\" target=\"_self\" rel=\"nofollow noopener\">c\u2019est Camille Cerf, Miss France 2015, qui lancera ce r\u00f4le aupr\u00e8s de la nouvelle reine de beaut\u00e9.<\/a><\/p>\n<p class=\"paragraph text_align_left lp-f-body-02\">Une initiative qui aurait sans doute \u00e9t\u00e9 pr\u00e9cieuse \u00e0 Ang\u00e9lique Angarni-Filopon. Rien ne s\u2019est pass\u00e9 comme pr\u00e9vu pour la Miss Martinique de 34 ans \u2014 une premi\u00e8re dans l\u2019histoire du concours. <a href=\"https:\/\/www.leparisien.fr\/culture-loisirs\/miss-france\/miss-france-2025-angelique-angarini-filopon-miss-martinique-une-victoire-historique-15-12-2024-TXDSBLLSHJAOTG3GONAL45VSXY.php\" target=\"_blank\" rel=\"noreferrer nofollow noopener\">\u00c0 peine couronn\u00e9e<\/a>, la jeune femme a subi une violente vague de harc\u00e8lement en ligne et d\u2019injures racistes.<\/p>\n<p class=\"paragraph text_align_left lp-f-body-02\">Le 8 janvier, au lendemain de la comm\u00e9moration des dix ans de l\u2019attentat de Charlie Hebdo, <a href=\"https:\/\/www.leparisien.fr\/culture-loisirs\/miss-france\/je-suis-inquiet-pour-sa-securite-le-patron-des-miss-france-prend-la-defense-dangelique-angarni-filopon-12-01-2025-VGUAULKCJFE5HFABQTGVMNYO4M.php\" target=\"_blank\" rel=\"noreferrer nofollow noopener\">invit\u00e9e \u00e0 dire si elle \u00e9tait \u00ab Charlie \u00bb, Ang\u00e9lique \u00ab ne se prononce pas \u00bb<\/a>. Le bad buzz est imm\u00e9diat. L\u2019organisation du concours choisit alors de l\u2019\u00e9loigner temporairement des projecteurs pour la prot\u00e9ger. Mais, en coulisses, les doutes demeurent.<\/p>\n<p class=\"paragraph text_align_left lp-f-body-02\">\u00ab Apr\u00e8s la vague de harc\u00e8lement qu\u2019Ang\u00e9lique a re\u00e7u depuis son \u00e9lection, elle a dit il n\u2019y a pas longtemps qu\u2019en f\u00e9vrier, elle voulait rendre sa couronne. Elle a voulu arr\u00eater parce que c\u2019\u00e9tait trop dur, trop lourd \u00e0 porter. Et c\u2019est l\u00e0 aussi o\u00f9 on a commenc\u00e9 \u00e0 discuter \u00e0 trouver un r\u00f4le, une marraine pour les comprendre et les accompagner. \u00bb<\/p>\n<p>\u00ab Tout d\u2019un coup, tout le monde se jette sur vous, les doutes naissent \u00bb<\/p>\n<p class=\"paragraph text_align_left lp-f-body-02\">\u00ab Moi j\u2019ai pas eu d\u2019\u00e9charpe, j\u2019ai beau expliquer \u00e0 Ang\u00e9lique Angarni-Filopon, \u00e0 Eve Gilles, \u00e0 Amandine Petit, ce qu\u2019est un titre de Miss France, je ne l\u2019ai pas v\u00e9cu personnellement, rajoute-t-il. Les enjeux du titre sont \u00e9normes. Elles se sont toutes pris la claque \u00e0 0h45. Tout d\u2019un coup, tout le monde se jette sur vous, les doutes naissent. \u00bb<\/p>\n<p class=\"paragraph text_align_left lp-f-body-02\">Les candidates au titre de Miss 2026 et Ang\u00e9lique Angarni-Filopon s\u2019envoleront ce dimanche pour une semaine de formation, en Martinique. Cette ann\u00e9e, deux anciennes reines de beaut\u00e9 seront de la partie pour les former : Cl\u00e9mence Botino, Miss France 2020, leur apprendra \u00e0 d\u00e9filer sur un podium, et Amandine Petit (2021) les formera \u00e0 la confiance en soi.<\/p>\n","protected":false},"excerpt":{"rendered":"Le poids de la couronne Miss France, trop lourd \u00e0 porter ? C\u2019est en tout cas le sentiment&hellip;\n","protected":false},"author":2,"featured_media":518894,"comment_status":"","ping_status":"","sticky":false,"template":"","format":"standard","meta":{"footnotes":""},"categories":[8],"tags":[872,58,59,1011,27,3034],"class_list":{"0":"post-518893","1":"post","2":"type-post","3":"status-publish","4":"format-standard","5":"has-post-thumbnail","7":"category-divertissement","8":"tag-culture-et-loisirs","9":"tag-divertissement","10":"tag-entertainment","11":"tag-fr","12":"tag-france","13":"tag-miss-france"},"share_on_mastodon":{"url":"https:\/\/pubeurope.com\/@fr\/115510035479157257","error":""},"_links":{"self":[{"href":"https:\/\/www.europesays.com\/fr\/wp-json\/wp\/v2\/posts\/518893","targetHints":{"allow":["GET"]}}],"collection":[{"href":"https:\/\/www.europesays.com\/fr\/wp-json\/wp\/v2\/posts"}],"about":[{"href":"https:\/\/www.europesays.com\/fr\/wp-json\/wp\/v2\/types\/post"}],"author":[{"embeddable":true,"href":"https:\/\/www.europesays.com\/fr\/wp-json\/wp\/v2\/users\/2"}],"replies":[{"embeddable":true,"href":"https:\/\/www.europesays.com\/fr\/wp-json\/wp\/v2\/comments?post=518893"}],"version-history":[{"count":0,"href":"https:\/\/www.europesays.com\/fr\/wp-json\/wp\/v2\/posts\/518893\/revisions"}],"wp:featuredmedia":[{"embeddable":true,"href":"https:\/\/www.europesays.com\/fr\/wp-json\/wp\/v2\/media\/518894"}],"wp:attachment":[{"href":"https:\/\/www.europesays.com\/fr\/wp-json\/wp\/v2\/media?parent=518893"}],"wp:term":[{"taxonomy":"category","embeddable":true,"href":"https:\/\/www.europesays.com\/fr\/wp-json\/wp\/v2\/categories?post=518893"},{"taxonomy":"post_tag","embeddable":true,"href":"https:\/\/www.europesays.com\/fr\/wp-json\/wp\/v2\/tags?post=518893"}],"curies":[{"name":"wp","href":"https:\/\/api.w.org\/{rel}","templated":true}]}}