{"id":518905,"date":"2025-11-07T19:25:19","date_gmt":"2025-11-07T19:25:19","guid":{"rendered":"https:\/\/www.europesays.com\/fr\/518905\/"},"modified":"2025-11-07T19:25:19","modified_gmt":"2025-11-07T19:25:19","slug":"alison-knowles-des-oeuvres-comme-des-partitions-a-activer","status":"publish","type":"post","link":"https:\/\/www.europesays.com\/fr\/518905\/","title":{"rendered":"Alison Knowles, des \u0153uvres comme des partitions \u00e0 activer"},"content":{"rendered":"<p>Un long damier rouge s\u2019\u00e9tale au centre de la pi\u00e8ce. L\u2019important n\u2019est pas ce damier mais ce que va en faire le public.<\/p>\n<p>D\u00e8s ce samedi, les visiteurs sont invit\u00e9s \u00e0 d\u00e9poser un objet rouge dans une case afin d\u2019activer l\u2019\u0153uvre. Cette d\u00e9marche r\u00e9sume bien l\u2019approche artistique d\u2019Alison Knowles, pionni\u00e8re du mouvement Fluxus, cr\u00e9\u00e9 en 1962. Elle est la seule femme du groupe \u00e0 l\u2019origine de ce mouvement d\u2019avant-garde.<\/p>\n<p>\u00ab\u00a0Apr\u00e8s <a href=\"https:\/\/www.leprogres.fr\/culture-loisirs\/2022\/10\/14\/le-mamc-veut-rehabiliter-marcelle-cahn-dans-l-histoire-de-l-art\" target=\"_blank\" rel=\"noopener\">Marcelle Cahn<\/a> et <a href=\"https:\/\/www.leprogres.fr\/culture-loisirs\/2025\/04\/17\/musee-d-art-moderne-pierrette-bloch-l-art-de-sortir-du-cadre\" target=\"_blank\" rel=\"noopener\">Pierrette Bloch<\/a> , cette r\u00e9trospective Alison Knowles permet de remettre \u00e0 la bonne place ces femmes un peu mise de c\u00f4t\u00e9 jusque-l\u00e0\u00a0\u00bb, souligne Aur\u00e9lie Voltz, directrice du mus\u00e9e d\u2019Art moderne et contemporain. Hasard du calendrier, cette r\u00e9trospective ouvre ses portes quelques jours apr\u00e8s le d\u00e9c\u00e8s de l\u2019artiste am\u00e9ricaine, le 29\u00a0octobre. \u00ab\u00a0Figure majeure de l\u2019art contemporain am\u00e9ricain, elle a d\u00fb attendre ses 92 ans et plus de 65 ans de cr\u00e9ation pour avoir une r\u00e9trospective\u00a0\u00bb, ajoute Alexandre Quoi, co-commissaire de cette exposition pass\u00e9e par l\u2019Allemagne et&#8230;<\/p>\n","protected":false},"excerpt":{"rendered":"Un long damier rouge s\u2019\u00e9tale au centre de la pi\u00e8ce. L\u2019important n\u2019est pas ce damier mais ce que&hellip;\n","protected":false},"author":2,"featured_media":518906,"comment_status":"","ping_status":"","sticky":false,"template":"","format":"standard","meta":{"footnotes":""},"categories":[9653],"tags":[1111,11,2430,1687,7539,1777,674,2271,1011,27,12,25,4001,7538],"class_list":{"0":"post-518905","1":"post","2":"type-post","3":"status-publish","4":"format-standard","5":"has-post-thumbnail","7":"category-saint-etienne","8":"tag-actu","9":"tag-actualites","10":"tag-auvergne-rhone-alpes","11":"tag-culture-loisirs","12":"tag-edition-loire-sud","13":"tag-eu","14":"tag-europe","15":"tag-exposition-arts-plastiques","16":"tag-fr","17":"tag-france","18":"tag-news","19":"tag-republique-francaise","20":"tag-saint-etienne","21":"tag-saint-etienne-ville"},"share_on_mastodon":{"url":"https:\/\/pubeurope.com\/@fr\/115510058989627746","error":""},"_links":{"self":[{"href":"https:\/\/www.europesays.com\/fr\/wp-json\/wp\/v2\/posts\/518905","targetHints":{"allow":["GET"]}}],"collection":[{"href":"https:\/\/www.europesays.com\/fr\/wp-json\/wp\/v2\/posts"}],"about":[{"href":"https:\/\/www.europesays.com\/fr\/wp-json\/wp\/v2\/types\/post"}],"author":[{"embeddable":true,"href":"https:\/\/www.europesays.com\/fr\/wp-json\/wp\/v2\/users\/2"}],"replies":[{"embeddable":true,"href":"https:\/\/www.europesays.com\/fr\/wp-json\/wp\/v2\/comments?post=518905"}],"version-history":[{"count":0,"href":"https:\/\/www.europesays.com\/fr\/wp-json\/wp\/v2\/posts\/518905\/revisions"}],"wp:featuredmedia":[{"embeddable":true,"href":"https:\/\/www.europesays.com\/fr\/wp-json\/wp\/v2\/media\/518906"}],"wp:attachment":[{"href":"https:\/\/www.europesays.com\/fr\/wp-json\/wp\/v2\/media?parent=518905"}],"wp:term":[{"taxonomy":"category","embeddable":true,"href":"https:\/\/www.europesays.com\/fr\/wp-json\/wp\/v2\/categories?post=518905"},{"taxonomy":"post_tag","embeddable":true,"href":"https:\/\/www.europesays.com\/fr\/wp-json\/wp\/v2\/tags?post=518905"}],"curies":[{"name":"wp","href":"https:\/\/api.w.org\/{rel}","templated":true}]}}