{"id":518907,"date":"2025-11-07T19:26:19","date_gmt":"2025-11-07T19:26:19","guid":{"rendered":"https:\/\/www.europesays.com\/fr\/518907\/"},"modified":"2025-11-07T19:26:19","modified_gmt":"2025-11-07T19:26:19","slug":"une-association-commercante-ambitionne-de-remplacer-cote-saint-etienne","status":"publish","type":"post","link":"https:\/\/www.europesays.com\/fr\/518907\/","title":{"rendered":"Une association commer\u00e7ante ambitionne de remplacer C\u00f4t\u00e9 Saint-Etienne"},"content":{"rendered":"<p class=\"is-style-chapo\">S\u2019il en existe encore, mais \u00ab\u00a0de quartier\u00a0\u00bb \u2013 Michelet C\u0153ur de Ville, dans la rue \u00e9ponyme, est un r\u00e9cent exemple \u2013, voil\u00e0 2 ans que Saint-Etienne est priv\u00e9e d\u2019une association commer\u00e7ante d\u2019ensemble. Depuis le \u00ab\u00a0crash\u00a0\u00bb de C\u00f4t\u00e9 Saint-Etienne. Pas au meilleur moment pour un commerce physique de centre-ville en souffrance. Certes, ici comme ailleurs et qui continue \u00e0 se battre. CCI et CMA sont li\u00e9es au lancement tout frais de \u00ab\u00a0l\u2019ACAPS\u00a0\u00bb qui ambitionne de prendre le relais. Soutien articul\u00e9 avec l\u2019ambition d\u2019\u00e9laborer un \u00ab\u00a0plan\u00a0\u00bb d\u2019actions collectif effectif en 2026. \u00a0\u00a0<\/p>\n<p><img fetchpriority=\"high\" decoding=\"async\" width=\"1024\" height=\"576\" src=\"https:\/\/www.europesays.com\/fr\/wp-content\/uploads\/2025\/11\/thumbnail_20251107_103843-1024x576.jpg\" alt=\"\" class=\"wp-image-80981\"  \/>Les repr\u00e9sentants de la CCI et de la CMA au sein de la Maison Thomas ce matin \u00e0 Saint-Etienne\u00a0: son dirigeant Tristan Thomas (2e en partant de la gauche) est le pr\u00e9sident de la nouvelle association des commer\u00e7ants. \u00a9If Saint-Etienne \/ XA<\/p>\n<p>C\u2019est tout frais. \u00ab\u00a0Les statuts ont \u00e9t\u00e9 d\u00e9pos\u00e9s il y a 2 semaines. Nous n\u2019en sommes qu\u2019au tout d\u00e9but\u00a0: alors, oui, il n\u2019y a pas encore d\u2019autres\u00a0membres que les fondateurs, soit une dizaine de personnes\u00a0\u00bb, explique le pr\u00e9sident Tristan Thomas, de la Maison Thomas, la confiserie des Arcades implant\u00e9 sous l\u2019H\u00f4tel de ville de Saint-Etienne aux origines remontant aux ann\u00e9es 1950. \u00ab\u00a0Mais l\u2019id\u00e9e est bien s\u00fbr d\u2019ouvrir les portes \u00e0 tous et d\u2019\u00eatre l\u2019association repr\u00e9sentant l\u2019ensemble des commer\u00e7ants, des artisans, des bars, h\u00f4tels et bien s\u00fbr restaurants de tout Saint-Etienne. Un interlocuteur d\u2019ensemble vis-\u00e0-vis des chambres consulaires, de la municipalit\u00e9 et du public. \u00bb<\/p>\n<p>Son nom\u00a0? L\u2019ACAPS pour \u00ab\u00a0Association des commer\u00e7ants, artisans et prestataires de Saint-Etienne\u00a0\u00bb, acronyme temporaire amen\u00e9 \u00e0 \u00eatre remplac\u00e9 le plus vite possible par une appellation plus s\u00e9duisante. En attendant, cette association ambitionne de reprendre le flambeau et donc le r\u00f4le de C\u00f4t\u00e9 Saint-Etienne, en situation de <a href=\"https:\/\/www.if-saint-etienne.fr\/tag\/cote-saint-etienne\" target=\"_blank\" rel=\"noreferrer noopener\">crash<\/a> depuis l\u2019automne 2023, et qui comptait, avant cela, environ 200 membres. Depuis, Ville de Saint-Etienne et chambres consulaires n\u2019ont plus d\u2019interlocutrice officielle pour l\u2019ensemble de la cit\u00e9. Et la vie commer\u00e7ante de cette derni\u00e8re, sa vie tout court du coup, est priv\u00e9e des \u00e9l\u00e9ments de base port\u00e9s par ce type de structure, celles qui continuent \u00e0 fonctionner, souligne Tristan Thomas \u2013 malgr\u00e9 la tendance terrible du \u00ab\u00a0tout en ligne\u00a0\u00bb<strong>*<\/strong> \u2013 pour attirer du monde en centre-ville. A savoir des cartes cadeaux collectives ou encore des animations coordonn\u00e9es et r\u00e9guli\u00e8res.<\/p>\n<p>Et le collectif du printemps\u00a0?<\/p>\n<p>La d\u00e9l\u00e9gation Loire de la CCI m\u00e9tropolitaine et la CMA 42 ne sont pas \u00e9trang\u00e8res \u00e0 cette \u00ab\u00a0r\u00e9animation\u00a0\u00bb. La premi\u00e8re ayant d\u2019ailleurs organis\u00e9 les premi\u00e8res Assises du commerce et de l\u2019artisanat \u2013 qui va donner lieu \u00e0 la sortie imminente d\u2019un livre blanc \u2013 dans la Loire au printemps dernier \u00e0 la sortie d\u2019un second opus de la \u00ab\u00a0<a href=\"https:\/\/www.if-saint-etienne.fr\/economie\/commerces-services\/la-cci-loire-amplifie-la-semaine-du-commerce\" target=\"_blank\" rel=\"noreferrer noopener\">Semaine<\/a> du commerce\u00a0\u00bb dans le d\u00e9partement qu\u2019elle avait souhait\u00e9 amplifier \u00e0 d\u00e9faut d\u2019en \u00eatre \u00e0 l\u2019origine (ce sont des unions commerciales locales qui l\u2019ont cr\u00e9\u00e9e en 2023). Mais \u00e0 propos de renouveau associatif \u00e0 Saint-Etienne, on s\u2019attendait davantage \u00e0 une initiative issue du <a href=\"https:\/\/www.if-saint-etienne.fr\/breves\/commerce-les-mesures-exigees-par-les-commercants-reconduites\" target=\"_blank\" rel=\"noreferrer noopener\">collectif<\/a> d\u00e9coulant, \u00e0 l\u2019origine, par le coup de gueule de Laurent Pelletier, \u00e0 la t\u00eate de Lo\u2019Beau Bar et du Parci Parla en mars dernier sur la situation du commerce st\u00e9phanois. Pour rappel, ce collectif, exprimant le sentiment de manque d\u2019\u00e9coute de la part des pouvoirs publics, avait soud\u00e9 environ 150 commerces de la ville.<\/p>\n<p>Puis obtenu rapidement de la mairie des mesures \u00ab\u00a0d\u2019urgence\u00a0\u00bb qui ont depuis, semble-t-il tourner \u00e0 la permanence, au moins jusqu\u2019\u00e0 un nouvel ordre\u00a0: retour \u00e0 un \u00e9clairage public estim\u00e9 s\u00e9curisant plus long, plus \u00e9tendu, d\u2019un budget \u00ab\u00a0carte blanche\u00a0\u00bb de 100 000 \u20ac pour des animations et enfin de facilit\u00e9s de stationnement \u2013 \u00e9largissement des jours et horaires de gratuit\u00e9 \u2013 pour les consommateurs potentiels. Dans la foul\u00e9e, la cr\u00e9ation d\u2019une association commer\u00e7ante issue du collectif \u00e9tait tr\u00e8s logiquement attendue. Laurent Pelletier nous avait d\u2019ailleurs confirm\u00e9 que celle-ci \u00e9tait en r\u00e9flexion tout en pr\u00e9cisant bien qu\u2019il ne souhaitait pas en \u00eatre pr\u00e9sident. Mais la gestation de l\u2019ACAPS, suscit\u00e9e donc entre autres par la CCI et la CMA \u00e9tait alors d\u00e9j\u00e0 en route, avant m\u00eame la constitution de collectif\u00a0: \u00ab\u00a0Sa concr\u00e9tisation ayant \u00e9t\u00e9 retard\u00e9 pour \u00e9viter une confusion avec la d\u00e9marche du collectif du printemps dernier \u00bb, explique \u00e0 If la CCI. \u00a0<\/p>\n<p>\u00ab\u00a0Nous avons besoin d\u2019\u00eatre davantage \u00e9cout\u00e9s\u00a0\u00bb<\/p>\n<p>Et si la nouvelle association annonce vouloir, bien s\u00fbr, travailler avec les membres issus du collectif, leur adh\u00e9sion ne sera pas pour autant une \u00e9vidence \u00e0 en croire Laurent Pelletier. Ce dernier expliquait en effet cet apr\u00e8s-midi \u00e0 If Saint-Etienne que les choses avaient \u00e9t\u00e9, \u00e0 ses yeux, faites \u00e0 l\u2019envers : \u00ab\u00a0Ce n\u2019est pas une question d\u2019\u00e9go, de pouvoir\u00a0: je l\u2019ai d\u00e9j\u00e0 dit, personnellement, je ne veux pas diriger\u00a0! C\u2019est juste que quand on veut faire une association commer\u00e7ante soudant tout le monde, on r\u00e9unit en amont les gens en question, \u00e0 propos de l\u2019initiative, ses tenants et aboutissants, comme nous l\u2019avons fait en mars. Et pas \u00e0 partir d\u2019un fait accompli, avec un bureau d\u00e9j\u00e0 constitu\u00e9 en amont.\u00a0\u00bb Reste que l\u2019absence d\u2019une association commer\u00e7ante p\u00e8se au-del\u00e0 de probl\u00e9matiques \u00e9conomico-sociales valables dans tout le pays<strong>**<\/strong> et pas qu\u2019\u00e0 Saint-Etienne\u00a0: pouvoir d\u2019achat, pertes des \u00ab\u00a0locomotives\u00a0\u00bb nationales p\u00e9riclitant ou fuyant les centres-villes, concurrence d\u00e9loyale et mortif\u00e8re du web\u2026<\/p>\n<p><img loading=\"lazy\" decoding=\"async\" width=\"1024\" height=\"576\" src=\"https:\/\/www.europesays.com\/fr\/wp-content\/uploads\/2025\/07\/D-1-1024x576.jpg\" alt=\"Commerce\" class=\"wp-image-77984\"  \/>Comment lutter contre le tout en ligne mortif\u00e8re ? La vie commer\u00e7ante participe aussi largement au lien social d\u2019une cit\u00e9. \u00a9If Saint-Etienne \/ XA<\/p>\n<p>Pour revenir \u00e0 Saint-Etienne, \u00ab oui, les mesures prises en mars vont dans le bon sens et ont eu de l\u2019effet sur l\u2019activit\u00e9. Chez moi, en tout cas, cela s\u2019est v\u00e9rifi\u00e9e, observe Leslie Engel, \u00e0 la t\u00eate de trois boutiques \u00e0 Saint-Etienne dont\u00a0Lisa Calvo\u00a0(pr\u00eat-\u00e0-porter f\u00e9minin) dans le quartier Saint-Jacques, visit\u00e9e ce vendredi matin par les repr\u00e9sentants de la <a href=\"https:\/\/www.lyon-metropole.cci.fr\/nos-delegations\/cci-saint-etienne\" target=\"_blank\" rel=\"noreferrer noopener\">CCI<\/a>. Nous continuons encore et toujours \u00e0 souffrir des m\u00eames probl\u00e9matiques tenaces\u00a0: ins\u00e9curit\u00e9, incivilit\u00e9s, manque persistant de propret\u00e9, d\u2019acc\u00e8s rapides et efficaces \u00e0 du stationnement en centre-ville ou encore la multiplication de ces fast foods dans les cellules vides qui ont tendance \u00e0 attirer une client\u00e8le qui ne se comporte pas toujours bien et fait fuir les autres. Mais il y a encore plein de commer\u00e7ants de bonne volont\u00e9, motiv\u00e9s, qui aiment cette ville. Il faut le valoriser. Or, nous avons besoin d\u2019\u00eatre davantage \u00e9cout\u00e9s, davantage accompagn\u00e9s, aid\u00e9s et ce qui peut exister allant dans ce sens n\u2019est pas toujours bien communiqu\u00e9. Il faut donc une association pour faire l\u2019interm\u00e9diaire.\u00a0Une association capable d\u2019avoir des r\u00e9f\u00e9rents selon le type de commerce et des secteurs de la ville\u00a0: nous ne faisons pas tous les m\u00e9tiers et n\u2019avons donc pas les m\u00eames probl\u00e8mes. \u00bb<\/p>\n<p>Un plan transversal<\/p>\n<p>S\u2019ajoute d\u2019ailleurs aussi au panier, le prix d\u00e9lirant de certains loyers sur les axes les plus prestigieux de la part de propri\u00e9taires trop gourmands, d\u00e9connect\u00e9s du contexte st\u00e9phanois, estiment bon nombre de commer\u00e7ants, \u00e0 commencer par celle-ci. La d\u00e9l\u00e9gation de la CCI Loire ne la contredit pas \u2013 si ce n\u2019est, en revanche, sur le sujet \u00e9pineux du captage de client\u00e8le par Steel\u2026 \u2013 et l\u2019informe, du coup, ce matin m\u00eame de la cr\u00e9ation de l\u2019ACAPS. Celle-ci envisage justement de disposer de r\u00e9f\u00e9rents g\u00e9ographiques et th\u00e9matiques. C\u2019est en effet une petite tourn\u00e9e m\u00e9diatis\u00e9e sur Saint-Etienne de quelques commerces qu\u2019effectuait la CCI et la CMA ce matin. Des tourn\u00e9es qui ont cours, sans forc\u00e9ment que des journalistes soient pr\u00e9sents, ailleurs dans la Loire qu\u2019\u00e0 Saint-Etienne ainsi que dans le Rh\u00f4ne (la CCI est m\u00e9tropolitaine et mutualise sa d\u00e9marche de soutien) depuis le d\u00e9but de l\u2019automne.<\/p>\n<p>Celle de ce vendredi en avait quatre au programme pour point de d\u00e9part donc, La Confiserie des Arcades. Avant \u00ab\u00a0Lisa Calvo\u00a0\u00bb\u00a0puis \u00ab\u00a0Don Juan\u00a0\u00bb place Dorian et enfin,\u00a0\u00ab\u00a0Art &amp; Photo\u00a0\u00bb place Jean-Jaur\u00e8s. Pascal Calamand, pr\u00e9sident de la Chambre des m\u00e9tiers et de l\u2019artisanat (CMA) Loire, partenaire, donc, sur cette probl\u00e9matique \u00e9tait pr\u00e9sent dans la premi\u00e8re boutique. Afin d\u2019appuyer sur l\u2019id\u00e9e que les chambres consulaires ne doivent pas travailler en silo : bon nombre de commer\u00e7ants sont en effet aussi artisans. Et l\u2019attractivit\u00e9 commerciale d\u2019un centre-ville ou d\u2019un centre bourg est de toute fa\u00e7on, aussi celle de ses \u00ab\u00a0purs\u00a0\u00bb ressortissants. Eux-m\u00eames respectivement commer\u00e7ant et restaurateur, le Lyonnais R\u00e9gis Poly, vice-pr\u00e9sident la CCI m\u00e9tropolitaine et le St\u00e9phanois Antoine Martinez, vice-pr\u00e9sident \u00e0 la commission commerce \u00e9taient de cette visite de terrain ce matin. Et c\u2019est dans la m\u00eame logique que CPME 42 et Medef Loire sont aussi associ\u00e9s \u00e0 leur \u00ab\u00a0plan\u00a0\u00bb.<\/p>\n<p>Un plan adapt\u00e9 et adaptable<\/p>\n<p>Alors que la CCI va coordonner le passage au printemps de la \u00ab\u00a0Semaine\u00a0\u00bb \u00e0 une \u00ab\u00a0Quinzaine\u00a0\u00bb commerciale dans la Loire, l\u2019objectif entre ces \u00e9changes de terrain, les Assises du printemps dernier et ce prochain livre blanc, le tout alli\u00e9, enfin, \u00e0 un questionnaire envoy\u00e9 \u00e0 1 300 commer\u00e7ants des deux d\u00e9partements dont les retours sont actuellement analys\u00e9s est en effet, d\u2019\u00e9laborer un \u00ab\u00a0plan\u00a0\u00bb d\u2019actions g\u00e9n\u00e9ral d\u00e8s 2026. De quoi jouer pleinement le r\u00f4le des consulaires tels qui le d\u00e9finissent\u00a0: des \u00ab\u00a0aidants\u00a0\u00bb. S\u2019il est trop t\u00f4t pour en conna\u00eetre ses dispositifs, il est annonc\u00e9 \u00ab\u00a0adapt\u00e9\u00a0\u00bb aux probl\u00e9matiques des diff\u00e9rents bassins de vies. Les diff\u00e9rents contextes roannais, montbrisonnais, lyonnais, st\u00e9phanois, ceux des zones rurales, p\u00e9riurbaines, ou encore des autres villes, quelle que soit leur taille, ne peuvent pas donner lieu \u00e0 des r\u00e9ponses standardis\u00e9es.<\/p>\n<p>\u00ab\u00a0Ce plan est appel\u00e9 \u00e0 \u00eatre annuel mais nous serons en mesure de l\u2019adapter empiriquement, r\u00e9guli\u00e8rement, en cours d\u2019ann\u00e9e. La r\u00e9ponse ne peut pas rester fig\u00e9e, effectivement\u00a0\u00bb, pr\u00e9cise \u00e0 If Antoine Martinez. Bien qu\u2019entre raisons nationales et purement locales, d\u00e9signer les causes exactes ne coule pas d\u2019\u00e9vidence, bien qu\u2019il y ait des entrepreneurs dynamiques pr\u00eats \u00e0 se battre, la situation l\u2019exige, ind\u00e9niablement car l\u2019\u00e9rosion commerciale du centre-ville n\u2019est, semble-t-il, pas pour autant un fantasme. Parmi les fondateurs de la nouvelle association de commer\u00e7ants de Saint-Etienne, une membre du CA a d\u00e9j\u00e0 \u00e9t\u00e9 dans l\u2019obligation de jeter l\u2019\u00e9ponge\u00a0: et pour cause, son commerce vient d\u2019\u00eatre contraint de fermer\u2026<\/p>\n<p>* <strong>La CCI rappelle \u00e0 propos de cette tendance les r\u00e9sultats de sa derni\u00e8re enqu\u00eate Consommateurs sur le Rh\u00f4ne et la Loire\u00a0:<\/strong><\/p>\n<ul class=\"wp-block-list\">\n<li><strong>Mont\u00e9e en puissance de l\u2019e-commerce non alimentaire<\/strong> : <strong>22 %<\/strong>, soit <strong>1,6 Md\u20ac<\/strong> de d\u00e9penses sur Internet (Loire : 447 M\u20ac de d\u00e9penses sur Internet, Rh\u00f4ne\u00a0: pr\u00e8s de 1,2 Md\u20ac). En 5 ans, ce taux a presque doubl\u00e9, au d\u00e9triment des formats physiques traditionnels.<\/li>\n<li><strong>Un commerce physique en perte d\u2019attractivit\u00e9 relative<\/strong> : les enseignes du territoire g\u00e9n\u00e8rent <strong>14,5 Md\u20ac de CA<\/strong>, en hausse de <strong>+ 5 % dans le Rh\u00f4ne<\/strong> depuis 2018, et de <strong>+ 4% dans la Loire<\/strong>. Mais la progression reste inf\u00e9rieure au potentiel de consommation local (+ 9% et + 4%), illustrant le transfert de client\u00e8le vers le digital.<\/li>\n<\/ul>\n<ul class=\"wp-block-list\">\n<li><strong>Une consommation responsable bien ancr\u00e9e localement<\/strong> :environ 8 m\u00e9nages sur 10 ach\u00e8tent des produits bio, 1 sur 2 consomme davantage de produits locaux, et 1 sur 4 se tourne vers la seconde main.<\/li>\n<\/ul>\n<p><strong>**<\/strong> <strong>Elle souligne aussi, l\u2019aspect national de la progression de la vacance commerciale\u00a0: <\/strong><strong>en 2024, le taux de vacance commerciale en France a atteint 14 %, contre 6 % en 2010, un niveau jug\u00e9 critique. La fr\u00e9quentation des points de vente est aussi en baisse : en juin, elle a recul\u00e9 de \u2013 4,3 % et le chiffre d\u2019affaires de \u2013 3,2 % (source Procos).<\/strong> <strong>Dans la Loire et le Rh\u00f4ne, trois secteurs concentrent les plus fortes difficult\u00e9s : les caf\u00e9s-restaurants, en t\u00eate (745 d\u00e9faillances en trois ans dans le Rh\u00f4ne et 343 dans la Loire), suivis des services \u00e0 vitrines (pressings, salons de coiffure, petites boutiques) et de l\u2019\u00e9quipement de la personne (habillement, chaussures), particuli\u00e8rement affect\u00e9s par la baisse de fr\u00e9quentation et la concurrence du e-commerce et de la seconde main.<\/strong><strong\/><\/p>\n","protected":false},"excerpt":{"rendered":"S\u2019il en existe encore, mais \u00ab\u00a0de quartier\u00a0\u00bb \u2013 Michelet C\u0153ur de Ville, dans la rue \u00e9ponyme, est un&hellip;\n","protected":false},"author":2,"featured_media":518908,"comment_status":"","ping_status":"","sticky":false,"template":"","format":"standard","meta":{"footnotes":""},"categories":[9653],"tags":[63931,1111,11,12365,4077,63932,2430,14179,63933,15554,63934,7227,63935,37948,1777,674,1011,27,12,25,4001,15880],"class_list":{"0":"post-518907","1":"post","2":"type-post","3":"status-publish","4":"format-standard","5":"has-post-thumbnail","7":"category-saint-etienne","8":"tag-acaps","9":"tag-actu","10":"tag-actualites","11":"tag-associatif","12":"tag-association","13":"tag-association-de-commercants","14":"tag-auvergne-rhone-alpes","15":"tag-cci","16":"tag-cci-lyon-metropole","17":"tag-cci-saint-etienne","18":"tag-centre-ville-de-saint-etienne","19":"tag-commerces","20":"tag-commerces-loire","21":"tag-commerces-saint-etienne","22":"tag-eu","23":"tag-europe","24":"tag-fr","25":"tag-france","26":"tag-news","27":"tag-republique-francaise","28":"tag-saint-etienne","29":"tag-ville-de-saint-etienne"},"share_on_mastodon":{"url":"https:\/\/pubeurope.com\/@fr\/115510063542324693","error":""},"_links":{"self":[{"href":"https:\/\/www.europesays.com\/fr\/wp-json\/wp\/v2\/posts\/518907","targetHints":{"allow":["GET"]}}],"collection":[{"href":"https:\/\/www.europesays.com\/fr\/wp-json\/wp\/v2\/posts"}],"about":[{"href":"https:\/\/www.europesays.com\/fr\/wp-json\/wp\/v2\/types\/post"}],"author":[{"embeddable":true,"href":"https:\/\/www.europesays.com\/fr\/wp-json\/wp\/v2\/users\/2"}],"replies":[{"embeddable":true,"href":"https:\/\/www.europesays.com\/fr\/wp-json\/wp\/v2\/comments?post=518907"}],"version-history":[{"count":0,"href":"https:\/\/www.europesays.com\/fr\/wp-json\/wp\/v2\/posts\/518907\/revisions"}],"wp:featuredmedia":[{"embeddable":true,"href":"https:\/\/www.europesays.com\/fr\/wp-json\/wp\/v2\/media\/518908"}],"wp:attachment":[{"href":"https:\/\/www.europesays.com\/fr\/wp-json\/wp\/v2\/media?parent=518907"}],"wp:term":[{"taxonomy":"category","embeddable":true,"href":"https:\/\/www.europesays.com\/fr\/wp-json\/wp\/v2\/categories?post=518907"},{"taxonomy":"post_tag","embeddable":true,"href":"https:\/\/www.europesays.com\/fr\/wp-json\/wp\/v2\/tags?post=518907"}],"curies":[{"name":"wp","href":"https:\/\/api.w.org\/{rel}","templated":true}]}}