{"id":51891,"date":"2025-04-25T13:53:12","date_gmt":"2025-04-25T13:53:12","guid":{"rendered":"https:\/\/www.europesays.com\/fr\/51891\/"},"modified":"2025-04-25T13:53:12","modified_gmt":"2025-04-25T13:53:12","slug":"a-rennes-la-droite-et-lextreme-droite-ulcerees-apres-la-relaxe-des-militants-dultragauche","status":"publish","type":"post","link":"https:\/\/www.europesays.com\/fr\/51891\/","title":{"rendered":"\u00c0 Rennes, la droite et l\u2019extr\u00eame droite ulc\u00e9r\u00e9es apr\u00e8s la relaxe des militants d\u2019ultragauche"},"content":{"rendered":"<p>\u00ab Antifa, allez. Antifa, allez\u2026 Antifa, allez, allez\u2026 \u00bb. Sc\u00e8ne de liesse jeudi 24 avril au soir devant la cit\u00e9 judiciaire de Rennes. Une cinquantaine de jeunes proches de l\u2019ultragauche exultent. Le tribunal correctionnel de rennes vient de prononcer une relaxe g\u00e9n\u00e9rale pour les sept pr\u00e9venus jug\u00e9s l\u2019apr\u00e8s-midi m\u00eame. Il estime que l\u2019enqu\u00eate de police repose sur des images film\u00e9es ill\u00e9galement par drone. Les interpellations ont \u00e9t\u00e9 faites ill\u00e9galement, le placement en garde \u00e0 vue n\u2019\u00e9tait pas l\u00e9gal, les auditions non plus\u2026 Toute la proc\u00e9dure est entach\u00e9e de nullit\u00e9.<\/p>\n<p>Au lendemain de cette d\u00e9cision de justice, les r\u00e9actions politiques \u00e0 droite se font entendre. Pour Thomas Rousseau, pr\u00e9sident du mouvement Rennes \u00e0 Droite (les r\u00e9publicains) : \u00ab La d\u00e9cision rendue par le tribunal de Rennes constitue, \u00e0 nos yeux, un signal profond\u00e9ment inqui\u00e9tant : elle ne prend pas la mesure de la menace que repr\u00e9sente l\u2019extr\u00eame gauche, dont les agissements violents imposent un climat de terreur dans les universit\u00e9s rennaises. Nous r\u00e9affirmons, avec force, notre plein soutien aux \u00e9tudiants qui en sont les victimes. Aucun \u00e9tudiant ne devrait jamais \u00eatre intimid\u00e9, menac\u00e9 ou agress\u00e9 en raison de ses convictions politiques. La haine de l\u2019autre ne doit jamais pr\u00e9valoir dans un \u00c9tat de droit, etc. \u00bb<\/p>\n<p><img decoding=\"async\" src=\"https:\/\/www.europesays.com\/fr\/wp-content\/uploads\/2025\/04\/680b6ba42334df811b0447b2.1.jpeg\" width=\"480\" height=\"300\" class=\"web_golden_m\" loading=\"lazy\" alt=\"Quelques minutes avant l\u2019audience, le public \u00e9tait nombreux \u00e0 vouloir assister \u00e0 l\u2019audience des sept pr\u00e9venus qui ont particip\u00e9 \u00e0 des violences contre des \u00e9tudiants membres du rassemblement national.\"\/>Quelques minutes avant l\u2019audience, le public \u00e9tait nombreux \u00e0 vouloir assister \u00e0 l\u2019audience des sept pr\u00e9venus qui ont particip\u00e9 \u00e0 des violences contre des \u00e9tudiants membres du rassemblement national. (Le T\u00e9l\u00e9gramme\/Claire Staes)<\/p>\n<p>D\u00e8s hier soir, le d\u00e9put\u00e9 europ\u00e9en du Rassemblement national et conseiller r\u00e9gional breton, Gilles Pennelle critiquait \u00e9galement fortement la d\u00e9cision judiciaire. Sur ses r\u00e9seaux sociaux, il \u00e9crivait : \u00ab Malgr\u00e9 les r\u00e9quisitions du procureur qui demandait la prison ferme contre les militants de l\u2019Union pirate qui avaient agress\u00e9 violemment deux \u00e9tudiants de l\u2019universit\u00e9 de Rennes, le tribunal vient de relaxer les racailles d\u2019extr\u00eame gauche. Motif : la vid\u00e9o du drone de la police qui a formellement identifi\u00e9 les agresseurs serait ill\u00e9gale ! L\u2019extr\u00eame gauche et son id\u00e9ologie destructrice n\u2019est pas seulement dans la rue, elle est aussi dans les pr\u00e9toires. \u00bb<\/p>\n<p>\u00ab Ce que la justice soutient \u00bb<\/p>\n<p>Enfin, le syndicat \u00e9tudiant de droite, l\u2019Uni ajoutait : \u00ab La justice, encore une fois, d\u00e9fend les agresseurs et encourage la violence d\u2019extr\u00eame-gauche. La vid\u00e9o sera retrouv\u00e9e et les Fran\u00e7ais observeront ce que la justice soutient. \u00bb<\/p>\n","protected":false},"excerpt":{"rendered":"\u00ab Antifa, allez. Antifa, allez\u2026 Antifa, allez, allez\u2026 \u00bb. Sc\u00e8ne de liesse jeudi 24 avril au soir devant&hellip;\n","protected":false},"author":2,"featured_media":51892,"comment_status":"","ping_status":"","sticky":false,"template":"","format":"standard","meta":{"footnotes":""},"categories":[2821],"tags":[1111,11,829,765,1777,674,3383,1011,27,12,3364,584,25],"class_list":{"0":"post-51891","1":"post","2":"type-post","3":"status-publish","4":"format-standard","5":"has-post-thumbnail","7":"category-rennes","8":"tag-actu","9":"tag-actualites","10":"tag-bretagne","11":"tag-en-continu","12":"tag-eu","13":"tag-europe","14":"tag-faits-divers-a-rennes","15":"tag-fr","16":"tag-france","17":"tag-news","18":"tag-politique-a-rennes","19":"tag-rennes","20":"tag-republique-francaise"},"share_on_mastodon":{"url":"https:\/\/pubeurope.com\/@fr\/114398940699069042","error":""},"_links":{"self":[{"href":"https:\/\/www.europesays.com\/fr\/wp-json\/wp\/v2\/posts\/51891","targetHints":{"allow":["GET"]}}],"collection":[{"href":"https:\/\/www.europesays.com\/fr\/wp-json\/wp\/v2\/posts"}],"about":[{"href":"https:\/\/www.europesays.com\/fr\/wp-json\/wp\/v2\/types\/post"}],"author":[{"embeddable":true,"href":"https:\/\/www.europesays.com\/fr\/wp-json\/wp\/v2\/users\/2"}],"replies":[{"embeddable":true,"href":"https:\/\/www.europesays.com\/fr\/wp-json\/wp\/v2\/comments?post=51891"}],"version-history":[{"count":0,"href":"https:\/\/www.europesays.com\/fr\/wp-json\/wp\/v2\/posts\/51891\/revisions"}],"wp:featuredmedia":[{"embeddable":true,"href":"https:\/\/www.europesays.com\/fr\/wp-json\/wp\/v2\/media\/51892"}],"wp:attachment":[{"href":"https:\/\/www.europesays.com\/fr\/wp-json\/wp\/v2\/media?parent=51891"}],"wp:term":[{"taxonomy":"category","embeddable":true,"href":"https:\/\/www.europesays.com\/fr\/wp-json\/wp\/v2\/categories?post=51891"},{"taxonomy":"post_tag","embeddable":true,"href":"https:\/\/www.europesays.com\/fr\/wp-json\/wp\/v2\/tags?post=51891"}],"curies":[{"name":"wp","href":"https:\/\/api.w.org\/{rel}","templated":true}]}}