{"id":518913,"date":"2025-11-07T19:29:12","date_gmt":"2025-11-07T19:29:12","guid":{"rendered":"https:\/\/www.europesays.com\/fr\/518913\/"},"modified":"2025-11-07T19:29:12","modified_gmt":"2025-11-07T19:29:12","slug":"lheure-de-daniel-brennan-titulaire-avec-toulon-face-a-la-rochelle","status":"publish","type":"post","link":"https:\/\/www.europesays.com\/fr\/518913\/","title":{"rendered":"L\u2019heure de Daniel Brennan, titulaire avec Toulon face \u00e0 La Rochelle"},"content":{"rendered":"<p class=\"fs-5 \">Homme de l\u2019ombre\u2026 et rouage essentiel d\u2019un vestiaire. D\u00e9barqu\u00e9 l\u2019an dernier sur la rade, Daniel Brennan a rapidement gagn\u00e9 le c\u0153ur des supporters, comme de ses co\u00e9quipiers. Attachant, toujours souriant et de bonne humeur, le \u00ab Zer \u00bb de son surnom est ce joueur hybride, capable de cr\u00e9er du lien. Un r\u00f4le qui lui sied \u00e0 merveille et, surtout, qui lui pla\u00eet.<\/p>\n<p class=\"fs-5 \">Attabl\u00e9 au Campus RCT, le pilier gauche de 27 ans, n\u00e9 \u00e0 Dublin, raconte : \u00ab Je suis Irlandais et, dans notre culture, on ne laisse jamais quelqu\u2019un de c\u00f4t\u00e9. Tout le monde est le bienvenu. \u00c0 No\u00ebl, si un mec de l\u2019\u00e9quipe, par exemple, n\u2019a pas d\u2019endroit o\u00f9 passer son repas de famille, il peut venir le faire chez moi. Dans notre groupe, je veux que tout le monde arrive au club le matin avec le sourire. Que personne ne se sente g\u00ean\u00e9 et que les mecs se sentent aim\u00e9s. \u00bb<\/p>\n<p>                                                                                \u00ab Se d\u00e9couvrir en dehors du rugby \u00bb<\/p>\n<p class=\"fs-5 \">Preuve de son int\u00e9gration express dans le vestiaire toulonnais ? L\u2019homme aux 22 matches la saison derni\u00e8re (dont un seul comme titulaire) a \u00e9t\u00e9 nomm\u00e9, par Pierre Mignoni, dans le groupe des \u00ab leaders de vie \u00bb, avec ses comp\u00e8res J\u00e9r\u00e9my Sinzelle, Mathieu Sma\u00efli, Dany Priso Mouangu\u00e9 et Swan Rebbadj. Daniel Brennan d\u00e9taille : \u00ab Pierre m\u2019a pass\u00e9 un coup de fil cet \u00e9t\u00e9 pour me proposer ce r\u00f4le. \u00c0 Brive, je le faisais d\u00e9j\u00e0. J\u2019aimais \u00e7a. Je suis quelqu\u2019un de jovial. Passer du temps avec les mecs, mieux se conna\u00eetre en jouant \u00e0 la p\u00e9tanque, en mangeant un bout ensemble, \u00e7a me pla\u00eet. On fait des choses simples mais l\u2019id\u00e9e, c\u2019est de se d\u00e9couvrir en dehors du rugby. Je parle couramment anglais alors forc\u00e9ment, pour faire le lien, c\u2019est plus facile. Il faut que toutes les cultures se m\u00e9langent. On a tellement \u00e0 y gagner. Et, honn\u00eatement, mieux on sera dans la vie de groupe, meilleur on sera sur le terrain. \u00bb<\/p>\n<p class=\"fs-5 \">Port\u00e9 sur l\u2019humain, le \u00ab Zer \u00bb a, de ses propres mots, \u00ab beaucoup d\u00e9couvert et appris \u00bb sur sa premi\u00e8re ann\u00e9e \u00e0 Toulon. \u00ab J\u2019ai toujours aim\u00e9 \u00e7a. C\u2019est quelque chose qui me nourrit, reprend-il. Descendre au caf\u00e9, parler avec le boulanger, savoir comment se passe sa journ\u00e9e, etc. Ici, j\u2019ai par exemple d\u00e9couvert le kite, le wing (il se marre), je ne savais m\u00eame pas que \u00e7a existait ! Aux Pins Pench\u00e9s \u00e0 Carqueiranne, je me r\u00e9gale \u00e0 regarder les anciens jouer \u00e0 la p\u00e9tanque. Comme j\u2019ai ador\u00e9 aller au fin fond de Solli\u00e8s avec Mathieu Sma\u00efli ou alors \u00e0 Porquerolles avec Esteban Abadie. Et encore, on a une r\u00e9gion tellement riche, que je pense n\u2019avoir m\u00eame pas vu la moiti\u00e9 ! \u00bb<\/p>\n<p class=\"fs-5 \">C\u00f4t\u00e9 terrain, ce samedi apr\u00e8s-midi, Daniel Brennan d\u00e9butera pour la deuxi\u00e8me fois de la saison dans la peau d\u2019un titulaire. Convaincant lors de sa premi\u00e8re ann\u00e9e, le pilier gauche doit d\u00e9sormais confirmer : \u00ab Je ne me suis jamais senti aussi bien physiquement. J\u2019ai battu tous mes tests. Pourtant, je ne suis pas encore vraiment satisfait de mes matches. Je n\u2019ai pas encore montr\u00e9 tout le boulot que j\u2019ai pu faire \u00e0 l\u2019intersaison. Mais le travail finit toujours par payer, j\u2019en suis s\u00fbr. \u00c0 moi de saisir ma chance. \u00bb<\/p>\n<p>                                                                                En fin de contrat<\/p>\n<p class=\"fs-5 \">En concurrence avec les deux internationaux Jean-Baptiste Gros, Dany Priso Mouangu\u00e9 et le jeune L\u00e9o Ametlla, Daniel Brennan sait qu\u2019il aura fort \u00e0 faire s\u2019il veut s\u2019imposer. Mais, l\u00e0 encore, il a sa philosophie : \u00ab Au poste de pilier, c\u2019est un peu diff\u00e9rent. On va dire qu\u2019on se partage le temps de jeu et qu\u2019on doit vraiment se compl\u00e9ter. Chacun a un r\u00f4le. Le mien, souvent, a \u00e9t\u00e9 de devoir \u00eatre un impact player. S\u2019il faut passer 30 minutes \u00e0 d\u00e9fendre notre ligne pour qu\u2019on gagne, je suis pr\u00eat \u00e0 le faire. D\u00e8s que je joue, je dois \u00eatre le plus propre possible en conqu\u00eate et essayer d\u2019apporter mon maximum dans le jeu courant. Le reste, ce sont les choix du coach. \u00bb<\/p>\n<p class=\"fs-5 \">Sous contrat jusqu\u2019\u00e0 la fin de la saison avec le RCT, Daniel Brennan esp\u00e8re s\u2019inscrire dans la dur\u00e9e \u00e0 Toulon. Lorsque nous l\u2019avions rencontr\u00e9 en septembre 2024, le pilier voulait \u00ab (s)e prouver qu\u2019il m\u00e9rite de jouer \u00e0 Toulon \u00bb. Un an plus tard, il n\u2019est pas loin d\u2019avoir fait totalement pencher la balance en sa faveur. Et au vu du travail fourni par le principal int\u00e9ress\u00e9, ce serait m\u00e9rit\u00e9.<\/p>\n<p class=\"fs-5 \">Arriv\u00e9 \u00e0 Toulon avec l\u2019\u00e9tiquette d\u2019un joueur de Pro D2, port\u00e9 d\u00e8s son plus jeune \u00e2ge comme un espoir au poste de pilier droit avant de basculer \u00e0 gauche, Daniel Brennan a d\u00fb, sur la rade, faire son trou. Il raconte son exp\u00e9rience : \u00ab Je sortais d\u2019une saison en Pro D2, avec Brive, durant laquelle je m\u2019\u00e9tais p\u00e9t\u00e9 le bras. Honn\u00eatement, Toulon, c\u2019est arriv\u00e9 un peu sur un coup de chance. J\u2019ai eu l\u2019opportunit\u00e9 au bon moment. Mais, en un an, je pense que j\u2019ai \u00e9norm\u00e9ment \u00e9volu\u00e9. Que ce soit physiquement ou mentalement. Je me suis beaucoup entra\u00een\u00e9, au Campus comme personnellement, notamment sur mon alimentation, mon \u00e9thique de travail, etc. C\u2019est l\u2019exigence d\u2019un grand club. \u00bb<\/p>\n<p class=\"fs-5 \">Un discours confirm\u00e9 par son entra\u00eeneur, Pierre Mignoni : \u00ab Daniel a beaucoup progress\u00e9 la saison derni\u00e8re. Il est arriv\u00e9 de Pro D2. Il est en train de passer un cap. Il faut qu\u2019il continue, avec confiance. Daniel, c\u2019est un affectif. Quelqu\u2019un qui est vraiment dans l\u2019empathie avec les autres et qui veut tout donner pour l\u2019\u00e9quipe. C\u2019est un tr\u00e8s, tr\u00e8s grand co\u00e9quipier. Il faut qu\u2019il se concentre sur son r\u00f4le. \u00bb<\/p>\n<p class=\"fs-5 \">Et d\u2019\u00e9voquer la concurrence, notamment avec le jeune L\u00e9o Ametlla : \u00ab Il aura du temps de jeu. Comme le petit L\u00e9o. Tout le monde se pousse, c\u2019est la concurrence. Mais c\u2019est positif entre eux. Ils sont tr\u00e8s respectueux les uns des autres et \u00e0 la fois tr\u00e8s exigeants. \u00c7a s\u2019appelle la concurrence saine. Ce week-end, ils ne sont pas concurrents. Ils sont ensemble. \u00bb Et, l\u00e0 encore, sans consultation, le \u00ab Zer \u00bb est pleinement align\u00e9 avec son coach : \u00ab J\u2019ai \u00e9t\u00e9 \u00e0 la place de L\u00e9o tr\u00e8s t\u00f4t, \u00e0 18 ans \u00e0 Toulouse, ou apr\u00e8s \u00e0 Montpellier. J\u2019ai 27 ans, L\u00e9o en a 21. C\u2019est un minot du club. Quand \u201cJib\u00e9\u201d, Dany ou moi, on ne sera plus l\u00e0, lui le sera. Et c\u2019est tr\u00e8s bien. C\u2019est la force de la formation et on doit tout faire pour l\u2019accompagner. \u00bb<\/p>\n","protected":false},"excerpt":{"rendered":"Homme de l\u2019ombre\u2026 et rouage essentiel d\u2019un vestiaire. D\u00e9barqu\u00e9 l\u2019an dernier sur la rade, Daniel Brennan a rapidement&hellip;\n","protected":false},"author":2,"featured_media":518914,"comment_status":"","ping_status":"","sticky":false,"template":"","format":"standard","meta":{"footnotes":""},"categories":[9619],"tags":[1111,11,1777,674,1011,27,12,882,3461,25,2310],"class_list":{"0":"post-518913","1":"post","2":"type-post","3":"status-publish","4":"format-standard","5":"has-post-thumbnail","7":"category-toulon","8":"tag-actu","9":"tag-actualites","10":"tag-eu","11":"tag-europe","12":"tag-fr","13":"tag-france","14":"tag-news","15":"tag-provence-alpes-cote-dazur","16":"tag-rct","17":"tag-republique-francaise","18":"tag-toulon"},"share_on_mastodon":{"url":"https:\/\/pubeurope.com\/@fr\/115510074690107839","error":""},"_links":{"self":[{"href":"https:\/\/www.europesays.com\/fr\/wp-json\/wp\/v2\/posts\/518913","targetHints":{"allow":["GET"]}}],"collection":[{"href":"https:\/\/www.europesays.com\/fr\/wp-json\/wp\/v2\/posts"}],"about":[{"href":"https:\/\/www.europesays.com\/fr\/wp-json\/wp\/v2\/types\/post"}],"author":[{"embeddable":true,"href":"https:\/\/www.europesays.com\/fr\/wp-json\/wp\/v2\/users\/2"}],"replies":[{"embeddable":true,"href":"https:\/\/www.europesays.com\/fr\/wp-json\/wp\/v2\/comments?post=518913"}],"version-history":[{"count":0,"href":"https:\/\/www.europesays.com\/fr\/wp-json\/wp\/v2\/posts\/518913\/revisions"}],"wp:featuredmedia":[{"embeddable":true,"href":"https:\/\/www.europesays.com\/fr\/wp-json\/wp\/v2\/media\/518914"}],"wp:attachment":[{"href":"https:\/\/www.europesays.com\/fr\/wp-json\/wp\/v2\/media?parent=518913"}],"wp:term":[{"taxonomy":"category","embeddable":true,"href":"https:\/\/www.europesays.com\/fr\/wp-json\/wp\/v2\/categories?post=518913"},{"taxonomy":"post_tag","embeddable":true,"href":"https:\/\/www.europesays.com\/fr\/wp-json\/wp\/v2\/tags?post=518913"}],"curies":[{"name":"wp","href":"https:\/\/api.w.org\/{rel}","templated":true}]}}