{"id":518916,"date":"2025-11-07T19:31:37","date_gmt":"2025-11-07T19:31:37","guid":{"rendered":"https:\/\/www.europesays.com\/fr\/518916\/"},"modified":"2025-11-07T19:31:37","modified_gmt":"2025-11-07T19:31:37","slug":"mineur-avec-106-cachets-et-dealer-imprudent-deux-affaires-coup-sur-coup-pour-la-bac","status":"publish","type":"post","link":"https:\/\/www.europesays.com\/fr\/518916\/","title":{"rendered":"mineur avec 106 cachets et dealer imprudent, deux affaires coup sur coup pour la Bac"},"content":{"rendered":"<p>            Par<br \/>\n        <strong><br \/>\n            <a href=\"https:\/\/actu.fr\/auteur\/lea-pippinato\" title=\"Consulter tous les articles de L\u00e9a Pippinato\" target=\"_blank\" rel=\"noopener\">L\u00e9a Pippinato<\/a><br \/>\n        <\/strong><\/p>\n<p>        Publi\u00e9 le<\/p>\n<p>            7 nov. 2025 \u00e0 18h26        <\/p>\n<p><strong>Ce mercredi 5 novembre 2025<\/strong> \u00e0 20h15, la Bac (brigade anticriminalit\u00e9) effectue un contr\u00f4le cours Gambetta, secteur connu pour ses trafics de stup\u00e9fiants, \u00e0 Montpellier. Un premier homme, en situation irr\u00e9guli\u00e8re et sous le coup d\u2019une OQTF (obligation de quitter le territoire fran\u00e7ais), est arr\u00eat\u00e9. Il d\u00e9tient une petite quantit\u00e9 de r\u00e9sine de cannabis sur un point de deal, mais affirme qu\u2019elle lui sert uniquement \u00e0 sa consommation personnelle. Il est convoqu\u00e9 devant le d\u00e9l\u00e9gu\u00e9 du procureur.<\/p>\n<p>    <a href=\"https:\/\/www.google.com\/maps\/embed?pb=!1m18!1m12!1m3!1d23115.349228652827!2d3.8404096!3d43.597824!2m3!1f0!2f0!3f0!3m2!1i1024!2i768!4f13.1!3m3!1m2!1s0x12b6afa966f1addb%3A0xd752be51f1b48737!2sCr%20Gambetta%2C%20Montpellier!5e0!3m2!1sfr!2sfr!4v1762536214678!5m2!1sfr!2sfr\" title=\"Ouvrie le lien\" target=\"_blank\" rel=\"noopener\">Cliquez ici pour visualiser le contenu<\/a><\/p>\n<p class=\" wall-content\">Au m\u00eame moment, les policiers en contr\u00f4lent un second au m\u00eame endroit. Il s\u2019agit d\u2019un mineur non accompagn\u00e9. Dans ses poches, les agents trouvent 106 comprim\u00e9s de pr\u00e9gabaline, un m\u00e9dicament anti-\u00e9pileptique dont l\u2019usage est d\u00e9tourn\u00e9 par les consommateurs de drogues. Il re\u00e7oit une interdiction de para\u00eetre dans le secteur pendant six mois et est confi\u00e9 \u00e0 la cellule d\u2019accueil des mineurs non accompagn\u00e9s.<\/p>\n<p>Une proposition inattendue place Harriet Tubman<\/p>\n<p class=\" wall-content\">Le lendemain \u00e0 11h50, place Harriet Tubman dans le secteur Montasinos, un fait surprend m\u00eame les policiers les plus aguerris. Un homme de 23 ans, install\u00e9 sur un point de deal, propose des stup\u00e9fiants \u00e0 un officier de la Bac en civil.<\/p>\n<p>    <a href=\"https:\/\/www.google.com\/maps\/embed?pb=!1m18!1m12!1m3!1d5776.037787584454!2d3.87557448890033!3d43.62696569659553!2m3!1f0!2f0!3f0!3m2!1i1024!2i768!4f13.1!3m3!1m2!1s0x12b6af16875aaaab%3A0xfce4ca205d4bc77c!2splace%20Harriet%20Tubman!5e0!3m2!1sfr!2sfr!4v1762536231006!5m2!1sfr!2sfr\" title=\"Ouvrie le lien\" target=\"_blank\" rel=\"noopener\">Cliquez ici pour visualiser le contenu<\/a><\/p>\n<p>Vid\u00e9os : en ce moment sur Actu<\/p>\n<p class=\" wall-content\">Pris au pi\u00e8ge de son imprudence, il tente d\u2019abord de donner une fausse identit\u00e9 et se ravise quelques instants plus tard. Lors du contr\u00f4le, les policiers d\u00e9couvrent deux grammes de r\u00e9sine et 250 euros sur lui. Une perquisition \u00e0 son domicile permet de saisir trois grammes d\u2019herbe et quatre de r\u00e9sine. Les quantit\u00e9s restent modestes, mais l\u2019homme se tient r\u00e9guli\u00e8rement sur ce point de vente. Il refuse en revanche de donner le code de son t\u00e9l\u00e9phone portable.<\/p>\n<p class=\" wall-content\">Le suspect de 23 ans est plac\u00e9 en garde \u00e0 vue. Il doit r\u00e9pondre de plusieurs infractions : violation de la l\u00e9gislation sur les stup\u00e9fiants, usage d\u2019une fausse identit\u00e9 lors du contr\u00f4le et refus de communiquer le code de son t\u00e9l\u00e9phone. Il a \u00e9t\u00e9 d\u00e9f\u00e9r\u00e9 <strong>ce vendredi 7 novembre<\/strong> au parquet de Montpellier.<\/p>\n<p class=\" wall-content\">Personnalisez votre actualit\u00e9 en ajoutant vos villes et m\u00e9dias en favori avec <a href=\"https:\/\/moncompte.actu.fr\" title=\"D\u00e9couvez Mon Actu\" rel=\"nofollow noopener\" data-trk=\"{&quot;cta&quot;:{&quot;action&quot;:&quot;https:\\\/\\\/moncompte.actu.fr&quot;,&quot;category&quot;:&quot;mon compte&quot;,&quot;from&quot;:&quot;article footer&quot;,&quot;name&quot;:&quot;Mon actu&quot;,&quot;type&quot;:&quot;cta&quot;}}\" target=\"_blank\">Mon Actu<\/a>.<\/p>\n","protected":false},"excerpt":{"rendered":"Par L\u00e9a Pippinato Publi\u00e9 le 7 nov. 2025 \u00e0 18h26 Ce mercredi 5 novembre 2025 \u00e0 20h15, la&hellip;\n","protected":false},"author":2,"featured_media":518917,"comment_status":"","ping_status":"","sticky":false,"template":"","format":"standard","meta":{"footnotes":""},"categories":[9599],"tags":[1111,11,1052,1777,674,118,1011,27,303,2208,12,2680,1072,25],"class_list":{"0":"post-518916","1":"post","2":"type-post","3":"status-publish","4":"format-standard","5":"has-post-thumbnail","7":"category-montpellier","8":"tag-actu","9":"tag-actualites","10":"tag-drogue","11":"tag-eu","12":"tag-europe","13":"tag-faits-divers","14":"tag-fr","15":"tag-france","16":"tag-justice","17":"tag-montpellier","18":"tag-news","19":"tag-occitanie","20":"tag-police","21":"tag-republique-francaise"},"share_on_mastodon":{"url":"https:\/\/pubeurope.com\/@fr\/115510082551477425","error":""},"_links":{"self":[{"href":"https:\/\/www.europesays.com\/fr\/wp-json\/wp\/v2\/posts\/518916","targetHints":{"allow":["GET"]}}],"collection":[{"href":"https:\/\/www.europesays.com\/fr\/wp-json\/wp\/v2\/posts"}],"about":[{"href":"https:\/\/www.europesays.com\/fr\/wp-json\/wp\/v2\/types\/post"}],"author":[{"embeddable":true,"href":"https:\/\/www.europesays.com\/fr\/wp-json\/wp\/v2\/users\/2"}],"replies":[{"embeddable":true,"href":"https:\/\/www.europesays.com\/fr\/wp-json\/wp\/v2\/comments?post=518916"}],"version-history":[{"count":0,"href":"https:\/\/www.europesays.com\/fr\/wp-json\/wp\/v2\/posts\/518916\/revisions"}],"wp:featuredmedia":[{"embeddable":true,"href":"https:\/\/www.europesays.com\/fr\/wp-json\/wp\/v2\/media\/518917"}],"wp:attachment":[{"href":"https:\/\/www.europesays.com\/fr\/wp-json\/wp\/v2\/media?parent=518916"}],"wp:term":[{"taxonomy":"category","embeddable":true,"href":"https:\/\/www.europesays.com\/fr\/wp-json\/wp\/v2\/categories?post=518916"},{"taxonomy":"post_tag","embeddable":true,"href":"https:\/\/www.europesays.com\/fr\/wp-json\/wp\/v2\/tags?post=518916"}],"curies":[{"name":"wp","href":"https:\/\/api.w.org\/{rel}","templated":true}]}}