{"id":518918,"date":"2025-11-07T19:32:19","date_gmt":"2025-11-07T19:32:19","guid":{"rendered":"https:\/\/www.europesays.com\/fr\/518918\/"},"modified":"2025-11-07T19:32:19","modified_gmt":"2025-11-07T19:32:19","slug":"en-direct-suivez-montpellier-ol-lyonnes-les-fenottes-ont-leve-le-pied-apres-le-repos","status":"publish","type":"post","link":"https:\/\/www.europesays.com\/fr\/518918\/","title":{"rendered":"En direct. Suivez Montpellier &#8211; OL Lyonnes\u00a0: les Fenottes ont lev\u00e9 le pied apr\u00e8s le repos"},"content":{"rendered":"<p>&#13;<br \/>\n                                                    En direct&#13;<br \/>\n                        &#13;\n                                            <\/p>\n<p>Leaders du championnat, les Lyonnaises se rendent \u00e0 Montpellier ce vendredi (19 heures) avec l&rsquo;objectif d&rsquo;encha\u00eener une septi\u00e8me victoire de suite en Premi\u00e8re Ligue. Mais aussi de bien pr\u00e9parer le choc de mardi prochain face \u00e0 Wolfburg \u00e0 l&rsquo;occasion de la troisi\u00e8me journ\u00e9e de Ligue des champions.<\/p>\n<p>&#13;<br \/>\n              Thibaut Alex &#8211; &#13;<br \/>\n        &#13;<br \/>\n          Aujourd&rsquo;hui \u00e0 18:30&#13;<br \/>\n    &#13;<br \/>\n                  | mis \u00e0 jour aujourd&rsquo;hui \u00e0 20:31&#13;<br \/>\n              &#8211; Temps de lecture : &#13;<br \/>\n  &#13;<\/p>\n","protected":false},"excerpt":{"rendered":"&#13; En direct&#13; &#13; Leaders du championnat, les Lyonnaises se rendent \u00e0 Montpellier ce vendredi (19 heures) avec&hellip;\n","protected":false},"author":2,"featured_media":518919,"comment_status":"","ping_status":"","sticky":false,"template":"","format":"standard","meta":{"footnotes":""},"categories":[9599],"tags":[1111,11,2757,1777,674,107,1701,63,1011,27,2428,2208,12,2680,2755,23153,63936,25,2429,517],"class_list":{"0":"post-518918","1":"post","2":"type-post","3":"status-publish","4":"format-standard","5":"has-post-thumbnail","7":"category-montpellier","8":"tag-actu","9":"tag-actualites","10":"tag-edition-lyon-villeurbanne","11":"tag-eu","12":"tag-europe","13":"tag-fil-info","14":"tag-fil-info-sport","15":"tag-football","16":"tag-fr","17":"tag-france","18":"tag-lyon","19":"tag-montpellier","20":"tag-news","21":"tag-occitanie","22":"tag-ol-olympique-lyonnais-football","23":"tag-ol-lyonnes-olympique-lyonnais-feminin","24":"tag-premiere-ligue-feminine-football","25":"tag-republique-francaise","26":"tag-rhone","27":"tag-sport"},"share_on_mastodon":{"url":"https:\/\/pubeurope.com\/@fr\/115510086498202923","error":""},"_links":{"self":[{"href":"https:\/\/www.europesays.com\/fr\/wp-json\/wp\/v2\/posts\/518918","targetHints":{"allow":["GET"]}}],"collection":[{"href":"https:\/\/www.europesays.com\/fr\/wp-json\/wp\/v2\/posts"}],"about":[{"href":"https:\/\/www.europesays.com\/fr\/wp-json\/wp\/v2\/types\/post"}],"author":[{"embeddable":true,"href":"https:\/\/www.europesays.com\/fr\/wp-json\/wp\/v2\/users\/2"}],"replies":[{"embeddable":true,"href":"https:\/\/www.europesays.com\/fr\/wp-json\/wp\/v2\/comments?post=518918"}],"version-history":[{"count":0,"href":"https:\/\/www.europesays.com\/fr\/wp-json\/wp\/v2\/posts\/518918\/revisions"}],"wp:featuredmedia":[{"embeddable":true,"href":"https:\/\/www.europesays.com\/fr\/wp-json\/wp\/v2\/media\/518919"}],"wp:attachment":[{"href":"https:\/\/www.europesays.com\/fr\/wp-json\/wp\/v2\/media?parent=518918"}],"wp:term":[{"taxonomy":"category","embeddable":true,"href":"https:\/\/www.europesays.com\/fr\/wp-json\/wp\/v2\/categories?post=518918"},{"taxonomy":"post_tag","embeddable":true,"href":"https:\/\/www.europesays.com\/fr\/wp-json\/wp\/v2\/tags?post=518918"}],"curies":[{"name":"wp","href":"https:\/\/api.w.org\/{rel}","templated":true}]}}