{"id":518922,"date":"2025-11-07T19:34:27","date_gmt":"2025-11-07T19:34:27","guid":{"rendered":"https:\/\/www.europesays.com\/fr\/518922\/"},"modified":"2025-11-07T19:34:27","modified_gmt":"2025-11-07T19:34:27","slug":"le-poitiers-basket-prive-dun-meneur-de-jeu-contre-rouen","status":"publish","type":"post","link":"https:\/\/www.europesays.com\/fr\/518922\/","title":{"rendered":"le Poitiers Basket priv\u00e9 d\u2019un meneur de jeu contre Rouen"},"content":{"rendered":"<p>Coup dur pour le Poitiers Basket 86. Alors que l\u2019\u00e9quipe entra\u00een\u00e9e par Andy Thornton-Jones, <a target=\"_self\" href=\"https:\/\/www.lanouvellerepublique.fr\/poitiers\/elite-2-thornton-jones-la-haute-fidelite-au-poitiers-basket-86-1762439323\" rel=\"noopener\">dont le club a annonc\u00e9 sa prolongation pour les deux prochaines saisons cette semaine<\/a>, s\u2019appr\u00eate \u00e0 recevoir Rouen, ce vendredi 7\u00a0novembre 2025, l\u2019effectif poitevin ne sera pas au complet.<\/p>\n<p>Le PB 86 vient en effet d\u2019annoncer l\u2019absence d\u2019Aur\u00e8le Brena-Chemille pour cette rencontre \u00ab\u00a0en raison d\u2019une maladie\u00a0\u00bb, pr\u00e9cise le communiqu\u00e9. \u00ab\u00a0C\u2019est un virus. Il est malade depuis lundi et ne s\u2019est pas entra\u00een\u00e9 depuis mardi. On esp\u00e8re son retour en d\u00e9but de semaine prochaine\u00a0\u00bb, confie Andy Thornton-Jones avant le match.<\/p>\n<p>Les partenaires de K\u00e9vin Harley devront donc faire sans l\u2019un de leur meneur de jeu, meilleur marqueur du <a target=\"_self\" href=\"https:\/\/www.lanouvellerepublique.fr\/poitiers\/elite-2-le-chef-d-oeuvre-collectif-du-poitiers-basket-large-vainqueur-de-la-rochelle-1761951634\" rel=\"noopener\">dernier succ\u00e8s d\u00e9croch\u00e9 \u00e0 l\u2019Arena Futuroscope contre La\u00a0Rochelle (95-64)<\/a>. Une victoire que les Poitevins vont tenter de confirmer, toujours \u00e0 domicile mais salle Jean-Pierre-Garnier, face \u00e0 de solides normands.<\/p>\n<p>\u00a0<\/p>\n","protected":false},"excerpt":{"rendered":"Coup dur pour le Poitiers Basket 86. Alors que l\u2019\u00e9quipe entra\u00een\u00e9e par Andy Thornton-Jones, dont le club a&hellip;\n","protected":false},"author":2,"featured_media":518923,"comment_status":"","ping_status":"","sticky":false,"template":"","format":"standard","meta":{"footnotes":""},"categories":[9587],"tags":[1392,1111,11,1465,7944,1777,674,1011,27,12,5161,1653,13224,25,9590,60,1584],"class_list":{"0":"post-518922","1":"post","2":"type-post","3":"status-publish","4":"format-standard","5":"has-post-thumbnail","7":"category-rouen","8":"tag-a-la-une-local","9":"tag-actu","10":"tag-actualites","11":"tag-basket","12":"tag-elite-2","13":"tag-eu","14":"tag-europe","15":"tag-fr","16":"tag-france","17":"tag-news","18":"tag-normandie","19":"tag-poitiers","20":"tag-poitiers-basket-86","21":"tag-republique-francaise","22":"tag-rouen","23":"tag-sports","24":"tag-vienne"},"share_on_mastodon":{"url":"https:\/\/pubeurope.com\/@fr\/115510094985382984","error":""},"_links":{"self":[{"href":"https:\/\/www.europesays.com\/fr\/wp-json\/wp\/v2\/posts\/518922","targetHints":{"allow":["GET"]}}],"collection":[{"href":"https:\/\/www.europesays.com\/fr\/wp-json\/wp\/v2\/posts"}],"about":[{"href":"https:\/\/www.europesays.com\/fr\/wp-json\/wp\/v2\/types\/post"}],"author":[{"embeddable":true,"href":"https:\/\/www.europesays.com\/fr\/wp-json\/wp\/v2\/users\/2"}],"replies":[{"embeddable":true,"href":"https:\/\/www.europesays.com\/fr\/wp-json\/wp\/v2\/comments?post=518922"}],"version-history":[{"count":0,"href":"https:\/\/www.europesays.com\/fr\/wp-json\/wp\/v2\/posts\/518922\/revisions"}],"wp:featuredmedia":[{"embeddable":true,"href":"https:\/\/www.europesays.com\/fr\/wp-json\/wp\/v2\/media\/518923"}],"wp:attachment":[{"href":"https:\/\/www.europesays.com\/fr\/wp-json\/wp\/v2\/media?parent=518922"}],"wp:term":[{"taxonomy":"category","embeddable":true,"href":"https:\/\/www.europesays.com\/fr\/wp-json\/wp\/v2\/categories?post=518922"},{"taxonomy":"post_tag","embeddable":true,"href":"https:\/\/www.europesays.com\/fr\/wp-json\/wp\/v2\/tags?post=518922"}],"curies":[{"name":"wp","href":"https:\/\/api.w.org\/{rel}","templated":true}]}}