{"id":518928,"date":"2025-11-07T19:37:43","date_gmt":"2025-11-07T19:37:43","guid":{"rendered":"https:\/\/www.europesays.com\/fr\/518928\/"},"modified":"2025-11-07T19:37:43","modified_gmt":"2025-11-07T19:37:43","slug":"a-saint-jacques-de-la-lande-la-mediatheque-entre-en-trans-musicales","status":"publish","type":"post","link":"https:\/\/www.europesays.com\/fr\/518928\/","title":{"rendered":"\u00c0 Saint-Jacques-de-la-Lande, la m\u00e9diath\u00e8que entre en Trans Musicales"},"content":{"rendered":"<p>Pour la 18e ann\u00e9e, la m\u00e9diath\u00e8que Lucien-Herr situ\u00e9e \u00e0 <a href=\"https:\/\/rennes.maville.com\/bretagne\/ille-et-vilaine\/saint-jacques-de-la-lande\/\" target=\"_blank\" rel=\"noopener\">Saint-Jacques-de-la-Lande<\/a> (<a href=\"https:\/\/www.ouest-france.fr\/bretagne\/ille-et-vilaine\/\" target=\"_blank\" rel=\"noopener\">Ille-et-Vilaine<\/a>) va entrer en Trans Musicales. Pour la premi\u00e8re fois, suite au d\u00e9part de Jean-Jacques Le Poulichet pour d\u2019autres horizons, c\u2019est L\u00e9o Plisson, recrut\u00e9 comme agent de m\u00e9diation en septembre, qui en sera le chef d\u2019orchestre.<\/p>\n<p><strong>Lire aussi\u00a0:<\/strong> <a href=\"https:\/\/rennes.maville.com\/actu\/actudet_-trans-musicales-2025-voici-comment-s-y-retrouver-parmi-l-immense-programmation-_52674-6978394_actu.Htm\" target=\"_blank\" rel=\"noopener\">Trans Musicales 2025\u00a0: voici comment s\u2019y retrouver parmi l\u2019immense programmation<\/a><\/p>\n<p>\u00a0C\u2019est vrai que cela peut para\u00eetre un peu intimidant mais c\u2019est surtout joyeux, souligne le biblioth\u00e9caire.Comme mon pr\u00e9d\u00e9cesseur j\u2019aime la musique et je la pratique. J\u2019attends donc ce moment avec impatience. C\u2019est tout de m\u00eame un des plus grands festivals de France.\u00a0<\/p>\n<p>\u00ab\u00a0Attiser les curiosit\u00e9s\u00a0\u00bb<\/p>\n<p>Comme \u00e0 l\u2019accoutum\u00e9e, Thomas Lagarrigue, du p\u00f4le communication du festival, lance le rythme avec Trans\u2019Ap\u00e9ro Prog\u2019. Les publics pourront, autour d\u2019un verre, d\u00e9guster les vid\u00e9os et \u00e9couter les talents invit\u00e9s \u00e0 la 47e \u00e9dition.\u00a0Plus de 70\u00a0noms sont programm\u00e9s dans 5\u00a0lieux diff\u00e9rents. Difficile de faire son choix et d\u2019avoir une vision des tendances du moment. En accueillant Thomas nous sommes totalement dans notre mission d\u2019ouvrir les horizons et d\u2019attiser les curiosit\u00e9s\u00a0, compl\u00e8te l\u2019int\u00e9ress\u00e9, \u00e2g\u00e9 de 30\u00a0ans.<\/p>\n<p><strong>Lire aussi\u00a0<\/strong>: <a href=\"https:\/\/rennes.maville.com\/actu\/actudet_-les-trans-musicales-vont-souffler-leur-47e-bougie-entre-rap-feminin-punk-hybride-et-grand-retour-_52674-6978373_actu.Htm\" target=\"_blank\" rel=\"noopener\">Les Trans Musicales vont souffler leur 47e bougie entre rap f\u00e9minin, punk hybride et grand retour<\/a><\/p>\n<p>Le deuxi\u00e8me rendez-vous est aussi un rituel. Le th\u00e9\u00e2tre L\u2019Aire Libre \u00e9tant, depuis 1997, le lieu de r\u00e9sidence de la cr\u00e9ation des Transmusicales, les publics de la m\u00e9diath\u00e8que b\u00e9n\u00e9ficient d\u2019une rencontre privil\u00e9gi\u00e9e en toute simplicit\u00e9 et proximit\u00e9 avec l\u2019artiste choisi.<\/p>\n<p>\u00ab\u00a0Inviter le jeune public\u00a0\u00bb<\/p>\n<p>Apr\u00e8s des grands noms comme Stromae, Lujipeka ou Zaho de Sagazan, place cette ann\u00e9e \u00e0 Asfar Shamsi. \u00a0Je suis son travail depuis le d\u00e9but. Je suis ravi d\u2019avoir l\u2019honneur de la faire s\u2019asseoir sur mon divan et \u00e9couter ce qu\u2019elle a \u00e0 nous dire. J\u2019aime beaucoup son style entre rap, freestyle, chanson fran\u00e7aise et \u00e9lectro. Elle brouille les fronti\u00e8res entre les genres avec justesse\u00a0, souligne-t-il.<\/p>\n<p>Comme parler musique ne remplace pas le fait de l\u2019\u00e9couter, la derni\u00e8re proposition offre le micro \u00e0 un nom local. L\u00e9o Plisson a choisi Pagaill pour l\u2019Off de la m\u00e9diath\u00e8que.<\/p>\n<p>\u00a0Plus qu\u2019un concert, Pagaill offre un spectacle en forme de visite guid\u00e9e dans un cadre onirique, explique-t-il. Nous le recevons juste apr\u00e8s la sortie de Premi\u00e8res vagues, son premier album. \u00c0 travers son flot po\u00e9tique et sa pointe d\u2019humour, Pagaill parle de transidentit\u00e9, de mouvement et d\u2019adelphit\u00e9. On passe du boom bap \u00e0 la chanson. C\u2019est une mani\u00e8re d\u2019inviter le jeune public \u00e0 vivre un premier concert.\u00a0<\/p>\n<p>Vendredi 14\u00a0novembre, 19\u00a0h\u00a0: TRANS\u2019Ap\u00e9ro prog\u2019. Samedi 29\u00a0novembre, 11\u00a0h\u00a030\u00a0: Asfar Shamsi. Samedi 6\u00a0d\u00e9cembre, 18\u00a0h\u00a0: Pagaill. Le tout \u00e0 la m\u00e9diath\u00e8que et gratuit. R\u00e9servation conseill\u00e9e www.mediatheque-lucien-herr.fr<\/p>\n<p>\u00a0<\/p>\n","protected":false},"excerpt":{"rendered":"Pour la 18e ann\u00e9e, la m\u00e9diath\u00e8que Lucien-Herr situ\u00e9e \u00e0 Saint-Jacques-de-la-Lande (Ille-et-Vilaine) va entrer en Trans Musicales. Pour la&hellip;\n","protected":false},"author":2,"featured_media":518929,"comment_status":"","ping_status":"","sticky":false,"template":"","format":"standard","meta":{"footnotes":""},"categories":[2821],"tags":[1111,11,829,1777,674,1011,27,16582,29951,12,3086,584,25,18461,11278],"class_list":{"0":"post-518928","1":"post","2":"type-post","3":"status-publish","4":"format-standard","5":"has-post-thumbnail","7":"category-rennes","8":"tag-actu","9":"tag-actualites","10":"tag-bretagne","11":"tag-eu","12":"tag-europe","13":"tag-fr","14":"tag-france","15":"tag-mediatheque","16":"tag-musicales","17":"tag-news","18":"tag-redon","19":"tag-rennes","20":"tag-republique-francaise","21":"tag-saint-jacques-de-la-lande","22":"tag-trans"},"share_on_mastodon":{"url":"https:\/\/pubeurope.com\/@fr\/115510106108956520","error":""},"_links":{"self":[{"href":"https:\/\/www.europesays.com\/fr\/wp-json\/wp\/v2\/posts\/518928","targetHints":{"allow":["GET"]}}],"collection":[{"href":"https:\/\/www.europesays.com\/fr\/wp-json\/wp\/v2\/posts"}],"about":[{"href":"https:\/\/www.europesays.com\/fr\/wp-json\/wp\/v2\/types\/post"}],"author":[{"embeddable":true,"href":"https:\/\/www.europesays.com\/fr\/wp-json\/wp\/v2\/users\/2"}],"replies":[{"embeddable":true,"href":"https:\/\/www.europesays.com\/fr\/wp-json\/wp\/v2\/comments?post=518928"}],"version-history":[{"count":0,"href":"https:\/\/www.europesays.com\/fr\/wp-json\/wp\/v2\/posts\/518928\/revisions"}],"wp:featuredmedia":[{"embeddable":true,"href":"https:\/\/www.europesays.com\/fr\/wp-json\/wp\/v2\/media\/518929"}],"wp:attachment":[{"href":"https:\/\/www.europesays.com\/fr\/wp-json\/wp\/v2\/media?parent=518928"}],"wp:term":[{"taxonomy":"category","embeddable":true,"href":"https:\/\/www.europesays.com\/fr\/wp-json\/wp\/v2\/categories?post=518928"},{"taxonomy":"post_tag","embeddable":true,"href":"https:\/\/www.europesays.com\/fr\/wp-json\/wp\/v2\/tags?post=518928"}],"curies":[{"name":"wp","href":"https:\/\/api.w.org\/{rel}","templated":true}]}}