{"id":51893,"date":"2025-04-25T13:54:14","date_gmt":"2025-04-25T13:54:14","guid":{"rendered":"https:\/\/www.europesays.com\/fr\/51893\/"},"modified":"2025-04-25T13:54:14","modified_gmt":"2025-04-25T13:54:14","slug":"la-police-controle-a-la-sortie-de-boites-de-nuit-a-rennes-sept-conducteurs-positifs-a","status":"publish","type":"post","link":"https:\/\/www.europesays.com\/fr\/51893\/","title":{"rendered":"La police contr\u00f4le \u00e0 la sortie de bo\u00eetes de nuit \u00e0 Rennes\u00a0: sept conducteurs positifs \u00e0"},"content":{"rendered":"<p>Une op\u00e9ration de police a \u00e9t\u00e9 men\u00e9e \u00e0 la sortie de bo\u00eetes de nuit, dans le centre-ville de <a href=\"https:\/\/rennes.maville.com\/info\/info-locale\/\" target=\"_self\" rel=\"noopener\">Rennes<\/a> (Ille-et-Vilaine), dans la nuit du jeudi\u00a024 au vendredi 25\u00a0avril 2025. Deux points de contr\u00f4le avaient \u00e9t\u00e9 \u00e9tablis par les treize\u00a0agents mobilis\u00e9s, au niveau du pont de la Mission et du boulevard Georges-Pompidou, entre 4\u00a0h\u00a030 et 7\u00a0h du matin.<\/p>\n<p><strong>Lire aussi\u00a0: <\/strong> <a href=\"https:\/\/rennes.maville.com\/actu\/actudet_-operation-de-securisation-devant-un-lycee-a-rennes-179-personnes-controlees-un-couteau-retrouve-_7-6780219_actu.Htm\" target=\"_self\" rel=\"noopener\">Op\u00e9ration de s\u00e9curisation devant un lyc\u00e9e \u00e0 Rennes\u00a0: 179\u00a0personnes contr\u00f4l\u00e9es, un couteau retrouv\u00e9<\/a><\/p>\n<p>\n                Nous avons bloqu\u00e9 l\u2019affichage de ce contenu pour respecter vos choix en mati\u00e8re de cookies.<br \/>En cliquant sur \u00abConsulter\u00bb, vous acceptez le d\u00e9p\u00f4t de cookies par des services de r\u00e9seaux sociaux tels que Twitter.<br \/>\n                Consulter\n            <\/p>\n<blockquote class=\"twitter-tweet\" wp_automatic_readability=\"6.3076923076923\">\n<p lang=\"fr\" dir=\"ltr\"><a href=\"https:\/\/twitter.com\/hashtag\/s%C3%A9curit%C3%A9routi%C3%A8re?src=hash&amp;ref_src=twsrc%5Etfw\" target=\"_blank\" rel=\"noopener\">#s\u00e9curit\u00e9routi\u00e8re<\/a> I A <a href=\"https:\/\/twitter.com\/hashtag\/Rennes?src=hash&amp;ref_src=twsrc%5Etfw\" target=\"_blank\" rel=\"noopener\">#Rennes<\/a> pour pr\u00e9venir et sanctionner les comportements \u00e0 risque:action de lutte contre la consommation d&rsquo;alcool\/stup\u00e9fiants au volant en axant les contr\u00f4les \u00e0 la sortie des discoth\u00e8ques<br \/>??13 <a href=\"https:\/\/twitter.com\/hashtag\/Policiers?src=hash&amp;ref_src=twsrc%5Etfw\" target=\"_blank\" rel=\"noopener\">#Policiers<\/a><br \/>??84 Contr\u00f4les effectu\u00e9s <br \/>??15 Infractions relev\u00e9es <a href=\"https:\/\/t.co\/mbiQjeHch3\">pic.twitter.com\/mbiQjeHch3<\/a><\/p>\n<p>\u2014 Police nationale 35 (@PoliceNat35) <a href=\"https:\/\/twitter.com\/PoliceNat35\/status\/1915723964816519576?ref_src=twsrc%5Etfw\" target=\"_blank\" rel=\"noopener\">April 25, 2025<\/a><\/p><\/blockquote>\n<p>Certains v\u00e9hicules immobilis\u00e9s sur place<\/p>\n<p>Au total pr\u00e8s de 84\u00a0v\u00e9hicules ont \u00e9t\u00e9 contr\u00f4l\u00e9s, et sept conducteurs test\u00e9s positifs \u00e0 l\u2019alcool, conduisant pour certains d\u2019entre eux, \u00e0 l\u2019immobilisation de leur v\u00e9hicule sur place. D\u2019autres infractions au code de la route ont \u00e9galement \u00e9t\u00e9 relev\u00e9es, comme des d\u00e9fauts de carte grise, ou un port d\u2019oreillette de la part d\u2019un utilisateur de trottinette \u00e9lectrique.<\/p>\n<p>\u00a0<\/p>\n<p>\t\t<script async src=\"https:\/\/platform.twitter.com\/widgets.js\" charset=\"utf-8\"><\/script><\/p>\n","protected":false},"excerpt":{"rendered":"Une op\u00e9ration de police a \u00e9t\u00e9 men\u00e9e \u00e0 la sortie de bo\u00eetes de nuit, dans le centre-ville de&hellip;\n","protected":false},"author":2,"featured_media":51894,"comment_status":"","ping_status":"","sticky":false,"template":"","format":"standard","meta":{"footnotes":""},"categories":[2821],"tags":[1111,11,5702,2364,829,8225,7325,1777,674,1011,27,12,293,1072,14489,3086,584,25,3686],"class_list":{"0":"post-51893","1":"post","2":"type-post","3":"status-publish","4":"format-standard","5":"has-post-thumbnail","7":"category-rennes","8":"tag-actu","9":"tag-actualites","10":"tag-alcool","11":"tag-boites","12":"tag-bretagne","13":"tag-conducteurs","14":"tag-controle","15":"tag-eu","16":"tag-europe","17":"tag-fr","18":"tag-france","19":"tag-news","20":"tag-nuit","21":"tag-police","22":"tag-positifs","23":"tag-redon","24":"tag-rennes","25":"tag-republique-francaise","26":"tag-sortie"},"share_on_mastodon":{"url":"https:\/\/pubeurope.com\/@fr\/114398944489445172","error":""},"_links":{"self":[{"href":"https:\/\/www.europesays.com\/fr\/wp-json\/wp\/v2\/posts\/51893","targetHints":{"allow":["GET"]}}],"collection":[{"href":"https:\/\/www.europesays.com\/fr\/wp-json\/wp\/v2\/posts"}],"about":[{"href":"https:\/\/www.europesays.com\/fr\/wp-json\/wp\/v2\/types\/post"}],"author":[{"embeddable":true,"href":"https:\/\/www.europesays.com\/fr\/wp-json\/wp\/v2\/users\/2"}],"replies":[{"embeddable":true,"href":"https:\/\/www.europesays.com\/fr\/wp-json\/wp\/v2\/comments?post=51893"}],"version-history":[{"count":0,"href":"https:\/\/www.europesays.com\/fr\/wp-json\/wp\/v2\/posts\/51893\/revisions"}],"wp:featuredmedia":[{"embeddable":true,"href":"https:\/\/www.europesays.com\/fr\/wp-json\/wp\/v2\/media\/51894"}],"wp:attachment":[{"href":"https:\/\/www.europesays.com\/fr\/wp-json\/wp\/v2\/media?parent=51893"}],"wp:term":[{"taxonomy":"category","embeddable":true,"href":"https:\/\/www.europesays.com\/fr\/wp-json\/wp\/v2\/categories?post=51893"},{"taxonomy":"post_tag","embeddable":true,"href":"https:\/\/www.europesays.com\/fr\/wp-json\/wp\/v2\/tags?post=51893"}],"curies":[{"name":"wp","href":"https:\/\/api.w.org\/{rel}","templated":true}]}}