{"id":518940,"date":"2025-11-07T19:43:42","date_gmt":"2025-11-07T19:43:42","guid":{"rendered":"https:\/\/www.europesays.com\/fr\/518940\/"},"modified":"2025-11-07T19:43:42","modified_gmt":"2025-11-07T19:43:42","slug":"pres-de-nantes-cette-ecole-construite-autour-dun-arbre-vient-douvrir-et-se-visite","status":"publish","type":"post","link":"https:\/\/www.europesays.com\/fr\/518940\/","title":{"rendered":"Pr\u00e8s de Nantes, cette \u00e9cole construite autour d\u2019un arbre vient d\u2019ouvrir et se visite"},"content":{"rendered":"<p>            Par<br \/>\n        <strong><br \/>\n            <a href=\"https:\/\/actu.fr\/auteur\/laurent-fortin\" title=\"Consulter tous les articles de Laurent Fortin\" rel=\"nofollow noopener\" target=\"_blank\">Laurent Fortin<\/a><br \/>\n        <\/strong><\/p>\n<p>        Publi\u00e9 le<\/p>\n<p>            7 nov. 2025 \u00e0 8h45        <\/p>\n<p>Le <b>lundi 3\u00a0novembre.<\/b> C\u2019est \u00e0 cette date que les <b>380\u00a0\u00e9l\u00e8ves des 15 classes de l\u2019Enclos<\/b> (6 en maternelle et d\u00e9sormais 9 en \u00e9l\u00e9mentaire, soit une de plus que l\u2019an pass\u00e9) ont int\u00e9gr\u00e9 <b>le nouveau groupe scolaire Simone-Veil<\/b>. <a href=\"https:\/\/actu.fr\/pays-de-la-loire\/vertou_44215\/dans-cette-ville-pres-de-nantes-la-rentree-dans-la-nouvelle-ecole-decalee-a-la-toussaint_63086389.html\" rel=\"nofollow noopener\" target=\"_blank\">Une d\u00e9cision de d\u00e9caler la rentr\u00e9e<\/a> prise au printemps dernier en collaboration<b> avec les \u00e9quipes p\u00e9dagogiques.<\/b> D\u00e9marr\u00e9 il y a environ deux ans, le chantier a en effet pris du retard.<\/p>\n<p class=\" wall-content\">Toutefois, le b\u00e2timent qui a pouss\u00e9 <a href=\"https:\/\/www.education.gouv.fr\/annuaire\/44120\/vertou\/ecole\/0441646a\/ecole-elementaire-publique-simone-veil.html\" rel=\"nofollow noopener\" target=\"_blank\">dans le secteur des Echalonni\u00e8res<\/a> est largement visible du <a href=\"https:\/\/www.google.com\/maps\/place\/Vertou+Basket+-+Gymnase+des+Echalonni%C3%A8res\/@47.1780748,-1.4725809,389m\/data=!3m1!1e3!4m10!1m2!2m1!1sEchalonni%C3%A8res+Vertou!3m6!1s0x4805e6266db45059:0x55c749337f9bbc54!8m2!3d47.1768498!4d-1.4703691!15sChVFY2hhbG9ubmnDqHJlcyBWZXJ0b3VaFyIVZWNoYWxvbm5pw6hyZXMgdmVydG91kgEPYmFza2V0YmFsbF9jbHVimgEkQ2hkRFNVaE5NRzluUzBWSlEwRm5UVVJuZERjMlVHbFJSUkFCqgE-EAEyHxABIhtKei8e0LjTogly2UCl_96lle2mJZn-m0JHkhYyGRACIhVlY2hhbG9ubmnDqHJlcyB2ZXJ0b3XgAQD6AQQIABAr!16s%2Fg%2F11c56r8ctc?entry=ttu&amp;g_ep=EgoyMDI1MTEwNC4xIKXMDSoASAFQAw%3D%3D\" rel=\"nofollow noopener\" target=\"_blank\">boulevard Luc-Dejoie<\/a>. D\u2019autant que les <b>am\u00e9nagements de voirie devant son parvis ont, quant \u00e0 eux, \u00e9t\u00e9 r\u00e9alis\u00e9s<\/b> (bande centrale infranchissable sur la chauss\u00e9e, d\u00e9limitation des bas-c\u00f4t\u00e9s, piste cyclable\u2026). <b>Tout en bois, \u00e9pousant la pente descendant vers la zone industrielle de la Vertonne<\/b>, elle suscite la curiosit\u00e9. Une fois la porte pouss\u00e9e, celle-ci n\u2019est pas d\u00e9\u00e7ue.<\/p>\n<p class=\" wall-content\"><b>La cour d\u2019\u00e9cole des maternelles<\/b> a de quoi surprendre avec <b>ses cabanes en forme de hutte<\/b>, ses jeux en bois dont son mini-pont de singe, les nombreux bancs, son bac \u00e0 sable et son arbre gigantesque au milieu, entour\u00e9 de copeaux de bois.<\/p>\n<blockquote class=\"ac-article-quote wall-content\">\n<p>C\u2019est un ch\u00eane d\u2019une quarantaine d\u2019ann\u00e9es qu\u2019on a express\u00e9ment tenu \u00e0 pr\u00e9server. Cela n\u2019a pas \u00e9t\u00e9 simple pendant les travaux. Mais nous l\u2019avions fortement prot\u00e9g\u00e9. On a craint \u00e0 sa sant\u00e9 \u00e0 certains moments. Mais il est debout. Il sera l\u2019embl\u00e8me de cet \u00e9tablissement.<\/p>\n<p>Le maire, Rodolphe Amailland, lors d\u2019une visite.<\/p><\/blockquote>\n<p class=\" wall-content\">Pour l\u2019\u00e9lu qui avait commenc\u00e9 son second mandat, par des manifestations d\u2019habitants contre un projet d\u2019abattage d\u2019arbres, \u00e0 la chauss\u00e9e des Moines, <b>cette consigne donn\u00e9e au cabinet d\u2019architecte Leibar-Seignerin avait tout d\u2019un symbole<\/b>.<\/p>\n<p>Vid\u00e9os : en ce moment sur Actu<\/p>\n<blockquote class=\"ac-article-quote wall-content\">\n<p>C\u2019est une cour v\u00e9g\u00e9talis\u00e9e comme on les a retravaill\u00e9es dans les autres \u00e9coles.<\/p>\n<\/blockquote>\n<p>Votre r\u00e9gion, votre actu !<\/p>\n<p>Recevez chaque jour les infos qui comptent pour vous.<\/p>\n<p>\t<a href=\"https:\/\/actu.fr\/newsletter\" class=\"ac-btn ac-btn--corner ac-btn--medium ac-btn--blue800\" rel=\"nofollow noopener\" target=\"_blank\">S&rsquo;incrire<\/a><br \/>\nPenser pour les enfants et enseignants<\/p>\n<p class=\" wall-content\">Plus globalement,<b> la conception ellipso\u00efdale de l\u2019\u00e9cole,<\/b> dot\u00e9e de grandes baies vitr\u00e9es, permet, d\u2019un c\u00f4t\u00e9, <b>d\u2019avoir toujours un \u0153il sur la cour <\/b>et, de l\u2019autre, <b>de pouvoir admirer l\u2019horizon vertavien<\/b>.<\/p>\n<blockquote class=\"ac-article-quote wall-content\">\n<p>Et on ne peut pas se perdre. On revient toujours au m\u00eame endroit. La d\u00e9clivit\u00e9 du terrain fait qu\u2019il y a deux rez-de-chauss\u00e9e et non pas deux niveaux\u2009: un pour les maternelles et un autre pour les \u00e9l\u00e9mentaires.<\/p>\n<p>Patrice Garnier, adjoint aux affaires scolaires<\/p><\/blockquote>\n<p class=\" wall-content\">D\u2019ailleurs, <b>la cour des plus grands enfants vaut aussi le d\u00e9tour<\/b> avec son tableau noir, pour les amateurs de dessins \u00e0 la craie, <b>son toboggan int\u00e9gr\u00e9 dans un talus<\/b>, et l\u2019acc\u00e8s \u00e0 une partie du bois voisin.<\/p>\n<blockquote class=\"ac-article-quote wall-content\">\n<p>Cette cour est m\u00eame agrandie pendant les heures de classe. \u00c0 la rentr\u00e9e et \u00e0 l\u2019heure de sortie, une partie sert de parking pour les parents. On mutualise l\u2019espace. D\u2019ailleurs, la sobri\u00e9t\u00e9 fonci\u00e8re a aussi guid\u00e9 la construction.<\/p>\n<p>Thomas Delplace, adjoint aux travaux.<\/p><\/blockquote>\n<p>    <img   decoding=\"async\" loading=\"lazy\" class=\"size-large\" src=\"https:\/\/www.europesays.com\/fr\/wp-content\/uploads\/2025\/11\/69c47fe7d5b868dc47fe7d5b861d47v-960x640.jpg\" alt=\"Certaines classes ont une vue surprenante sur la campagne vertavienne.\" width=\"960\" height=\"640\"\/><br \/>\n    Certaines classes ont une vue surprenante sur la campagne vertavienne. \u00a9Hebdo de S\u00e8vre et Maine<\/p>\n<p class=\" wall-content\">La<b> surface b\u00e2tie est de 3\u2009300\u00a0m2<\/b> pour une emprise totale de moins d\u2019un hectare (9\u2009600\u00a0m2). <b>Au total, l\u2019\u00e9tablissement pourra accueillir jusqu\u2019\u00e0 22 classes dont deux dites inclusives, <\/b>soit un peu plus de 500\u00a0\u00e9l\u00e8ves. Elle pourra donc \u00eatre encore remplie.<\/p>\n<p class=\" wall-content\"><b>L\u2019\u00e9quipement d\u2019un co\u00fbt de plus de 17\u00a0millions d\u2019euros est aussi dot\u00e9 d\u2019une grande salle de motricit\u00e9<\/b> se transformant en salle de sieste en d\u00e9but d\u2019apr\u00e8s-midi, <b>mais aussi deux espaces de restauration scolaires<\/b> ou encore de <b>salles relaxantes<\/b> pour les enfants atteints de trouble autistique.<\/p>\n<p class=\" wall-content\">L\u2019\u00e9cole int\u00e8gre un<b> accueil p\u00e9riscolaire qui se transformera en centre de loisirs <\/b>les mercredi et les vacances scolaires.<\/p>\n<blockquote class=\"ac-article-quote wall-content\">\n<p>Qui permet une centaine de places suppl\u00e9mentaires.<\/p>\n<p>Patrice Garnier<\/p><\/blockquote>\n<p class=\" wall-content\">De quoi att\u00e9nuer <b>les col\u00e8res de certains parents n\u2019arrivant pas avoir de places<\/b>.<\/p>\n<p class=\" wall-content\">Parmi les <b>autres originalit\u00e9s, ces bandes de leds \u00e9clairant la coursive ext\u00e9rieure<\/b> ainsi que <b>ces nichoirs \u00e0 oiseaux et autres abris \u00e0 chauve-souris.<\/b><\/p>\n<blockquote class=\"ac-article-quote wall-content\">\n<p>La sobri\u00e9t\u00e9 est aussi \u00e9nerg\u00e9tique avec des mat\u00e9riaux \u00e0 forte performance d\u2019isolation \u00e9vitant les exc\u00e8s de temp\u00e9rature, une ventilation double flux qui permet d\u2019avoir un air sain et une chaufferie \u00e0 bois.<\/p>\n<p>Thomas Delplace<\/p><\/blockquote>\n<p class=\" wall-content\"><b>Les enfants et le personnel n\u2019ont pas eu de mal \u00e0 partir de leur \u00e9cole construite en 1973<\/b>, dont la prochaine vie n\u2019a pas encore \u00e9t\u00e9 d\u00e9finie (probablement un programme immobilier et des services publics).<\/p>\n<p class=\" wall-content\">Tous les Vertaviens<b> peuvent d\u00e9couvrir le nouveau groupe scolaire Simone Veil<\/b>. Une porte ouverte est organis\u00e9e <b>samedi 8\u00a0novembre, de 13\u2009h\u200930 \u00e0 17\u2009h\u200930.<\/b><\/p>\n<p class=\" wall-content\">Personnalisez votre actualit\u00e9 en ajoutant vos villes et m\u00e9dias en favori avec <a href=\"https:\/\/moncompte.actu.fr\" title=\"D\u00e9couvez Mon Actu\" rel=\"nofollow noopener\" data-trk=\"{&quot;cta&quot;:{&quot;action&quot;:&quot;https:\\\/\\\/moncompte.actu.fr&quot;,&quot;category&quot;:&quot;mon compte&quot;,&quot;from&quot;:&quot;article footer&quot;,&quot;name&quot;:&quot;Mon actu&quot;,&quot;type&quot;:&quot;cta&quot;}}\" target=\"_blank\">Mon Actu<\/a>.<\/p>\n","protected":false},"excerpt":{"rendered":"Par Laurent Fortin Publi\u00e9 le 7 nov. 2025 \u00e0 8h45 Le lundi 3\u00a0novembre. C\u2019est \u00e0 cette date que&hellip;\n","protected":false},"author":2,"featured_media":518941,"comment_status":"","ping_status":"","sticky":false,"template":"","format":"standard","meta":{"footnotes":""},"categories":[2818],"tags":[1111,11,4019,1777,674,1011,27,766,12,2636,25,104,2900],"class_list":{"0":"post-518940","1":"post","2":"type-post","3":"status-publish","4":"format-standard","5":"has-post-thumbnail","7":"category-nantes","8":"tag-actu","9":"tag-actualites","10":"tag-ecoles","11":"tag-eu","12":"tag-europe","13":"tag-fr","14":"tag-france","15":"tag-nantes","16":"tag-news","17":"tag-pays-de-la-loire","18":"tag-republique-francaise","19":"tag-societe","20":"tag-vignoble-nantais"},"share_on_mastodon":{"url":"https:\/\/pubeurope.com\/@fr\/115510130046269916","error":""},"_links":{"self":[{"href":"https:\/\/www.europesays.com\/fr\/wp-json\/wp\/v2\/posts\/518940","targetHints":{"allow":["GET"]}}],"collection":[{"href":"https:\/\/www.europesays.com\/fr\/wp-json\/wp\/v2\/posts"}],"about":[{"href":"https:\/\/www.europesays.com\/fr\/wp-json\/wp\/v2\/types\/post"}],"author":[{"embeddable":true,"href":"https:\/\/www.europesays.com\/fr\/wp-json\/wp\/v2\/users\/2"}],"replies":[{"embeddable":true,"href":"https:\/\/www.europesays.com\/fr\/wp-json\/wp\/v2\/comments?post=518940"}],"version-history":[{"count":0,"href":"https:\/\/www.europesays.com\/fr\/wp-json\/wp\/v2\/posts\/518940\/revisions"}],"wp:featuredmedia":[{"embeddable":true,"href":"https:\/\/www.europesays.com\/fr\/wp-json\/wp\/v2\/media\/518941"}],"wp:attachment":[{"href":"https:\/\/www.europesays.com\/fr\/wp-json\/wp\/v2\/media?parent=518940"}],"wp:term":[{"taxonomy":"category","embeddable":true,"href":"https:\/\/www.europesays.com\/fr\/wp-json\/wp\/v2\/categories?post=518940"},{"taxonomy":"post_tag","embeddable":true,"href":"https:\/\/www.europesays.com\/fr\/wp-json\/wp\/v2\/tags?post=518940"}],"curies":[{"name":"wp","href":"https:\/\/api.w.org\/{rel}","templated":true}]}}