{"id":51895,"date":"2025-04-25T13:55:09","date_gmt":"2025-04-25T13:55:09","guid":{"rendered":"https:\/\/www.europesays.com\/fr\/51895\/"},"modified":"2025-04-25T13:55:09","modified_gmt":"2025-04-25T13:55:09","slug":"strasbourg-lauteur-alsacien-baptiste-cogitore-ce-vendredi-a-la-librairie-kleber-pour-parler-de-hanus-hachenburg","status":"publish","type":"post","link":"https:\/\/www.europesays.com\/fr\/51895\/","title":{"rendered":"Strasbourg. L\u2019auteur alsacien Baptiste Cogitore ce vendredi \u00e0 la librairie Kl\u00e9ber pour parler de Hanus Hachenburg"},"content":{"rendered":"<p>Dans  L\u2019enfant com\u00e8te , l\u2019auteur alsacien Baptiste Cogitore reconstitue la courte vie de Hanus Hachenburg, jeune po\u00e8te assassin\u00e9 \u00e0 Auschwitz-Birkenau en 1944 et membre de la \u00ab\u00a0R\u00e9publique de skid\u00a0\u00bb, groupe r\u00e9volutionnaire qui, avec ses \u00e9crits et son imaginaire, fera r\u00e9sistance entre\u00a01942 et\u00a01944 dans l\u2019enceinte de Theresienstadt, ghetto con\u00e7u par les nazis comme vitrine de leur propagande. Baptiste Cogitore en tire un r\u00e9cit personnel et document\u00e9 et rend ainsi hommage \u00e0 l\u2019\u0153uvre compl\u00e8te de cet artiste tch\u00e8que n\u00e9 en 1929. La pr\u00e9sentation de L\u2019enfant com\u00e8te sera suivie d\u2019une prestation vocale et musicale de Claire Audhuy et Tristan Lescene (compagnie Rod\u00e9o d\u2019\u00e2me) qui donneront \u00e0 entendre des textes in\u00e9dits de Hanus Hachenburg.<\/p>\n<p class=\"note\">Vendredi 25\u00a0avril, \u00e0 18\u00a0h, \u00e0 la libraire Kl\u00e9ber \u00e0 Strasbourg.<\/p>\n","protected":false},"excerpt":{"rendered":"Dans L\u2019enfant com\u00e8te , l\u2019auteur alsacien Baptiste Cogitore reconstitue la courte vie de Hanus Hachenburg, jeune po\u00e8te assassin\u00e9&hellip;\n","protected":false},"author":2,"featured_media":51896,"comment_status":"","ping_status":"","sticky":false,"template":"","format":"standard","meta":{"footnotes":""},"categories":[2820],"tags":[1111,11,2389,1687,2880,1777,674,107,1011,27,775,2410,12,25,640,2879],"class_list":{"0":"post-51895","1":"post","2":"type-post","3":"status-publish","4":"format-standard","5":"has-post-thumbnail","7":"category-strasbourg","8":"tag-actu","9":"tag-actualites","10":"tag-alsace","11":"tag-culture-loisirs","12":"tag-edition-strasbourg","13":"tag-eu","14":"tag-europe","15":"tag-fil-info","16":"tag-fr","17":"tag-france","18":"tag-grand-est","19":"tag-livres-bd","20":"tag-news","21":"tag-republique-francaise","22":"tag-strasbourg","23":"tag-strasbourg-ville"},"share_on_mastodon":{"url":"https:\/\/pubeurope.com\/@fr\/114398948524178988","error":""},"_links":{"self":[{"href":"https:\/\/www.europesays.com\/fr\/wp-json\/wp\/v2\/posts\/51895","targetHints":{"allow":["GET"]}}],"collection":[{"href":"https:\/\/www.europesays.com\/fr\/wp-json\/wp\/v2\/posts"}],"about":[{"href":"https:\/\/www.europesays.com\/fr\/wp-json\/wp\/v2\/types\/post"}],"author":[{"embeddable":true,"href":"https:\/\/www.europesays.com\/fr\/wp-json\/wp\/v2\/users\/2"}],"replies":[{"embeddable":true,"href":"https:\/\/www.europesays.com\/fr\/wp-json\/wp\/v2\/comments?post=51895"}],"version-history":[{"count":0,"href":"https:\/\/www.europesays.com\/fr\/wp-json\/wp\/v2\/posts\/51895\/revisions"}],"wp:featuredmedia":[{"embeddable":true,"href":"https:\/\/www.europesays.com\/fr\/wp-json\/wp\/v2\/media\/51896"}],"wp:attachment":[{"href":"https:\/\/www.europesays.com\/fr\/wp-json\/wp\/v2\/media?parent=51895"}],"wp:term":[{"taxonomy":"category","embeddable":true,"href":"https:\/\/www.europesays.com\/fr\/wp-json\/wp\/v2\/categories?post=51895"},{"taxonomy":"post_tag","embeddable":true,"href":"https:\/\/www.europesays.com\/fr\/wp-json\/wp\/v2\/tags?post=51895"}],"curies":[{"name":"wp","href":"https:\/\/api.w.org\/{rel}","templated":true}]}}