{"id":518955,"date":"2025-11-07T19:51:17","date_gmt":"2025-11-07T19:51:17","guid":{"rendered":"https:\/\/www.europesays.com\/fr\/518955\/"},"modified":"2025-11-07T19:51:17","modified_gmt":"2025-11-07T19:51:17","slug":"et-si-pierre-le-roy-ramenait-un-jour-leverest-des-mers-a-marseille","status":"publish","type":"post","link":"https:\/\/www.europesays.com\/fr\/518955\/","title":{"rendered":"et si Pierre Le Roy ramenait un jour \u00ab\u00a0l&rsquo;Everest des mers\u00a0\u00bb \u00e0 Marseille ?"},"content":{"rendered":"<p>Il y a des histoires de marins qui commencent sur l&rsquo;eau. Celle-ci a d\u00e9but\u00e9 sur une table de nuit, quelque part en banlieue, devant un globe terrestre. Chaque soir, un petit gar\u00e7on y tra\u00e7ait du doigt des routes imaginaires vers des \u00eeles lointaines. Aujourd&rsquo;hui, cet enfant devenu grand, veut se rapprocher de ces \u00eeles et par la m\u00eame occasion embarquer toute une ville dans son aventure. Le Vend\u00e9e Globe, c&rsquo;est avec Marseille qu&rsquo;il veut le faire.<\/p>\n<p>M\u00e9t\u00e9orologue, expert en climat et en analyse de donn\u00e9es pour les 24\u00a0Heures du\u00a0Mans ou pour la finale de l&rsquo;US Open, Pierre Le Roy a fait de la prise de d\u00e9cision son m\u00e9tier. \u00a0\u00bb Prendre des options, \u00e7a nous concerne tous et moi j&rsquo;en ai fait mon m\u00e9tier\u00a0\u00ab\u00a0, explique-t-il. Mais \u00a0\u00bb\u00a0rester derri\u00e8re un \u00e9cran d&rsquo;ordinateur, \u00e7a ne va pas me suffire\u00a0\u00ab\u00a0.<\/p>\n<p>Un parcours un peu atypique<\/p>\n<p>En 2019, il se lance dans la course avec un voilier de 6,50 m\u00e8tres de long. Deux ans plus tard, il remporte la Mini Transat avec douze heures d&rsquo;avance, gr\u00e2ce \u00e0 un choix risqu\u00e9 mais parfaitement calcul\u00e9. Cette victoire \u00e9veille en lui l&rsquo;envie de ne pas s&rsquo;arr\u00eater l\u00e0. Cette fois, il veut viser plus haut.<\/p>\n<p>\u00ab\u00a0Tous ces conseils que j&rsquo;ai donn\u00e9s aux autres, je veux plus les prendre pour les autres,&#8230;<\/p>\n","protected":false},"excerpt":{"rendered":"Il y a des histoires de marins qui commencent sur l&rsquo;eau. Celle-ci a d\u00e9but\u00e9 sur une table de&hellip;\n","protected":false},"author":2,"featured_media":518956,"comment_status":"","ping_status":"","sticky":false,"template":"","format":"standard","meta":{"footnotes":""},"categories":[2814],"tags":[17,1111,11,154,1777,674,1011,27,4432,63937,884,12,11850,882,42535,25,27659,60,10887],"class_list":{"0":"post-518955","1":"post","2":"type-post","3":"status-publish","4":"format-standard","5":"has-post-thumbnail","7":"category-marseille","8":"tag-17","9":"tag-actu","10":"tag-actualites","11":"tag-des","12":"tag-eu","13":"tag-europe","14":"tag-fr","15":"tag-france","16":"tag-jour","17":"tag-leverest","18":"tag-marseille","19":"tag-news","20":"tag-pierre","21":"tag-provence-alpes-cote-dazur","22":"tag-ramenait","23":"tag-republique-francaise","24":"tag-roy","25":"tag-sports","26":"tag-voile"},"share_on_mastodon":{"url":"https:\/\/pubeurope.com\/@fr\/115510161316613458","error":""},"_links":{"self":[{"href":"https:\/\/www.europesays.com\/fr\/wp-json\/wp\/v2\/posts\/518955","targetHints":{"allow":["GET"]}}],"collection":[{"href":"https:\/\/www.europesays.com\/fr\/wp-json\/wp\/v2\/posts"}],"about":[{"href":"https:\/\/www.europesays.com\/fr\/wp-json\/wp\/v2\/types\/post"}],"author":[{"embeddable":true,"href":"https:\/\/www.europesays.com\/fr\/wp-json\/wp\/v2\/users\/2"}],"replies":[{"embeddable":true,"href":"https:\/\/www.europesays.com\/fr\/wp-json\/wp\/v2\/comments?post=518955"}],"version-history":[{"count":0,"href":"https:\/\/www.europesays.com\/fr\/wp-json\/wp\/v2\/posts\/518955\/revisions"}],"wp:featuredmedia":[{"embeddable":true,"href":"https:\/\/www.europesays.com\/fr\/wp-json\/wp\/v2\/media\/518956"}],"wp:attachment":[{"href":"https:\/\/www.europesays.com\/fr\/wp-json\/wp\/v2\/media?parent=518955"}],"wp:term":[{"taxonomy":"category","embeddable":true,"href":"https:\/\/www.europesays.com\/fr\/wp-json\/wp\/v2\/categories?post=518955"},{"taxonomy":"post_tag","embeddable":true,"href":"https:\/\/www.europesays.com\/fr\/wp-json\/wp\/v2\/tags?post=518955"}],"curies":[{"name":"wp","href":"https:\/\/api.w.org\/{rel}","templated":true}]}}