{"id":518957,"date":"2025-11-07T19:52:18","date_gmt":"2025-11-07T19:52:18","guid":{"rendered":"https:\/\/www.europesays.com\/fr\/518957\/"},"modified":"2025-11-07T19:52:18","modified_gmt":"2025-11-07T19:52:18","slug":"une-perquisition-menee-au-parquet-de-marseille-dans-lenquete-sur-le-scandale-qui-eclabousse-lofast","status":"publish","type":"post","link":"https:\/\/www.europesays.com\/fr\/518957\/","title":{"rendered":"Une perquisition men\u00e9e au parquet de Marseille dans l\u2019enqu\u00eate sur le scandale qui \u00e9clabousse l\u2019Ofast"},"content":{"rendered":"<p>      <img fetchpriority=\"high\" decoding=\"async\" class=\"mx-auto\" src=\"data:image\/svg+xml,%3Csvg%20xmlns%3D%27http%3A%2F%2Fwww.w3.org%2F2000%2Fsvg%27%20fill%3D%22%23e4e4e4%22%20viewBox%3D%270%200%20510%20340%27%20width%3D%22510%22%20height%3D%22340%22%3E%3Cpath%20d%3D%27M0%200h510v340H0z%27%2F%3E%3C%2Fsvg%3E\"  loading=\"eager\" width=\"510\" height=\"340\" data-oncrawl-image-size=\"510x340\" alt=\"Une perquisition a \u00e9t\u00e9 men\u00e9e au palais de justice de Marseille le 5\u00a0novembre dernier dans el cadre d\u2019une enqu\u00eate sur la disparition de 360\u00a0kilos de coca\u00efne.\"\/>      <\/p>\n<p class=\"latino-100m text-grey-600\">\n            Une perquisition a \u00e9t\u00e9 men\u00e9e au palais de justice de Marseille le 5\u00a0novembre dernier dans el cadre d\u2019une enqu\u00eate sur la disparition de 360\u00a0kilos de coca\u00efne.\u00a0MAGALI COHEN \/ HANS LUCAS VIA AFP        <\/p>\n<p>        Lire\u00a0plus\u00a0tard      <\/p>\n<p><a aria-label=\"Nous suivre sur Google News\" href=\"https:\/\/news.google.com\/publications\/CAAqBwgKMJe4nQkw3dFs?hl=fr&amp;gl=FR&amp;ceid=FR%3Afr\" target=\"_blank\" data-piano=\"Page_Article,Sous_date_publi,Nous_suivre_sur_google_news,1er_clic,action\" class=\"btn btn--small btn--tertiary btn--icon-only\" rel=\"noopener\"><\/p>\n<p>      Google Actualit\u00e9s<br \/>\n  <\/a><\/p>\n<p>  Partager<\/p>\n<p>        Facebook<\/p>\n<p>        Bluesky<\/p>\n<p>        E-mail<\/p>\n<p>        Copier le lien<\/p>\n<p>      Envoyer<\/p>\n<p>      S\u2019abonner pour lire    <\/p>\n<p class=\"node__paragraphe antonia-750r text-grey-800 pb-24 pb-md-32\">\nDepuis le printemps dernier, les enqu\u00eateurs de l\u2019IGPN, la police des polices, tentent de remonter le fil des responsabilit\u00e9s dans l\u2019affaire \u00ab\u00a0Trident\u00a0\u00bb, la disparition au printemps 2023\u00a0de 360\u00a0kilos de coca\u00efne dans la cit\u00e9 phoc\u00e9enne. Une drogue arriv\u00e9e en France depuis la Colombie sous forme de \u00ab\u00a0livraison surveill\u00e9e\u00a0\u00bb, c\u2019est-\u00e0-dire qu\u2019elle aurait d\u00fb permettre \u00e0 l\u2019Ofast (office anti-stup\u00e9fiants) d\u2019arr\u00eater les commanditaires de la cargaison. A la place, la marchandise s\u2019est tout simplement volatilis\u00e9e, sans qu\u2019aucune arrestation ne soit men\u00e9e, d\u00e9clenchant un scandale qui ne cesse depuis d\u2019\u00e9clabousser les services de lutte contre le narcotrafic en France. Depuis le printemps dernier, cinq policiers de l\u2019antenne Ofast de Marseille ont \u00e9t\u00e9 mis en examen <a href=\"https:\/\/www.nouvelobs.com\/justice\/20250626.OBS105345\/la-cheffe-de-l-office-anti-stupefiants-a-marseille-et-son-adjoint-mis-en-examen.html\" target=\"_blank\" rel=\"noopener\">dont la num\u00e9ro\u00a01\u00a0et son adjoint.<\/a><\/p>\n<p class=\"node__paragraphe antonia-750r text-grey-800 pb-8\">\nCe mercredi 5\u00a0novembre, selon des informations du \u00ab\u00a0Nouvel Obs\u00a0\u00bb, la juge d\u2019instruction parisienne en charge du dossier accompagn\u00e9e de policiers de l\u2019IGPN ont cette fois perquisitionn\u00e9 les bureaux d\u2019Isabelle\u00a0C., la magistrate du parquet de Marseille en charge de suivre l\u2019op\u00e9ration \u00ab\u00a0Trident\u00a0\u00bb et sp\u00e9\u2026<\/p>\n<p class=\"latino-100m text-blue-400\">Article r\u00e9serv\u00e9 aux abonn\u00e9s.<\/p>\n<p>        Se connecter      <\/p>\n<p class=\"text-center antonia-1550b antonia-lg-1850c\" style=\"margin-bottom:4px;\">Envie de lire la suite\u00a0?<\/p>\n<p class=\"description text-center pb-16\">Tous nos contenus exclusifs en acc\u00e8s illimit\u00e9<\/p>\n<p>            S\u2019abonner 7,99\u20ac 3,99\u20ac\/mois                          pendant 1 an                      <\/p>\n<p class=\"text-grey-700 or d-none d-md-flex\">ou<\/p>\n<p>                        <img width=\"164\" height=\"20\" src=\"data:image\/svg+xml,%3Csvg%20xmlns%3D%27http%3A%2F%2Fwww.w3.org%2F2000%2Fsvg%27%20fill%3D%22%23e4e4e4%22%20viewBox%3D%270%200%20282%2054%27%20width%3D%22282%22%20height%3D%2254%22%3E%3Cpath%20d%3D%27M0%200h282v54H0z%27%2F%3E%3C%2Fsvg%3E\"  class=\"js-swg-placeholder\" alt=\"Subscribe with Google\" loading=\"lazy\" decoding=\"async\"\/><\/p>\n","protected":false},"excerpt":{"rendered":"Une perquisition a \u00e9t\u00e9 men\u00e9e au palais de justice de Marseille le 5\u00a0novembre dernier dans el cadre d\u2019une&hellip;\n","protected":false},"author":2,"featured_media":518958,"comment_status":"","ping_status":"","sticky":false,"template":"","format":"standard","meta":{"footnotes":""},"categories":[2814],"tags":[17,1111,11,45658,63938,1067,1777,674,1011,27,303,884,38006,12,15860,2402,882,25,1747],"class_list":{"0":"post-518957","1":"post","2":"type-post","3":"status-publish","4":"format-standard","5":"has-post-thumbnail","7":"category-marseille","8":"tag-17","9":"tag-actu","10":"tag-actualites","11":"tag-crime-organise","12":"tag-eclabousse","13":"tag-enquete","14":"tag-eu","15":"tag-europe","16":"tag-fr","17":"tag-france","18":"tag-justice","19":"tag-marseille","20":"tag-menee","21":"tag-news","22":"tag-parquet","23":"tag-perquisition","24":"tag-provence-alpes-cote-dazur","25":"tag-republique-francaise","26":"tag-scandale"},"share_on_mastodon":{"url":"https:\/\/pubeurope.com\/@fr\/115510165110211016","error":""},"_links":{"self":[{"href":"https:\/\/www.europesays.com\/fr\/wp-json\/wp\/v2\/posts\/518957","targetHints":{"allow":["GET"]}}],"collection":[{"href":"https:\/\/www.europesays.com\/fr\/wp-json\/wp\/v2\/posts"}],"about":[{"href":"https:\/\/www.europesays.com\/fr\/wp-json\/wp\/v2\/types\/post"}],"author":[{"embeddable":true,"href":"https:\/\/www.europesays.com\/fr\/wp-json\/wp\/v2\/users\/2"}],"replies":[{"embeddable":true,"href":"https:\/\/www.europesays.com\/fr\/wp-json\/wp\/v2\/comments?post=518957"}],"version-history":[{"count":0,"href":"https:\/\/www.europesays.com\/fr\/wp-json\/wp\/v2\/posts\/518957\/revisions"}],"wp:featuredmedia":[{"embeddable":true,"href":"https:\/\/www.europesays.com\/fr\/wp-json\/wp\/v2\/media\/518958"}],"wp:attachment":[{"href":"https:\/\/www.europesays.com\/fr\/wp-json\/wp\/v2\/media?parent=518957"}],"wp:term":[{"taxonomy":"category","embeddable":true,"href":"https:\/\/www.europesays.com\/fr\/wp-json\/wp\/v2\/categories?post=518957"},{"taxonomy":"post_tag","embeddable":true,"href":"https:\/\/www.europesays.com\/fr\/wp-json\/wp\/v2\/tags?post=518957"}],"curies":[{"name":"wp","href":"https:\/\/api.w.org\/{rel}","templated":true}]}}