{"id":518959,"date":"2025-11-07T19:53:21","date_gmt":"2025-11-07T19:53:21","guid":{"rendered":"https:\/\/www.europesays.com\/fr\/518959\/"},"modified":"2025-11-07T19:53:21","modified_gmt":"2025-11-07T19:53:21","slug":"ce-quartier-devenu-invivable-donne-du-fil-a-retordre-a-la-mairie","status":"publish","type":"post","link":"https:\/\/www.europesays.com\/fr\/518959\/","title":{"rendered":"ce quartier \u00ab\u00a0devenu invivable\u00a0\u00bb donne du fil \u00e0 retordre \u00e0 la mairie"},"content":{"rendered":"<p>Le dernier comit\u00e9 d\u2019initiative et de consultation d\u2019arrondissement (Cica), dans le 9e secteur de la ville, portait ce mardi 4\u00a0novembre sur la th\u00e9matique \u00ab\u00a0s\u00e9curit\u00e9 et pr\u00e9vention\u00a0\u00bb. \u00c0 cette occasion, Dominique Allard, membre du conseil de quartier Vaise-Industrie-Rochecardon, et \u00c9velyne Colombet, pr\u00e9sidente du comit\u00e9 d\u2019int\u00e9r\u00eat local (CIL Vaise), ont fait part aux \u00e9lus de dol\u00e9ances transmises par les administr\u00e9s. Notamment en mati\u00e8re de lutte contre la d\u00e9linquance.<\/p>\n<p>\u00ab\u00a0Le secteur de la place de Paris est devenu invivable, rapportent-elles, compte tenu des agressions subies par plusieurs femmes, des rod\u00e9os, de la vente de drogue, des bo\u00eetes aux lettres vandalis\u00e9es et des incendies dans les halls d\u2019immeuble. Des SDF et&#8230;<\/p>\n","protected":false},"excerpt":{"rendered":"Le dernier comit\u00e9 d\u2019initiative et de consultation d\u2019arrondissement (Cica), dans le 9e secteur de la ville, portait ce&hellip;\n","protected":false},"author":2,"featured_media":518960,"comment_status":"","ping_status":"","sticky":false,"template":"","format":"standard","meta":{"footnotes":""},"categories":[1889],"tags":[1111,11,2430,2757,1777,674,274,107,1011,27,2428,2756,12,316,25,2429,3151],"class_list":{"0":"post-518959","1":"post","2":"type-post","3":"status-publish","4":"format-standard","5":"has-post-thumbnail","7":"category-lyon","8":"tag-actu","9":"tag-actualites","10":"tag-auvergne-rhone-alpes","11":"tag-edition-lyon-villeurbanne","12":"tag-eu","13":"tag-europe","14":"tag-faits-divers-justice","15":"tag-fil-info","16":"tag-fr","17":"tag-france","18":"tag-lyon","19":"tag-lyon-bassin","20":"tag-news","21":"tag-politique","22":"tag-republique-francaise","23":"tag-rhone","24":"tag-selection-de-la-redaction-69"},"share_on_mastodon":{"url":"https:\/\/pubeurope.com\/@fr\/115510169026041948","error":""},"_links":{"self":[{"href":"https:\/\/www.europesays.com\/fr\/wp-json\/wp\/v2\/posts\/518959","targetHints":{"allow":["GET"]}}],"collection":[{"href":"https:\/\/www.europesays.com\/fr\/wp-json\/wp\/v2\/posts"}],"about":[{"href":"https:\/\/www.europesays.com\/fr\/wp-json\/wp\/v2\/types\/post"}],"author":[{"embeddable":true,"href":"https:\/\/www.europesays.com\/fr\/wp-json\/wp\/v2\/users\/2"}],"replies":[{"embeddable":true,"href":"https:\/\/www.europesays.com\/fr\/wp-json\/wp\/v2\/comments?post=518959"}],"version-history":[{"count":0,"href":"https:\/\/www.europesays.com\/fr\/wp-json\/wp\/v2\/posts\/518959\/revisions"}],"wp:featuredmedia":[{"embeddable":true,"href":"https:\/\/www.europesays.com\/fr\/wp-json\/wp\/v2\/media\/518960"}],"wp:attachment":[{"href":"https:\/\/www.europesays.com\/fr\/wp-json\/wp\/v2\/media?parent=518959"}],"wp:term":[{"taxonomy":"category","embeddable":true,"href":"https:\/\/www.europesays.com\/fr\/wp-json\/wp\/v2\/categories?post=518959"},{"taxonomy":"post_tag","embeddable":true,"href":"https:\/\/www.europesays.com\/fr\/wp-json\/wp\/v2\/tags?post=518959"}],"curies":[{"name":"wp","href":"https:\/\/api.w.org\/{rel}","templated":true}]}}