{"id":518961,"date":"2025-11-07T19:54:23","date_gmt":"2025-11-07T19:54:23","guid":{"rendered":"https:\/\/www.europesays.com\/fr\/518961\/"},"modified":"2025-11-07T19:54:23","modified_gmt":"2025-11-07T19:54:23","slug":"metropole-de-lyon-pourquoi-deux-services-sont-en-greve-a-lhopital-lyon-sud-a-partir-de-minuit","status":"publish","type":"post","link":"https:\/\/www.europesays.com\/fr\/518961\/","title":{"rendered":"M\u00e9tropole de Lyon. Pourquoi deux services sont en gr\u00e8ve \u00e0 l\u2019h\u00f4pital Lyon Sud \u00e0 partir de minuit"},"content":{"rendered":"<p>La gr\u00e8ve a \u00e9t\u00e9 prononc\u00e9e dans les unit\u00e9s 31 et 33 des services de chirurgie orthop\u00e9die\/maxillo-facial\/traumatologie. Elle d\u00e9marre ce vendredi \u00e0 minuit. L\u2019intersyndicale CGT\/FO, charg\u00e9e des n\u00e9gociations \u00e0 la demande des infirmiers et aide soignants de jour et de nuit, n\u2019a pas obtenu satisfaction aupr\u00e8s de la direction qui les a re\u00e7us un peu plus t\u00f4t.<\/p>\n<p>  Ce qu\u2019ils demandent<\/p>\n<p>Leurs revendications portent principalement sur l\u2019am\u00e9lioration des conditions de soins, de travail, l\u2019augmentation des\u00a0effectifs\u00a0: \u00ab\u00a0Nous demandons deux kin\u00e9s \u00e0 l\u2019unit\u00e9 U33 la journ\u00e9e et un \u00e0 l\u2019unit\u00e9 U31 pour 18 lits ouverts et deux pour 23 lits ouverts. En cas de sous-effectif, nous demandons la r\u00e9gulation imm\u00e9diate du nombre de patients dans les deux services. Lors des p\u00e9riodes scolaires, nous r\u00e9clamons la fermeture d\u2019un des deux services pour une bonne prise en charge des patients et l\u2019am\u00e9lioration des conditions de travail des agents\u00a0\u00bb, appuie un c\u00e9g\u00e9tiste.<\/p>\n<p>  \u00ab\u00a0On est d\u00e9\u00e7us\u00a0\u00bb<\/p>\n<p>\u00ab\u00a0Les agents sont d\u00e9\u00e7us par cette absence de dialogue. Les conditions de soins sont d\u00e9l\u00e9t\u00e8res. La s\u00e9curit\u00e9 des patients n\u2019est plus assur\u00e9e. On le regrette d\u2019autant plus que nous sommes la r\u00e9f\u00e9rence dans la prise en charge des patients h\u00e9mophiles et trach\u00e9otomis\u00e9s. La direction nous dit\u00a0qu\u2019elle ne peut pas r\u00e9pondre sur les effectifs\u00a0pour des raisons \u00e9conomiques alors qu\u2019elle avait promis de mettre en place une infirmi\u00e8re de journ\u00e9e(1) \u00bb<\/p>\n<p>Les agents seront donc en gr\u00e8ve et pr\u00e9voient d\u2019autres actions en parall\u00e8le pour se faire entendre : banderoles ou encore distribution de tracts aux patients et \u00e0 la population.<\/p>\n<p class=\"note\">(1) Le Progr\u00e8s a sollicit\u00e9 la direction qui n\u2019a r\u00e9pondu \u00e0 l\u2019heure o\u00f9 nous publions cette \u00e9dition.<\/p>\n","protected":false},"excerpt":{"rendered":"La gr\u00e8ve a \u00e9t\u00e9 prononc\u00e9e dans les unit\u00e9s 31 et 33 des services de chirurgie orthop\u00e9die\/maxillo-facial\/traumatologie. Elle d\u00e9marre&hellip;\n","protected":false},"author":2,"featured_media":518962,"comment_status":"","ping_status":"","sticky":false,"template":"","format":"standard","meta":{"footnotes":""},"categories":[1889],"tags":[1111,11,2430,3152,2757,3153,3154,1777,674,1011,27,2428,12,25,2429,5151,5152,71],"class_list":{"0":"post-518961","1":"post","2":"type-post","3":"status-publish","4":"format-standard","5":"has-post-thumbnail","7":"category-lyon","8":"tag-actu","9":"tag-actualites","10":"tag-auvergne-rhone-alpes","11":"tag-edition-est-lyonnais","12":"tag-edition-lyon-villeurbanne","13":"tag-edition-ouest-lyonnais","14":"tag-edition-sud-lyonnais","15":"tag-eu","16":"tag-europe","17":"tag-fr","18":"tag-france","19":"tag-lyon","20":"tag-news","21":"tag-republique-francaise","22":"tag-rhone","23":"tag-saint-genis-laval","24":"tag-saint-genis-laval-ville","25":"tag-sante"},"share_on_mastodon":{"url":"https:\/\/pubeurope.com\/@fr\/115510172883165060","error":""},"_links":{"self":[{"href":"https:\/\/www.europesays.com\/fr\/wp-json\/wp\/v2\/posts\/518961","targetHints":{"allow":["GET"]}}],"collection":[{"href":"https:\/\/www.europesays.com\/fr\/wp-json\/wp\/v2\/posts"}],"about":[{"href":"https:\/\/www.europesays.com\/fr\/wp-json\/wp\/v2\/types\/post"}],"author":[{"embeddable":true,"href":"https:\/\/www.europesays.com\/fr\/wp-json\/wp\/v2\/users\/2"}],"replies":[{"embeddable":true,"href":"https:\/\/www.europesays.com\/fr\/wp-json\/wp\/v2\/comments?post=518961"}],"version-history":[{"count":0,"href":"https:\/\/www.europesays.com\/fr\/wp-json\/wp\/v2\/posts\/518961\/revisions"}],"wp:featuredmedia":[{"embeddable":true,"href":"https:\/\/www.europesays.com\/fr\/wp-json\/wp\/v2\/media\/518962"}],"wp:attachment":[{"href":"https:\/\/www.europesays.com\/fr\/wp-json\/wp\/v2\/media?parent=518961"}],"wp:term":[{"taxonomy":"category","embeddable":true,"href":"https:\/\/www.europesays.com\/fr\/wp-json\/wp\/v2\/categories?post=518961"},{"taxonomy":"post_tag","embeddable":true,"href":"https:\/\/www.europesays.com\/fr\/wp-json\/wp\/v2\/tags?post=518961"}],"curies":[{"name":"wp","href":"https:\/\/api.w.org\/{rel}","templated":true}]}}