{"id":518967,"date":"2025-11-07T19:58:23","date_gmt":"2025-11-07T19:58:23","guid":{"rendered":"https:\/\/www.europesays.com\/fr\/518967\/"},"modified":"2025-11-07T19:58:23","modified_gmt":"2025-11-07T19:58:23","slug":"philharmonie-de-paris-ce-que-lon-sait-des-militants-qui-ont-perturbe-le-concert-israelien","status":"publish","type":"post","link":"https:\/\/www.europesays.com\/fr\/518967\/","title":{"rendered":"Philharmonie de Paris : ce que l\u2019on sait des militants qui ont perturb\u00e9 le concert isra\u00e9lien"},"content":{"rendered":"<p><img alt=\"Cette capture d\u2019\u00e9cran extraite d\u2019une vid\u00e9o montre des incidents survenus dans la salle Pierre-Boulez de la Philharmonie de Paris, le 6 novembre 2025 \u00e0 Paris.\" loading=\"lazy\" width=\"960\" height=\"540\" decoding=\"async\" data-nimg=\"1\" class=\"rounded-lg\" style=\"color:transparent\" src=\"https:\/\/www.europesays.com\/fr\/wp-content\/uploads\/2025\/11\/7c88e10222bcf77fdb45f4e6a7fca51c.jpeg\"\/><\/p>\n<p>JEAN-MICHEL TRANSON \/ AFP Cette capture d\u2019\u00e9cran extraite d\u2019une vid\u00e9o montre des incidents survenus dans la salle Pierre-Boulez de la Philharmonie de Paris, le 6 novembre 2025 \u00e0 Paris.<\/p>\n<p class=\"mb-4 text-lg md:leading-8 break-words\">PARIS &#8211; Fumig\u00e8nes dans les gradins, heurts, interruptions du concert&#8230; Les incidents qui ont \u00e9maill\u00e9 <a data-i13n=\"cpos:1;pos:1\" href=\"https:\/\/fr.news.yahoo.com\/concert-chef-d-orchestre-isra%C3%A9lien-083214261.html\" data-ylk=\"slk:jeudi soir un concert de l\u2019Orchestre philharmonique d\u2019Isra\u00ebl \u00e0 Paris;cpos:1;pos:1;elm:context_link;itc:0;sec:content-canvas;outcm:mb_qualified_link;_E:mb_qualified_link;ct:story;\" class=\"link  yahoo-link\" target=\"_blank\" rel=\"noopener\">jeudi soir un concert de l\u2019Orchestre philharmonique d\u2019Isra\u00ebl \u00e0 Paris<\/a> suscitent une vague de condamnations dans la classe politique, \u00e0 l\u2019exception de LFI.<\/p>\n<p class=\"mb-4 text-lg md:leading-8 break-words\">Trois hommes et une femme ont \u00e9t\u00e9 plac\u00e9s en garde \u00e0 vue, selon la justice. Parmi ces quatre personnes, trois d\u2019entre elles sont poursuivies pour \u00ab participation \u00e0 un groupement en vue de commettre des violences ou d\u00e9gradations \u00bb, un d\u00e9lit passible d\u2019un an d\u2019emprisonnement et 15 000 euros d\u2019amende. La quatri\u00e8me personne a \u00e9t\u00e9 plac\u00e9e en garde \u00e0 vue pour \u00ab organisation d\u2019une manifestation non d\u00e9clar\u00e9e \u00bb. Ce d\u00e9lit fait encourir 6 mois de prison et 7 500 euros d\u2019amende.<\/p>\n<p class=\"mb-4 text-lg md:leading-8 break-words\"><a data-i13n=\"cpos:2;pos:1\" href=\"https:\/\/fr.news.yahoo.com\/%C3%A0-l-ouverture-shein-clients-180914537.html\" data-ylk=\"slk:\u00c0 l\u2019ouverture de Shein, des clients venus \u00ab faire fumer la carte bleue \u00bb malgr\u00e9 les pol\u00e9miques;cpos:2;pos:1;elm:context_link;itc:0;sec:content-canvas;outcm:mb_qualified_link;_E:mb_qualified_link;ct:story;\" class=\"link  yahoo-link\" target=\"_blank\" rel=\"noopener\"> \u00c0 l\u2019ouverture de Shein, des clients venus \u00ab faire fumer la carte bleue \u00bb malgr\u00e9 les pol\u00e9miques <\/a><\/p>\n<p class=\"mb-4 text-lg md:leading-8 break-words\">Parmi les interpell\u00e9s, un individu d\u2019une vingtaine d\u2019ann\u00e9es et de nationalit\u00e9 fran\u00e7aise est fich\u00e9 S pour ses liens avec la \u00ab mouvance contestataire \u00bb, selon une source proche du dossier \u00e0 l\u2019AFP. Lors de son arrestation, celui-ci \u00e9tait en possession de boules puantes, d\u2019encre rouge et d\u2019une alarme, <a data-i13n=\"cpos:3;pos:1\" href=\"https:\/\/www.leparisien.fr\/faits-divers\/concert-israelien-perturbe-a-la-philharmonie-trois-femmes-boules-puantes-qui-sont-les-quatre-personnes-arretees-07-11-2025-AKKAW7Z6INAYBAKMAPN3F3TMF4.php\" rel=\"nofollow noopener\" target=\"_blank\" data-ylk=\"slk:indique Le Parisien;cpos:3;pos:1;elm:context_link;itc:0;sec:content-canvas\" class=\"link \">indique Le Parisien<\/a> ce vendredi 7 novembre.<\/p>\n<p>La Cit\u00e9 de la musique-Philharmonie a port\u00e9 plainte<\/p>\n<p class=\"mb-4 text-lg md:leading-8 break-words\">Un deuxi\u00e8me homme, qui a notamment allum\u00e9 un fumig\u00e8ne dans la salle, est n\u00e9 le 25 ao\u00fbt 1994. Il est \u00e9galement de nationalit\u00e9 fran\u00e7aise, pr\u00e9cise Le Parisien.<\/p>\n<p class=\"mb-4 text-lg md:leading-8 break-words\">Le ministre de l\u2019Int\u00e9rieur <a data-i13n=\"cpos:4;pos:1\" href=\"https:\/\/fr.news.yahoo.com\/sainte-soline-laurent-nunez-refuse-103633442.html\" data-ylk=\"slk:Laurent Nunez;cpos:4;pos:1;elm:context_link;itc:0;sec:content-canvas;outcm:mb_qualified_link;_E:mb_qualified_link;ct:story;\" class=\"link  yahoo-link\" target=\"_blank\" rel=\"noopener\">Laurent Nunez<\/a> a indiqu\u00e9 que la soir\u00e9e avait \u00e9t\u00e9 \u00ab perturb\u00e9e par des militants (&#8230;) pro-palestiniens \u00bb, dont deux \u00ab ont craqu\u00e9 des fumig\u00e8nes \u00bb, ce qui est \u00ab totalement irresponsable \u00bb. \u00ab Il n\u2019y a aucune cause qui justifie qu\u2019on mette en danger la vie des spectateurs \u00bb, a-t-il ajout\u00e9 lors d\u2019un d\u00e9placement \u00e0 Bourges, en pr\u00e9cisant qu\u2019un dispositif policier \u00ab assez cons\u00e9quent \u00bb avait \u00e9t\u00e9 d\u00e9ploy\u00e9 avant le concert \u00e0 l\u2019ext\u00e9rieur et \u00e0 l\u2019int\u00e9rieur de la salle.<\/p>\n<p class=\"mb-4 text-lg md:leading-8 break-words\">La Cit\u00e9 de la musique-Philharmonie de <a data-i13n=\"cpos:5;pos:1\" href=\"https:\/\/fr.news.yahoo.com\/tirage-au-sort-paris-permettra-203337668.html\" data-ylk=\"slk:Paris;cpos:5;pos:1;elm:context_link;itc:0;sec:content-canvas;outcm:mb_qualified_link;_E:mb_qualified_link;ct:story;\" class=\"link  yahoo-link\" target=\"_blank\" rel=\"noopener\">Paris<\/a> a indiqu\u00e9 avoir port\u00e9 plainte et a condamn\u00e9 \u00ab fermement les graves incidents \u00bb survenus dans la grande salle de concert Pierre-Boulez.<\/p>\n<p class=\"mb-4 text-lg md:leading-8 break-words\">Des vid\u00e9os en ligne montrent une personne qui brandit un fumig\u00e8ne depuis les gradins. D\u2019autres personnes tentent de l\u2019intercepter et des violences \u00e9clatent.<\/p>\n<p class=\"mb-4 text-lg md:leading-8 break-words\">\u00ab \u00c0 trois reprises, des spectateurs ont tent\u00e9 de diverses mani\u00e8res d\u2019interrompre le concert, dont deux fois avec l\u2019usage de fumig\u00e8nes \u00bb, a pr\u00e9cis\u00e9 la Philharmonie.<\/p>\n<p class=\"mb-4 text-lg md:leading-8 break-words\">Les agitateurs \u00e9vacu\u00e9s, le concert s\u2019est \u00ab achev\u00e9 dans le calme \u00bb sous la direction du chef d\u2019orchestre Lahav Shani, selon la Philharmonie.<\/p>\n<p class=\"mb-4 text-lg md:leading-8 break-words\"><a data-i13n=\"cpos:6;pos:1\" href=\"https:\/\/fr.news.yahoo.com\/centre-pompidou-dynamit%C3%A9-feu-d-200401992.html\" data-ylk=\"slk:Le Centre Pompidou dynamit\u00e9 dans un feu d\u2019artifice impressionnant pour c\u00e9l\u00e9brer sa fermeture;cpos:6;pos:1;elm:context_link;itc:0;sec:content-canvas;outcm:mb_qualified_link;_E:mb_qualified_link;ct:story;\" class=\"link  yahoo-link\" target=\"_blank\" rel=\"noopener\"> Le Centre Pompidou dynamit\u00e9 dans un feu d\u2019artifice impressionnant pour c\u00e9l\u00e9brer sa fermeture <\/a><\/p>\n<p class=\"mb-4 text-lg md:leading-8 break-words\"><a data-i13n=\"cpos:7;pos:1\" href=\"https:\/\/fr.news.yahoo.com\/uvres-centre-pompidou-ne-vont-150059365.html\" data-ylk=\"slk:Les \u0153uvres du Centre Pompidou ne vont pas dispara\u00eetre apr\u00e8s la fermeture, voici o\u00f9 les voir pendant les travaux;cpos:7;pos:1;elm:context_link;itc:0;sec:content-canvas;outcm:mb_qualified_link;_E:mb_qualified_link;ct:story;\" class=\"link  yahoo-link\" target=\"_blank\" rel=\"noopener\"> Les \u0153uvres du Centre Pompidou ne vont pas dispara\u00eetre apr\u00e8s la fermeture, voici o\u00f9 les voir pendant les travaux <\/a><\/p>\n","protected":false},"excerpt":{"rendered":"JEAN-MICHEL TRANSON \/ AFP Cette capture d\u2019\u00e9cran extraite d\u2019une vid\u00e9o montre des incidents survenus dans la salle Pierre-Boulez&hellip;\n","protected":false},"author":2,"featured_media":518968,"comment_status":"","ping_status":"","sticky":false,"template":"","format":"standard","meta":{"footnotes":""},"categories":[1888],"tags":[1111,1928,11,1927,1777,674,1011,27,23092,11683,12,1926,626,1925,25,32862],"class_list":{"0":"post-518967","1":"post","2":"type-post","3":"status-publish","4":"format-standard","5":"has-post-thumbnail","7":"category-paris","8":"tag-actu","9":"tag-actu-paris","10":"tag-actualites","11":"tag-actualites-paris","12":"tag-eu","13":"tag-europe","14":"tag-fr","15":"tag-france","16":"tag-la-philharmonie-de-paris","17":"tag-nationalite-francaise","18":"tag-news","19":"tag-news-paris","20":"tag-paris","21":"tag-paris-news","22":"tag-republique-francaise","23":"tag-salle-de-concert"},"share_on_mastodon":{"url":"https:\/\/pubeurope.com\/@fr\/115510189653383830","error":""},"_links":{"self":[{"href":"https:\/\/www.europesays.com\/fr\/wp-json\/wp\/v2\/posts\/518967","targetHints":{"allow":["GET"]}}],"collection":[{"href":"https:\/\/www.europesays.com\/fr\/wp-json\/wp\/v2\/posts"}],"about":[{"href":"https:\/\/www.europesays.com\/fr\/wp-json\/wp\/v2\/types\/post"}],"author":[{"embeddable":true,"href":"https:\/\/www.europesays.com\/fr\/wp-json\/wp\/v2\/users\/2"}],"replies":[{"embeddable":true,"href":"https:\/\/www.europesays.com\/fr\/wp-json\/wp\/v2\/comments?post=518967"}],"version-history":[{"count":0,"href":"https:\/\/www.europesays.com\/fr\/wp-json\/wp\/v2\/posts\/518967\/revisions"}],"wp:featuredmedia":[{"embeddable":true,"href":"https:\/\/www.europesays.com\/fr\/wp-json\/wp\/v2\/media\/518968"}],"wp:attachment":[{"href":"https:\/\/www.europesays.com\/fr\/wp-json\/wp\/v2\/media?parent=518967"}],"wp:term":[{"taxonomy":"category","embeddable":true,"href":"https:\/\/www.europesays.com\/fr\/wp-json\/wp\/v2\/categories?post=518967"},{"taxonomy":"post_tag","embeddable":true,"href":"https:\/\/www.europesays.com\/fr\/wp-json\/wp\/v2\/tags?post=518967"}],"curies":[{"name":"wp","href":"https:\/\/api.w.org\/{rel}","templated":true}]}}