{"id":518969,"date":"2025-11-07T19:59:18","date_gmt":"2025-11-07T19:59:18","guid":{"rendered":"https:\/\/www.europesays.com\/fr\/518969\/"},"modified":"2025-11-07T19:59:18","modified_gmt":"2025-11-07T19:59:18","slug":"quinte-du-samedi-8-novembre-2025-a-vincennes-les-pronostics","status":"publish","type":"post","link":"https:\/\/www.europesays.com\/fr\/518969\/","title":{"rendered":"Quint\u00e9 du samedi 8 novembre 2025 \u00e0 Vincennes : les pronostics"},"content":{"rendered":"<p class=\"article-p mdl\">Retrouvez les pronostics de Dominique Cordier pour le Quint\u00e9 du samedi 8 novembre 2025 \u00e0 Vincennes, le Prix d\u2019Argentan. <strong>D\u00e9part \u00e0 15h15. 13 partants. <\/strong>Trot attel\u00e9. 2.700 m\u00e8tres. Grande piste. Trotteurs de 6 \u00e0 8 ans.&#13;<\/p>\n<p class=\"article-p mdl\">C\u2019est un quint\u00e9 \u00e0 12 en fait, le 1 n\u2019ayant pas de chance.&#13;<\/p>\n<p class=\"article-p mdl\">Nous y ferons deux impasses, qui concernent le <strong>7 Had\u00e8s de l\u2019Iton<\/strong>, ph\u00e9nom\u00e8ne \u00e0 main droite, mais trotteur standard sur les parcours corde \u00e0 gauche, et le <strong>10 Illusion Jipad<\/strong>, certes associ\u00e9e \u00e0 Jean-Michel Bazire, mais qui n\u2019a qu\u2019une course de rentr\u00e9e dans les jambes et qui peut de facto manquer.&#13;<\/p>\n<p class=\"article-p mdl\">Confiance aux deux trotteurs pr\u00e9sent\u00e9s par Cyril Raimbaud, le<strong> 4 Iguane du Caponet<\/strong>, cinq fois vainqueurs lors de ses six derni\u00e8res sorties, et le <strong>12 Ilaya<\/strong>, capable de s\u2019imposer \u00e9galement \u00e0 nos yeux.&#13;<\/p>\n<p class=\"article-p mdl\">L\u2019outsider de RTL, le<strong> 6 Habit de Soir\u00e9e<\/strong>, est l\u2019un des quatre \u00ab doyens \u00bb du lot, mais a des titres \u00e0 faire valoir. La drive d\u2019Eric Raffin lui vaudra \u00e9videmment des supporters, et ce ne sera que justice.&#13;<\/p>\n<p class=\"article-p mdl\">Le <strong>11 Indy Park <\/strong>est bien engag\u00e9, tout comme le <strong>13 Indigo de Fontaine<\/strong>, qui n\u2019a rien fait de bon cette ann\u00e9e, mais qui peut se r\u00e9veiller \u00e0 tout moment, et sans pr\u00e9venir\u2026<\/p>\n<p>            Les pronostics<\/p>\n<p class=\"article-p mdl\">4. Iguane du Caponet&#13;<br \/>12. Ilaya&#13;<br \/>6. Habit de Soir\u00e9e&#13;<br \/>3. Himberland&#13;<br \/>2. Jappeloup Turgot&#13;<br \/>11. Indy Park&#13;<br \/>13. Indigo de Fontaine<\/p>\n<p>            L&rsquo;outsider de RTL<\/p>\n<p class=\"article-p mdl\">6. Habit de Soir\u00e9e<\/p>\n<p>    R\u00e9sultats du jeudi 6 novembre 2025 \u00e0 Vincennes<\/p>\n<p class=\"article-p mdl\">Le favori de RTL termine 2e, l\u2019outsider de RTL 4e. La s\u00e9lection indique le Quart\u00e9.<\/p>\n<p>    La r\u00e9daction vous recommande<\/p>\n<p class=\"s-newsletter__title\">\n                L\u2019actualit\u00e9 par la r\u00e9daction de RTL dans votre bo\u00eete mail.\n            <\/p>\n<p class=\"s-newsletter__subtitle\">\n                Gr\u00e2ce \u00e0 votre compte RTL abonnez-vous \u00e0 la newsletter RTL info pour suivre toute l&rsquo;actualit\u00e9 au quotidien\n            <\/p>\n<p>\n                                    Lire la suite\n                                <\/p>\n","protected":false},"excerpt":{"rendered":"Retrouvez les pronostics de Dominique Cordier pour le Quint\u00e9 du samedi 8 novembre 2025 \u00e0 Vincennes, le Prix&hellip;\n","protected":false},"author":2,"featured_media":3836,"comment_status":"","ping_status":"","sticky":false,"template":"","format":"standard","meta":{"footnotes":""},"categories":[1888],"tags":[11,2621,2622,1777,674,107,2619,1011,27,12,626,2623,362,25],"class_list":{"0":"post-518969","1":"post","2":"type-post","3":"status-publish","4":"format-standard","5":"has-post-thumbnail","7":"category-paris","8":"tag-actualites","9":"tag-chevaux","10":"tag-courses","11":"tag-eu","12":"tag-europe","13":"tag-fil-info","14":"tag-fil-sport","15":"tag-fr","16":"tag-france","17":"tag-news","18":"tag-paris","19":"tag-quinte","20":"tag-replay","21":"tag-republique-francaise"},"share_on_mastodon":{"url":"https:\/\/pubeurope.com\/@fr\/115510192653083841","error":""},"_links":{"self":[{"href":"https:\/\/www.europesays.com\/fr\/wp-json\/wp\/v2\/posts\/518969","targetHints":{"allow":["GET"]}}],"collection":[{"href":"https:\/\/www.europesays.com\/fr\/wp-json\/wp\/v2\/posts"}],"about":[{"href":"https:\/\/www.europesays.com\/fr\/wp-json\/wp\/v2\/types\/post"}],"author":[{"embeddable":true,"href":"https:\/\/www.europesays.com\/fr\/wp-json\/wp\/v2\/users\/2"}],"replies":[{"embeddable":true,"href":"https:\/\/www.europesays.com\/fr\/wp-json\/wp\/v2\/comments?post=518969"}],"version-history":[{"count":0,"href":"https:\/\/www.europesays.com\/fr\/wp-json\/wp\/v2\/posts\/518969\/revisions"}],"wp:featuredmedia":[{"embeddable":true,"href":"https:\/\/www.europesays.com\/fr\/wp-json\/wp\/v2\/media\/3836"}],"wp:attachment":[{"href":"https:\/\/www.europesays.com\/fr\/wp-json\/wp\/v2\/media?parent=518969"}],"wp:term":[{"taxonomy":"category","embeddable":true,"href":"https:\/\/www.europesays.com\/fr\/wp-json\/wp\/v2\/categories?post=518969"},{"taxonomy":"post_tag","embeddable":true,"href":"https:\/\/www.europesays.com\/fr\/wp-json\/wp\/v2\/tags?post=518969"}],"curies":[{"name":"wp","href":"https:\/\/api.w.org\/{rel}","templated":true}]}}